{"id":414801,"date":"2022-10-28T09:48:49","date_gmt":"2022-10-28T09:48:49","guid":{"rendered":"https:\/\/dimensionturistica.com\/es\/?p=414801"},"modified":"2022-10-28T09:48:49","modified_gmt":"2022-10-28T09:48:49","slug":"la-expareja-de-juana-canal-desaparecida-hace-19-anos-confiesa-que-la-enterro-en-la-finca-de-avila","status":"publish","type":"post","link":"https:\/\/dimensionturistica.com\/es\/la-expareja-de-juana-canal-desaparecida-hace-19-anos-confiesa-que-la-enterro-en-la-finca-de-avila\/","title":{"rendered":"La expareja de Juana Canal, desaparecida hace 19 a\u00f1os, confiesa que la enterr\u00f3 en la finca de \u00c1vila"},"content":{"rendered":"<p> <br \/>\n<\/p>\n<div>\n<p>                            <span class=\"readtime\" data-numwords=\"493\"><br \/>\n                                <span class=\"icon-rtve crono\" role=\"contentinfo\" aria-label=\"Tiempo de lectura:\"\/><br \/>\n                                <strong\/><br \/>\n                            <\/span><\/p>\n<p>Jes\u00fas P.H., el hombre detenido por la desaparici\u00f3n de su expareja, Juana Canal, en Madrid en febrero de 2003<strong>\u00a0ha confesado este jueves que la\u00a0descuartiz\u00f3 en Madrid<\/strong>\u00a0y\u00a0<strong>ocult\u00f3 sus restos en la finca\u00a0de \u00c1vila.<\/strong><\/p>\n<p>Fuentes policiales han confirmado a RTVE que el detenido ha se\u00f1alado a los investigadores el punto donde ocult\u00f3 los restos y que, aunque en un principio dijo a los agentes que hab\u00eda cometido el crimen,\u00a0<strong>tras\u00a0llegar su abogado ha rectificado su declaraci\u00f3n<\/strong>\u00a0y ha alegado que solo la descuartiz\u00f3 y la enterr\u00f3.<\/p>\n<p>El hombre ha declarado ante los agentes en la Comandancia de la Guardia Civil de \u00c1vila, desde donde va a ser trasladado a la zona de la localidad de Navalacruz donde aparecieron varios restos \u00f3seos de la mujer.\u00a0<\/p>\n<p>En concreto, va a participar en la\u00a0<strong>inspecci\u00f3n de dos puntos donde se hallaron enterrados varios huesos de Juana Canal,<\/strong>\u00a0ya que los investigadores creen que pudo ocultarlos en dos agujeros de una zona que no forma parte de la finca de la familia del hombre, ubicada en Navarredondilla, en el l\u00edmite con Navalacruz.<\/p>\n<p>Fue en el a\u00f1o 2019 cuando un senderista descubri\u00f3 un f\u00e9mur y el cr\u00e1neo de la desaparecida, como as\u00ed constataron las pruebas de ADN meses despu\u00e9s.<\/p>\n<p>Hace poco m\u00e1s de una semana, en la misma zona rural, un operativo conjunto de la Unidad de Delincuencia Especializada y Violenta (UDEV) de la Polic\u00eda Nacional y la Guardia Civil de \u00c1vila hall\u00f3 nuevos restos \u00f3seos que tambi\u00e9n pertenecer\u00edan a Juana Canal, concretamente otro f\u00e9mur, la cadera, una costilla y parte de la columna vertebral.<\/p>\n<div class=\"section\">\n<h3><span class=\"ladillo\">Confesi\u00f3n tras 24 horas detenido<\/span><\/h3>\n<p>El presunto autor del posible crimen machista fue detenido este mi\u00e9rcoles en las afueras de Madrid\u00a0despu\u00e9s de que la Polic\u00eda\u00a0<strong>descubriese una conversaci\u00f3n telef\u00f3nica<\/strong>\u00a0con otra persona en la que deslizaba que no cre\u00eda que los agentes le descubriesen.<\/p>\n<p>El pinchazo del tel\u00e9fono de J.P.R. fue autorizado hace semanas por el juzgado de Instrucci\u00f3n n\u00famero 3 de \u00c1vila, que de la misma forma impuls\u00f3 la inspecci\u00f3n de la Polic\u00eda Cient\u00edfica y Judicial a finales de septiembre en la casa donde viv\u00eda Juana, en la calle Boldano del barrio madrile\u00f1o de Pueblo Nuevo.<\/p>\n<p>J.P.R. fue trasladado este mismo mi\u00e9rcoles a la Comandancia de la Guardia Civil de \u00c1vila, donde por la tarde\u00a0<strong>ya particip\u00f3 en la inspecci\u00f3n<\/strong>\u00a0de las inmediaciones de la finca acquainted en la que se centra la investigaci\u00f3n.<\/p>\n<p>Una vez que finalicen estas diligencias, tambi\u00e9n autorizadas por el juzgado que lleva el caso, se prev\u00e9 que el detenido pase a disposici\u00f3n judicial este viernes.<\/p>\n<p>En el momento de su desaparici\u00f3n,<strong>\u00a0Juana Canal ten\u00eda 38 a\u00f1os, dos hijos y estaba divorciada<\/strong>, aunque ten\u00eda una nueva pareja, el ahora arrestado. El 22 de febrero de 2003, el d\u00eda de su desaparici\u00f3n, uno de sus hijos encontr\u00f3 en el piso acquainted una carta en la que J.P.R. le dec\u00eda que ella se hab\u00eda marchado despu\u00e9s de una &#8220;discusi\u00f3n&#8221; y de haber ingerido muchas &#8220;pastillas&#8221;.<\/p>\n<\/div><\/div>\n\n<p><em> &#8221; Fuentes news.google.com &#8221; <\/em><\/p>\n","protected":false},"excerpt":{"rendered":"<p>Jes\u00fas P.H., el hombre detenido por la desaparici\u00f3n de su expareja, Juana Canal, en Madrid en febrero de 2003\u00a0ha confesado este jueves que la\u00a0descuartiz\u00f3 en Madrid\u00a0y\u00a0ocult\u00f3 sus restos en la finca\u00a0de \u00c1vila. Fuentes policiales han confirmado a RTVE que el detenido ha se\u00f1alado a los investigadores el punto donde ocult\u00f3 los restos y que, aunque [&hellip;]<\/p>\n","protected":false},"author":4,"featured_media":414802,"comment_status":"open","ping_status":"closed","sticky":false,"template":"","format":"standard","meta":{"om_disable_all_campaigns":false,"jnews-multi-image_gallery":[],"jnews_single_post":[],"jnews_primary_category":[],"jnews_social_meta":[],"footnotes":""},"categories":[40],"tags":[770],"class_list":["post-414801","post","type-post","status-publish","format-standard","has-post-thumbnail","hentry","category-industria","tag-espana"],"_links":{"self":[{"href":"https:\/\/dimensionturistica.com\/es\/wp-json\/wp\/v2\/posts\/414801","targetHints":{"allow":["GET"]}}],"collection":[{"href":"https:\/\/dimensionturistica.com\/es\/wp-json\/wp\/v2\/posts"}],"about":[{"href":"https:\/\/dimensionturistica.com\/es\/wp-json\/wp\/v2\/types\/post"}],"author":[{"embeddable":true,"href":"https:\/\/dimensionturistica.com\/es\/wp-json\/wp\/v2\/users\/4"}],"replies":[{"embeddable":true,"href":"https:\/\/dimensionturistica.com\/es\/wp-json\/wp\/v2\/comments?post=414801"}],"version-history":[{"count":0,"href":"https:\/\/dimensionturistica.com\/es\/wp-json\/wp\/v2\/posts\/414801\/revisions"}],"wp:featuredmedia":[{"embeddable":true,"href":"https:\/\/dimensionturistica.com\/es\/wp-json\/wp\/v2\/media\/414802"}],"wp:attachment":[{"href":"https:\/\/dimensionturistica.com\/es\/wp-json\/wp\/v2\/media?parent=414801"}],"wp:term":[{"taxonomy":"category","embeddable":true,"href":"https:\/\/dimensionturistica.com\/es\/wp-json\/wp\/v2\/categories?post=414801"},{"taxonomy":"post_tag","embeddable":true,"href":"https:\/\/dimensionturistica.com\/es\/wp-json\/wp\/v2\/tags?post=414801"}],"curies":[{"name":"wp","href":"https:\/\/api.w.org\/{rel}","templated":true}]}}