{"id":414384,"date":"2022-10-27T19:55:41","date_gmt":"2022-10-27T19:55:41","guid":{"rendered":"https:\/\/dimensionturistica.com\/es\/?p=414384"},"modified":"2022-10-27T19:55:41","modified_gmt":"2022-10-27T19:55:41","slug":"proyecto-taxco-juliantla-atractivo-ancla-que-impulsara-el-turismo-religioso-y-cultural-en-guerrero","status":"publish","type":"post","link":"https:\/\/dimensionturistica.com\/es\/proyecto-taxco-juliantla-atractivo-ancla-que-impulsara-el-turismo-religioso-y-cultural-en-guerrero\/","title":{"rendered":"Proyecto Taxco-Juliantla, atractivo ancla que impulsar\u00e1 el turismo religioso y cultural en Guerrero"},"content":{"rendered":"<p>El secretario de Turismo del Gobierno de M\u00e9xico, Miguel Torruco Marqu\u00e9s, particip\u00f3 en la presentaci\u00f3n<img decoding=\"async\" class=\"size-medium wp-image-414467 alignright\" src=\"https:\/\/dimensionturistica.com\/es\/wp-content\/uploads\/2022\/10\/Proyecto-Taxco-Juliantla-1-300x200.jpg\" alt=\"\" width=\"300\" height=\"200\" srcset=\"https:\/\/dimensionturistica.com\/es\/wp-content\/uploads\/2022\/10\/Proyecto-Taxco-Juliantla-1-300x200.jpg 300w, https:\/\/dimensionturistica.com\/es\/wp-content\/uploads\/2022\/10\/Proyecto-Taxco-Juliantla-1-768x512.jpg 768w, https:\/\/dimensionturistica.com\/es\/wp-content\/uploads\/2022\/10\/Proyecto-Taxco-Juliantla-1-750x500.jpg 750w, https:\/\/dimensionturistica.com\/es\/wp-content\/uploads\/2022\/10\/Proyecto-Taxco-Juliantla-1.jpg 1024w\" sizes=\"(max-width: 300px) 100vw, 300px\" \/> del Proyecto Taxco-Juliantla, que en colaboraci\u00f3n con la Fundaci\u00f3n Hispanojud\u00eda, y autoridades municipales y del estado de Guerrero, ser\u00e1 el nuevo atractivo ancla que impulse la actividad tur\u00edstica en esta entidad, especialmente en el segmento religioso, cultural e hist\u00f3rico.<br \/>\nAcompa\u00f1ado de distinguidos miembros de la comunidad jud\u00eda en M\u00e9xico del embajador de Israel en M\u00e9xico, Excmo. Zvi Tal; del secretario de Turismo de Guerrero, Santos Ram\u00edrez Cuevas; y del alcalde de Taxco de Alarc\u00f3n, Mario Figueroa Mundo; el titular de la Secretar\u00eda de Turismo (Sectur) destac\u00f3 que Taxco y sus localidades aleda\u00f1as, entre las que se encuentra Juliantla, son rincones donde se respira historia, misticismo y tradici\u00f3n, elementos que lo hacen un destino con identidad nacional.<br \/>\nEn esta reuni\u00f3n de trabajo con la Fundaci\u00f3n Hispanojud\u00eda y autoridades de los tres \u00f3rdenes de gobierno se coordinaron acciones orientadas a la integraci\u00f3n de un producto tur\u00edstico relacionado con la Primera Migraci\u00f3n Jud\u00eda en Am\u00e9rica.<img decoding=\"async\" class=\"size-medium wp-image-414466 alignright\" src=\"https:\/\/dimensionturistica.com\/es\/wp-content\/uploads\/2022\/10\/Proyecto-Taxco-Juliantla-3-2-300x200.jpg\" alt=\"\" width=\"300\" height=\"200\" srcset=\"https:\/\/dimensionturistica.com\/es\/wp-content\/uploads\/2022\/10\/Proyecto-Taxco-Juliantla-3-2-300x200.jpg 300w, https:\/\/dimensionturistica.com\/es\/wp-content\/uploads\/2022\/10\/Proyecto-Taxco-Juliantla-3-2-768x512.jpg 768w, https:\/\/dimensionturistica.com\/es\/wp-content\/uploads\/2022\/10\/Proyecto-Taxco-Juliantla-3-2-750x500.jpg 750w, https:\/\/dimensionturistica.com\/es\/wp-content\/uploads\/2022\/10\/Proyecto-Taxco-Juliantla-3-2.jpg 1024w\" sizes=\"(max-width: 300px) 100vw, 300px\" \/><br \/>\nTorruco Marqu\u00e9s se\u00f1al\u00f3 que en Taxco se localiz\u00f3 una de las primeras minas de plata en Am\u00e9rica y con el tiempo se convirti\u00f3 en una de las ciudades mineras m\u00e1s pr\u00f3speras durante el virreinato de la Nueva Espa\u00f1a. \u201cHoy cuenta con varios atractivos como el Cristo Monumental, las Grutas de Cacahuamilpa, el telef\u00e9rico, la Parroquia de Santa Prisca y San Sebasti\u00e1n, as\u00ed como su famoso \u2018tianguis de plata\u2019. En 2002, obtuvo el nombramiento como \u2018Pueblo M\u00e1gico\u2019, lo que sin duda le ha dado un valor agregado\u201d, coment\u00f3.<br \/>\nSi bien, este destino se ha situado en la preferencia de los turistas nacionales e internacionales, precis\u00f3 que es necesaria la innovaci\u00f3n y diversificaci\u00f3n de atractivos y productos tur\u00edsticos, a fin de incrementar el flujo de turistas, la estad\u00eda promedio, el gasto per c\u00e1pita y la derrama econ\u00f3mica.<br \/>\nSubray\u00f3 que Juliantla, localizada a 10 kil\u00f3metros de Taxco, tiene un gran potencial tur\u00edstico, ya que su patrimonio natural lo hace proclive al disfrute de hermosos paisajes y a la pr\u00e1ctica de actividades como el senderismo y el ciclismo de monta\u00f1a. \u201cPero tambi\u00e9n goza de interesantes atractivos culturales, como los<img decoding=\"async\" class=\"size-medium wp-image-414463 alignright\" src=\"https:\/\/dimensionturistica.com\/es\/wp-content\/uploads\/2022\/10\/Proyecto-Taxco-Juliantla-4-300x200.jpg\" alt=\"\" width=\"300\" height=\"200\" srcset=\"https:\/\/dimensionturistica.com\/es\/wp-content\/uploads\/2022\/10\/Proyecto-Taxco-Juliantla-4-300x200.jpg 300w, https:\/\/dimensionturistica.com\/es\/wp-content\/uploads\/2022\/10\/Proyecto-Taxco-Juliantla-4-768x512.jpg 768w, https:\/\/dimensionturistica.com\/es\/wp-content\/uploads\/2022\/10\/Proyecto-Taxco-Juliantla-4-750x500.jpg 750w, https:\/\/dimensionturistica.com\/es\/wp-content\/uploads\/2022\/10\/Proyecto-Taxco-Juliantla-4.jpg 1024w\" sizes=\"(max-width: 300px) 100vw, 300px\" \/> vestigios arqueol\u00f3gicos de Ba\u00f1os Rituales, llamados \u2018mikve\u2019, cuya construcci\u00f3n data del siglo XVI, y que hoy, a trav\u00e9s del \u2018proyecto Taxco-Juliantla&#8217;, se busca su rescate, preservaci\u00f3n y difusi\u00f3n\u201d, se\u00f1al\u00f3.<br \/>\nIndic\u00f3 que la relevancia de estos hallazgos radica en que se trata del primer asentamiento jud\u00edo fuera de Europa en el continente americano, lo que indica que probablemente las primeras comunidades se establecieron en ese lugar con el fin de apoyar a los espa\u00f1oles mineros en la comercializaci\u00f3n de la plata y, a su vez para no aparecer en los grandes centros poblacionales de la \u00e9poca, evitando la persecuci\u00f3n de la inquisici\u00f3n, y as\u00ed mantener los ritos y cultura jud\u00eda.<br \/>\n\u201cLa historia, simbolismo y tradici\u00f3n del mikve, lo hace por s\u00ed solo, un importante motivador de viaje, y en la Secretar\u00eda de Turismo respetamos, respaldamos e impulsamos sitios hist\u00f3ricos como \u00e9ste, que ampl\u00edan nuestra riqueza tur\u00edstica cultural e invitan al viajero a extender su estad\u00eda\u201d, declar\u00f3.<br \/>\nEl secretario de Turismo inform\u00f3 que con esta iniciativa, Juliantla se fortalece en materia de turismo y abre el abanico de atractivos tur\u00edsticos complementarios del Pueblo M\u00e1gico de Taxco, cuyo PIB Tur\u00edstico representa el 21.2% del PIB del municipio y el 3% del PIB tur\u00edstico del estado.<img decoding=\"async\" class=\"size-medium wp-image-414462 alignright\" src=\"https:\/\/dimensionturistica.com\/es\/wp-content\/uploads\/2022\/10\/Proyecto-Taxco-Juliantla-5-300x200.jpg\" alt=\"\" width=\"300\" height=\"200\" srcset=\"https:\/\/dimensionturistica.com\/es\/wp-content\/uploads\/2022\/10\/Proyecto-Taxco-Juliantla-5-300x200.jpg 300w, https:\/\/dimensionturistica.com\/es\/wp-content\/uploads\/2022\/10\/Proyecto-Taxco-Juliantla-5-768x512.jpg 768w, https:\/\/dimensionturistica.com\/es\/wp-content\/uploads\/2022\/10\/Proyecto-Taxco-Juliantla-5-750x500.jpg 750w, https:\/\/dimensionturistica.com\/es\/wp-content\/uploads\/2022\/10\/Proyecto-Taxco-Juliantla-5.jpg 1024w\" sizes=\"(max-width: 300px) 100vw, 300px\" \/><br \/>\nAdem\u00e1s, cuenta con 2 mil 294 unidades econ\u00f3micas vinculadas con el turismo; y el personal ocupado en las actividades tur\u00edsticas es de 4 mil 341 personas.<br \/>\n\u201cPara fortalecer a nuestro sector, en la Secretar\u00eda de Turismo seguiremos poniendo \u00e9nfasis en el desarrollo de productos \u2018ancla\u2019 como \u00e9ste, que propicien la creaci\u00f3n de circuitos tur\u00edsticos con un enfoque regional\u201d, afirm\u00f3.<br \/>\nTorruco Marqu\u00e9s enfatiz\u00f3 que la recuperaci\u00f3n del turismo en M\u00e9xico es una realidad, gracias a las pol\u00edticas del presidente Andr\u00e9s Manuel L\u00f3pez Obrador, de no restringir vuelos internacionales, aplicar los protocolos biosanitarios en el sector tur\u00edstico y la aplicaci\u00f3n oportuna de las vacunas.<br \/>\nPor su parte, el secretario de Turismo de Guerrero, Santos Ram\u00edrez Cuevas, destac\u00f3 la importancia de la comunidad jud\u00eda en la entidad, que junto con Taxco, municipio que representa al m\u00e1ximo la mexicanidad, lograr\u00e1 detonar m\u00e1s el turismo religioso y cultural para ofrecer a los visitantes nuevas alternativas y experiencias durante su estancia.<br \/>\nEn tanto, el alcalde de Taxco de Alarc\u00f3n, Mario Figueroa Mundo, asegur\u00f3 que es importante la recuperaci\u00f3n de los vestigios, que con acciones como el proyecto que hoy se present\u00f3, tiene una mejor coordinaci\u00f3n; adem\u00e1s de que beneficiar\u00e1 a las MPyMES del municipio.<br \/>\nEn su oportunidad, el presidente de la Federaci\u00f3n Hispanojud\u00eda, David Hatchwell, coment\u00f3 que el<img decoding=\"async\" class=\"size-medium wp-image-414460 alignright\" src=\"https:\/\/dimensionturistica.com\/es\/wp-content\/uploads\/2022\/10\/Proyecto-Taxco-Juliantla-9-300x219.jpg\" alt=\"\" width=\"300\" height=\"219\" srcset=\"https:\/\/dimensionturistica.com\/es\/wp-content\/uploads\/2022\/10\/Proyecto-Taxco-Juliantla-9-300x219.jpg 300w, https:\/\/dimensionturistica.com\/es\/wp-content\/uploads\/2022\/10\/Proyecto-Taxco-Juliantla-9-768x561.jpg 768w, https:\/\/dimensionturistica.com\/es\/wp-content\/uploads\/2022\/10\/Proyecto-Taxco-Juliantla-9-750x548.jpg 750w, https:\/\/dimensionturistica.com\/es\/wp-content\/uploads\/2022\/10\/Proyecto-Taxco-Juliantla-9.jpg 1024w\" sizes=\"(max-width: 300px) 100vw, 300px\" \/> proyecto Taxco-Juliantla es especial por la parte espiritual e hist\u00f3rica, el cual pasa de las palabras a la acci\u00f3n, luego de 500 a\u00f1os de presencia jud\u00eda en M\u00e9xico, y los 70 a\u00f1os de relaci\u00f3n entre Israel y nuestro pa\u00eds.<br \/>\nEl embajador de Israel en M\u00e9xico, Excmo. Zvi Tal, celebr\u00f3 las acciones que se acordaron para impulsar este nuevo proyecto, y junto con el secretario Miguel Torruco, plantearon el inicio de las gestiones para tener un vuelo directo que conecte ambos pa\u00edses.<\/p>\n","protected":false},"excerpt":{"rendered":"<p>El secretario de Turismo del Gobierno de M\u00e9xico, Miguel Torruco Marqu\u00e9s, particip\u00f3 en la presentaci\u00f3n del Proyecto Taxco-Juliantla, que en colaboraci\u00f3n con la Fundaci\u00f3n Hispanojud\u00eda, y autoridades municipales y del estado de Guerrero, ser\u00e1 el nuevo atractivo ancla que impulse la actividad tur\u00edstica en esta entidad, especialmente en el segmento religioso, cultural e hist\u00f3rico. Acompa\u00f1ado [&hellip;]<\/p>\n","protected":false},"author":1,"featured_media":414461,"comment_status":"open","ping_status":"closed","sticky":false,"template":"","format":"standard","meta":{"om_disable_all_campaigns":false,"jnews-multi-image_gallery":[],"jnews_single_post":{"source_name":"","source_url":"","via_name":"","via_url":"","override_template":"0","override":[{"template":"1","single_blog_custom":"","parallax":"1","fullscreen":"1","layout":"right-sidebar","sidebar":"default-sidebar","second_sidebar":"default-sidebar","sticky_sidebar":"1","share_position":"top","share_float_style":"share-monocrhome","show_share_counter":"1","show_view_counter":"1","show_featured":"1","show_post_meta":"1","show_post_author":"1","show_post_author_image":"1","show_post_date":"1","post_date_format":"default","post_date_format_custom":"Y\/m\/d","show_post_category":"1","show_post_reading_time":"0","post_reading_time_wpm":"300","show_zoom_button":"0","zoom_button_out_step":"2","zoom_button_in_step":"3","show_post_tag":"1","show_prev_next_post":"1","show_popup_post":"1","number_popup_post":"1","show_author_box":"0","show_post_related":"0","show_inline_post_related":"0"}],"override_image_size":"0","image_override":[{"single_post_thumbnail_size":"crop-500","single_post_gallery_size":"crop-500"}],"trending_post":"0","trending_post_position":"meta","trending_post_label":"Trending","sponsored_post":"0","sponsored_post_label":"Sponsored by","sponsored_post_name":"","sponsored_post_url":"","sponsored_post_logo_enable":"0","sponsored_post_logo":"","sponsored_post_desc":"","disable_ad":"0"},"jnews_primary_category":{"id":"","hide":""},"jnews_social_meta":{"fb_title":"","fb_description":"","fb_image":"","twitter_title":"","twitter_description":"","twitter_image":""},"footnotes":""},"categories":[39],"tags":[],"class_list":["post-414384","post","type-post","status-publish","format-standard","has-post-thumbnail","hentry","category-viajes"],"_links":{"self":[{"href":"https:\/\/dimensionturistica.com\/es\/wp-json\/wp\/v2\/posts\/414384","targetHints":{"allow":["GET"]}}],"collection":[{"href":"https:\/\/dimensionturistica.com\/es\/wp-json\/wp\/v2\/posts"}],"about":[{"href":"https:\/\/dimensionturistica.com\/es\/wp-json\/wp\/v2\/types\/post"}],"author":[{"embeddable":true,"href":"https:\/\/dimensionturistica.com\/es\/wp-json\/wp\/v2\/users\/1"}],"replies":[{"embeddable":true,"href":"https:\/\/dimensionturistica.com\/es\/wp-json\/wp\/v2\/comments?post=414384"}],"version-history":[{"count":0,"href":"https:\/\/dimensionturistica.com\/es\/wp-json\/wp\/v2\/posts\/414384\/revisions"}],"wp:featuredmedia":[{"embeddable":true,"href":"https:\/\/dimensionturistica.com\/es\/wp-json\/wp\/v2\/media\/414461"}],"wp:attachment":[{"href":"https:\/\/dimensionturistica.com\/es\/wp-json\/wp\/v2\/media?parent=414384"}],"wp:term":[{"taxonomy":"category","embeddable":true,"href":"https:\/\/dimensionturistica.com\/es\/wp-json\/wp\/v2\/categories?post=414384"},{"taxonomy":"post_tag","embeddable":true,"href":"https:\/\/dimensionturistica.com\/es\/wp-json\/wp\/v2\/tags?post=414384"}],"curies":[{"name":"wp","href":"https:\/\/api.w.org\/{rel}","templated":true}]}}