{"id":414261,"date":"2022-10-27T15:20:40","date_gmt":"2022-10-27T15:20:40","guid":{"rendered":"https:\/\/dimensionturistica.com\/es\/?p=414261"},"modified":"2022-10-27T15:20:40","modified_gmt":"2022-10-27T15:20:40","slug":"inicia-amesp-proceso-para-renovar-su-mesa-directiva-en-un-marco-de-democracia-y-unidad","status":"publish","type":"post","link":"https:\/\/dimensionturistica.com\/es\/inicia-amesp-proceso-para-renovar-su-mesa-directiva-en-un-marco-de-democracia-y-unidad\/","title":{"rendered":"Inicia AMESP proceso para renovar su mesa directiva, en un marco de democracia y unidad"},"content":{"rendered":"<p>En el marco de un incremento en los niveles de violencia e inseguridad en el pa\u00eds, que demanda mejores acciones y protocolos de actuaci\u00f3n para prevenirla y contribuir a su disminuci\u00f3n, la Asociaci\u00f3n Mexicana de Empresas de Seguridad Privada (AMESP), inici\u00f3 el proceso para renovar su mesa directiva para el periodo 2022-2024. Por primera vez, desde 2014, dos planillas se presentan a la elecci\u00f3n que se llevar\u00e1 a cabo el pr\u00f3ximo 7 de noviembre.<br \/>\nLos integrantes de ambas se presentaron ante representantes de las 205 empresas que integran esta asociaci\u00f3n, la m\u00e1s grande e importante en el pa\u00eds. En sus proyectos de trabajo destacan su propuesta<img decoding=\"async\" class=\"wp-image-414265 aligncenter\" src=\"https:\/\/dimensionturistica.com\/es\/wp-content\/uploads\/2022\/10\/AMPERDS-300x106.jpg\" alt=\"\" width=\"637\" height=\"225\" srcset=\"https:\/\/dimensionturistica.com\/es\/wp-content\/uploads\/2022\/10\/AMPERDS-300x106.jpg 300w, https:\/\/dimensionturistica.com\/es\/wp-content\/uploads\/2022\/10\/AMPERDS.jpg 500w\" sizes=\"(max-width: 637px) 100vw, 637px\" \/> para contribuir con las autoridades gubernamentales para hacer frente con nuevas tecnolog\u00edas y protocolos de actuaci\u00f3n a fin de lograr un M\u00e9xico en paz y m\u00e1s seguro.<br \/>\nSu actual presidente, el capit\u00e1n Salvador L\u00f3pez Contreras, llam\u00f3 a los integrantes de ambas planillas a dar una lucha democr\u00e1tica, tomando en cuenta siempre la unidad de la asociaci\u00f3n, la cual ha tenido un desarrollo extraordinario por lo que es reconocida por las autoridades gubernamentales del pa\u00eds, como un valioso interlocutor con el que trabaja para lograr la pronta aprobaci\u00f3n de una ley general en materia de seguridad privada y la creaci\u00f3n de una C\u00e1mara Nacional que agrupa a todas las compa\u00f1\u00edas que prestan sus servicios para prevenir y disminuir la inseguridad.<br \/>\nLas planillas participantes son la azul y negro integrado por Gabriel Bernal para presidente; Daniel Espinosa, vicepresidente, Illiana Rosell, secretaria general, Juvencio Lara, tesorero, Luis Miguel Dena y Jes\u00fas Cer\u00f3n, vocales, as\u00ed como la planilla roja y blanca, integrada por Marcos Castillo, presidente; Luis Barra\u00f1\u00f3n, vicepresidente; Benjam\u00edn Barona, secretario general, Adri\u00e1n Dom\u00ednguez, Tesorero, Gustavo Espinosa y Octavio Vizcaino, vocales.<br \/>\nAmbas opciones son una mezcla de fundadores de la AMESP, hace 10 a\u00f1os, y nuevos adherentes, todos especialistas en la materia y de gran trayectoria en el medio de la seguridad privada.<br \/>\nEn el caso de la planilla azul y negro, su candidato a presidente, Gabriel Bernal, es actualmente CEO de la empresa Paprisa y fue presidente de ASIS cap\u00edtulo M\u00e9xico\u00b8 En planilla roja y blanca, su candidato a presidente es Marcos Castillo, quien dirige Grupo Silvretta y fue director de Prosegur.<br \/>\nEn el caso de la planilla azul y negro entre sus principales objetivos est\u00e1n el extender el alcance y cobertura de la asociaci\u00f3n. La creaci\u00f3n de la C\u00e1mara Nacional de la Industria de la Seguridad Privada, construir una representaci\u00f3n sustancial para reunir a las 8 mil empresas de seguridad privada. Contar con oficinas representativas en Tijuana, Mexicali, Quer\u00e9taro, Guadalajara, Veracruz y Canc\u00fan. Los actores principales para lograr esto son: autoridades vinculadas en cooperaci\u00f3n con la iniciativa privada, empresas l\u00edderes en representaci\u00f3n y participaci\u00f3n en los estados y clientes concentraci\u00f3n sobre el valor de los servicios de seguridad.<br \/>\nA su vez la planilla roja y blanca plantea los objetivos de ampliar el alcance de la asociaci\u00f3n a las 32 entidades federativas, con una visi\u00f3n integral, abarcando m\u00e1s tareas estrat\u00e9gicas, incrementando la participaci\u00f3n de los agremiados y dando pluralidad y voz de manera descentralizada. Consolidar los trabajos de la AMESP, bajo cinco l\u00edneas de trabajo estrat\u00e9gicas como son: la profesionalizaci\u00f3n, mecanismos de colaboraci\u00f3n y apoyo. Beneficios, Ley General de Seguridad Privada, C\u00e1mara Nacional de Seguridad Privada y Especializaci\u00f3n-Creaci\u00f3n de Valor.<br \/>\nLas elecciones ser\u00e1n el pr\u00f3ximo 7 de noviembre y la toma de posesi\u00f3n de la nueva mesa directiva para el bienio 2022-2024 ser\u00e1 el 6 de diciembre.<\/p>\n","protected":false},"excerpt":{"rendered":"<p>En el marco de un incremento en los niveles de violencia e inseguridad en el pa\u00eds, que demanda mejores acciones y protocolos de actuaci\u00f3n para prevenirla y contribuir a su disminuci\u00f3n, la Asociaci\u00f3n Mexicana de Empresas de Seguridad Privada (AMESP), inici\u00f3 el proceso para renovar su mesa directiva para el periodo 2022-2024. Por primera vez, [&hellip;]<\/p>\n","protected":false},"author":1,"featured_media":414266,"comment_status":"open","ping_status":"closed","sticky":false,"template":"","format":"standard","meta":{"om_disable_all_campaigns":false,"jnews-multi-image_gallery":[],"jnews_single_post":{"source_name":"","source_url":"","via_name":"","via_url":"","override_template":"0","override":[{"template":"1","single_blog_custom":"","parallax":"1","fullscreen":"1","layout":"right-sidebar","sidebar":"default-sidebar","second_sidebar":"default-sidebar","sticky_sidebar":"1","share_position":"top","share_float_style":"share-monocrhome","show_share_counter":"1","show_view_counter":"1","show_featured":"1","show_post_meta":"1","show_post_author":"1","show_post_author_image":"1","show_post_date":"1","post_date_format":"default","post_date_format_custom":"Y\/m\/d","show_post_category":"1","show_post_reading_time":"0","post_reading_time_wpm":"300","show_zoom_button":"0","zoom_button_out_step":"2","zoom_button_in_step":"3","show_post_tag":"1","show_prev_next_post":"1","show_popup_post":"1","number_popup_post":"1","show_author_box":"0","show_post_related":"0","show_inline_post_related":"0"}],"override_image_size":"0","image_override":[{"single_post_thumbnail_size":"crop-500","single_post_gallery_size":"crop-500"}],"trending_post":"0","trending_post_position":"meta","trending_post_label":"Trending","sponsored_post":"0","sponsored_post_label":"Sponsored by","sponsored_post_name":"","sponsored_post_url":"","sponsored_post_logo_enable":"0","sponsored_post_logo":"","sponsored_post_desc":"","disable_ad":"0"},"jnews_primary_category":{"id":"","hide":""},"jnews_social_meta":{"fb_title":"","fb_description":"","fb_image":"","twitter_title":"","twitter_description":"","twitter_image":""},"footnotes":""},"categories":[40],"tags":[],"class_list":["post-414261","post","type-post","status-publish","format-standard","has-post-thumbnail","hentry","category-industria"],"_links":{"self":[{"href":"https:\/\/dimensionturistica.com\/es\/wp-json\/wp\/v2\/posts\/414261","targetHints":{"allow":["GET"]}}],"collection":[{"href":"https:\/\/dimensionturistica.com\/es\/wp-json\/wp\/v2\/posts"}],"about":[{"href":"https:\/\/dimensionturistica.com\/es\/wp-json\/wp\/v2\/types\/post"}],"author":[{"embeddable":true,"href":"https:\/\/dimensionturistica.com\/es\/wp-json\/wp\/v2\/users\/1"}],"replies":[{"embeddable":true,"href":"https:\/\/dimensionturistica.com\/es\/wp-json\/wp\/v2\/comments?post=414261"}],"version-history":[{"count":0,"href":"https:\/\/dimensionturistica.com\/es\/wp-json\/wp\/v2\/posts\/414261\/revisions"}],"wp:featuredmedia":[{"embeddable":true,"href":"https:\/\/dimensionturistica.com\/es\/wp-json\/wp\/v2\/media\/414266"}],"wp:attachment":[{"href":"https:\/\/dimensionturistica.com\/es\/wp-json\/wp\/v2\/media?parent=414261"}],"wp:term":[{"taxonomy":"category","embeddable":true,"href":"https:\/\/dimensionturistica.com\/es\/wp-json\/wp\/v2\/categories?post=414261"},{"taxonomy":"post_tag","embeddable":true,"href":"https:\/\/dimensionturistica.com\/es\/wp-json\/wp\/v2\/tags?post=414261"}],"curies":[{"name":"wp","href":"https:\/\/api.w.org\/{rel}","templated":true}]}}