{"id":414226,"date":"2022-10-27T15:06:42","date_gmt":"2022-10-27T15:06:42","guid":{"rendered":"https:\/\/dimensionturistica.com\/es\/?p=414226"},"modified":"2022-10-27T15:06:42","modified_gmt":"2022-10-27T15:06:42","slug":"anuncian-los-20-anos-del-festival-internacional-del-globo-en-el-zocalo","status":"publish","type":"post","link":"https:\/\/dimensionturistica.com\/es\/anuncian-los-20-anos-del-festival-internacional-del-globo-en-el-zocalo\/","title":{"rendered":"Anuncian los 20 a\u00f1os del Festival Internacional del Globo en el Z\u00f3calo"},"content":{"rendered":"<p>La Plaza de la Constituci\u00f3n, conocida como El Z\u00f3calo, de la Ciudad de M\u00e9xico fue el escenario para anunciar los 20 a\u00f1os de celebraci\u00f3n del Festival Internacional del Globo (FIG) 2022, divertido evento que<img decoding=\"async\" class=\"size-medium wp-image-414239 alignright\" src=\"https:\/\/dimensionturistica.com\/es\/wp-content\/uploads\/2022\/10\/GLOBO6-300x200.jpg\" alt=\"\" width=\"300\" height=\"200\" srcset=\"https:\/\/dimensionturistica.com\/es\/wp-content\/uploads\/2022\/10\/GLOBO6-300x200.jpg 300w, https:\/\/dimensionturistica.com\/es\/wp-content\/uploads\/2022\/10\/GLOBO6.jpg 500w\" sizes=\"(max-width: 300px) 100vw, 300px\" \/> se realiza en el Parque Ecol\u00f3gico Metropolitano de Le\u00f3n del 18 al 21 de noviembre.<br \/>\nCompartiendo una noche m\u00e1gica con los capitalinos, Juan Jos\u00e9 \u00c1lvarez Brunel, secretario de Turismo, en representaci\u00f3n de Diego Sinhue Rodr\u00edguez Vallejo, Gobernador del Estado, invit\u00f3 a ser testigos de espectaculares despegues al amanecer con 200 globos aerost\u00e1ticos, m\u00e1s 30 figuras especiales en una de las \u00c1reas Naturales Protegidas del Estado de Guanajuato de 337 hect\u00e1reas.<br \/>\nAdem\u00e1s, los asistentes disfrutar\u00e1n de eventos alternos durante todo el d\u00eda, incre\u00edbles Noches M\u00e1gicas en donde los globos se inflan y encienden sus quemadores al ritmo de la m\u00fasica, y al finalizar concierto de<img decoding=\"async\" class=\"size-medium wp-image-414240 alignright\" src=\"https:\/\/dimensionturistica.com\/es\/wp-content\/uploads\/2022\/10\/GLOBO7-300x200.jpg\" alt=\"\" width=\"300\" height=\"200\" srcset=\"https:\/\/dimensionturistica.com\/es\/wp-content\/uploads\/2022\/10\/GLOBO7-300x200.jpg 300w, https:\/\/dimensionturistica.com\/es\/wp-content\/uploads\/2022\/10\/GLOBO7.jpg 500w\" sizes=\"(max-width: 300px) 100vw, 300px\" \/> talla mundial como Ed\u00e9n Mu\u00f1oz, Martin Garrix + Tiesto- juntos por primera vez en un mismo escenario en M\u00e9xico-, Farruko + Mau y Ricky Montaner.<br \/>\nAs\u00ed lo anunci\u00f3 tambi\u00e9n Escandra Salim Alle, directora del FIG; y Alejandra Guti\u00e9rrez Campos, alcaldesa de Le\u00f3n, en presencia de la secretaria de Turismo de la CDMX, Nathalie Desplas, y empresarios del sector tur\u00edstico, mientras se exhib\u00edan globos aerost\u00e1ticos en el Z\u00f3calo, un espect\u00e1culo \u00fanico para toda la familia que forma parte de la celebraci\u00f3n de los 20 a\u00f1os de este festival.<br \/>\n\u201cEl Estado de Guanajuato se ha caracterizado por su oferta tur\u00edstica y sus eventos de calidad. Durante la fiesta del FIG, Le\u00f3n espera recibir a m\u00e1s de 400 mil visitantes, de los cuales el 65% son visitantes de otros estados de la rep\u00fablica; y una derrama econ\u00f3mica calculada de 800 millones de pesos\u201d, apunt\u00f3 el<img decoding=\"async\" class=\"size-medium wp-image-414232 alignright\" src=\"https:\/\/dimensionturistica.com\/es\/wp-content\/uploads\/2022\/10\/GLOBO1-300x200.jpg\" alt=\"\" width=\"300\" height=\"200\" srcset=\"https:\/\/dimensionturistica.com\/es\/wp-content\/uploads\/2022\/10\/GLOBO1-300x200.jpg 300w, https:\/\/dimensionturistica.com\/es\/wp-content\/uploads\/2022\/10\/GLOBO1.jpg 500w\" sizes=\"(max-width: 300px) 100vw, 300px\" \/> secretario de Turismo<br \/>\nFIG Le\u00f3n se ha posicionado como el mejor evento organizado, el que tiene mayor cobertura y el que recibe a m\u00e1s visitantes.<br \/>\nEstados Unidos, Espa\u00f1a, Brasil, Alemania, Rusia, Pa\u00edses Bajos, Canad\u00e1 Colombia, Kazajistan, Luxemburgo, Turqu\u00eda, Ecuador, Chile, Guatemala, ser\u00e1n los 20 pa\u00edses invitados en esta edici\u00f3n. Y las nuevas figuras especiales son: El Principito, Mandril, Tigger, Cheesy, Party, Casco de Ayrton Senna, adem\u00e1s del regreso de Elvis.<br \/>\nEste a\u00f1o nuevamente fue invitado distinguido en el Albuquerque International Fiesta, para finales de este<img decoding=\"async\" class=\"size-medium wp-image-414234 alignright\" src=\"https:\/\/dimensionturistica.com\/es\/wp-content\/uploads\/2022\/10\/GLOBO3-300x200.jpg\" alt=\"\" width=\"300\" height=\"200\" srcset=\"https:\/\/dimensionturistica.com\/es\/wp-content\/uploads\/2022\/10\/GLOBO3-300x200.jpg 300w, https:\/\/dimensionturistica.com\/es\/wp-content\/uploads\/2022\/10\/GLOBO3.jpg 500w\" sizes=\"(max-width: 300px) 100vw, 300px\" \/> a\u00f1o se realizar\u00e1 el Festival Internacional del Globo en la Mitad del Mundo en Ecuador, y a principios de a\u00f1o el Festival Internacional del Globo Chile, esto demuestra que lo que se hace en Guanajuato tiene potencial para ser referente en la organizaci\u00f3n de grandes eventos.<br \/>\n\u201cGracias por estos trabajos colaborativos; sin duda, presentar esta magia de los Globos nos da la posibilidad de compartir con ustedes eventos de talla mundial, porque Guanajuato s un gran destino tur\u00edstico\u201d subray\u00f3 el maestro \u00c1lvarez Brunel.<\/p>\n","protected":false},"excerpt":{"rendered":"<p>La Plaza de la Constituci\u00f3n, conocida como El Z\u00f3calo, de la Ciudad de M\u00e9xico fue el escenario para anunciar los 20 a\u00f1os de celebraci\u00f3n del Festival Internacional del Globo (FIG) 2022, divertido evento que se realiza en el Parque Ecol\u00f3gico Metropolitano de Le\u00f3n del 18 al 21 de noviembre. Compartiendo una noche m\u00e1gica con los [&hellip;]<\/p>\n","protected":false},"author":1,"featured_media":414233,"comment_status":"open","ping_status":"closed","sticky":false,"template":"","format":"standard","meta":{"om_disable_all_campaigns":false,"jnews-multi-image_gallery":[],"jnews_single_post":{"source_name":"","source_url":"","via_name":"","via_url":"","override_template":"0","override":[{"template":"1","single_blog_custom":"","parallax":"1","fullscreen":"1","layout":"right-sidebar","sidebar":"default-sidebar","second_sidebar":"default-sidebar","sticky_sidebar":"1","share_position":"top","share_float_style":"share-monocrhome","show_share_counter":"1","show_view_counter":"1","show_featured":"1","show_post_meta":"1","show_post_author":"1","show_post_author_image":"1","show_post_date":"1","post_date_format":"default","post_date_format_custom":"Y\/m\/d","show_post_category":"1","show_post_reading_time":"0","post_reading_time_wpm":"300","show_zoom_button":"0","zoom_button_out_step":"2","zoom_button_in_step":"3","show_post_tag":"1","show_prev_next_post":"1","show_popup_post":"1","number_popup_post":"1","show_author_box":"0","show_post_related":"0","show_inline_post_related":"0"}],"override_image_size":"0","image_override":[{"single_post_thumbnail_size":"crop-500","single_post_gallery_size":"crop-500"}],"trending_post":"0","trending_post_position":"meta","trending_post_label":"Trending","sponsored_post":"0","sponsored_post_label":"Sponsored by","sponsored_post_name":"","sponsored_post_url":"","sponsored_post_logo_enable":"0","sponsored_post_logo":"","sponsored_post_desc":"","disable_ad":"0"},"jnews_primary_category":{"id":"","hide":""},"jnews_social_meta":{"fb_title":"","fb_description":"","fb_image":"","twitter_title":"","twitter_description":"","twitter_image":""},"footnotes":""},"categories":[40],"tags":[],"class_list":["post-414226","post","type-post","status-publish","format-standard","has-post-thumbnail","hentry","category-industria"],"_links":{"self":[{"href":"https:\/\/dimensionturistica.com\/es\/wp-json\/wp\/v2\/posts\/414226","targetHints":{"allow":["GET"]}}],"collection":[{"href":"https:\/\/dimensionturistica.com\/es\/wp-json\/wp\/v2\/posts"}],"about":[{"href":"https:\/\/dimensionturistica.com\/es\/wp-json\/wp\/v2\/types\/post"}],"author":[{"embeddable":true,"href":"https:\/\/dimensionturistica.com\/es\/wp-json\/wp\/v2\/users\/1"}],"replies":[{"embeddable":true,"href":"https:\/\/dimensionturistica.com\/es\/wp-json\/wp\/v2\/comments?post=414226"}],"version-history":[{"count":0,"href":"https:\/\/dimensionturistica.com\/es\/wp-json\/wp\/v2\/posts\/414226\/revisions"}],"wp:featuredmedia":[{"embeddable":true,"href":"https:\/\/dimensionturistica.com\/es\/wp-json\/wp\/v2\/media\/414233"}],"wp:attachment":[{"href":"https:\/\/dimensionturistica.com\/es\/wp-json\/wp\/v2\/media?parent=414226"}],"wp:term":[{"taxonomy":"category","embeddable":true,"href":"https:\/\/dimensionturistica.com\/es\/wp-json\/wp\/v2\/categories?post=414226"},{"taxonomy":"post_tag","embeddable":true,"href":"https:\/\/dimensionturistica.com\/es\/wp-json\/wp\/v2\/tags?post=414226"}],"curies":[{"name":"wp","href":"https:\/\/api.w.org\/{rel}","templated":true}]}}