{"id":414115,"date":"2022-10-27T14:04:21","date_gmt":"2022-10-27T14:04:21","guid":{"rendered":"https:\/\/dimensionturistica.com\/es\/?p=414115"},"modified":"2022-10-27T14:04:21","modified_gmt":"2022-10-27T14:04:21","slug":"el-tren-maya-detonante-de-la-economia-el-empleo-y-el-bienestar-social-2","status":"publish","type":"post","link":"https:\/\/dimensionturistica.com\/es\/el-tren-maya-detonante-de-la-economia-el-empleo-y-el-bienestar-social-2\/","title":{"rendered":"El Tren Maya, detonante de la econom\u00eda, el empleo y el bienestar social"},"content":{"rendered":"<p>El secretario de Turismo del Gobierno de M\u00e9xico, Miguel Torruco Marqu\u00e9s, destac\u00f3 que el Tren Maya ser\u00e1 detonante de la econom\u00eda, el empleo y el bienestar de las comunidades, al contribuir al desarrollo equilibrado que acabe con los contrastes entre para\u00edsos tur\u00edsticos y cinturones de marginaci\u00f3n.<img decoding=\"async\" class=\"size-medium wp-image-414118 alignright\" src=\"https:\/\/dimensionturistica.com\/es\/wp-content\/uploads\/2022\/10\/Primera-Sesion-Ordinaria-del-Consejo-Consultivo-de-Turismo-9-1-300x200.jpg\" alt=\"\" width=\"300\" height=\"200\" srcset=\"https:\/\/dimensionturistica.com\/es\/wp-content\/uploads\/2022\/10\/Primera-Sesion-Ordinaria-del-Consejo-Consultivo-de-Turismo-9-1-300x200.jpg 300w, https:\/\/dimensionturistica.com\/es\/wp-content\/uploads\/2022\/10\/Primera-Sesion-Ordinaria-del-Consejo-Consultivo-de-Turismo-9-1-1024x682.jpg 1024w, https:\/\/dimensionturistica.com\/es\/wp-content\/uploads\/2022\/10\/Primera-Sesion-Ordinaria-del-Consejo-Consultivo-de-Turismo-9-1-768x512.jpg 768w, https:\/\/dimensionturistica.com\/es\/wp-content\/uploads\/2022\/10\/Primera-Sesion-Ordinaria-del-Consejo-Consultivo-de-Turismo-9-1-1536x1023.jpg 1536w, https:\/\/dimensionturistica.com\/es\/wp-content\/uploads\/2022\/10\/Primera-Sesion-Ordinaria-del-Consejo-Consultivo-de-Turismo-9-1-750x500.jpg 750w, https:\/\/dimensionturistica.com\/es\/wp-content\/uploads\/2022\/10\/Primera-Sesion-Ordinaria-del-Consejo-Consultivo-de-Turismo-9-1-1140x760.jpg 1140w, https:\/\/dimensionturistica.com\/es\/wp-content\/uploads\/2022\/10\/Primera-Sesion-Ordinaria-del-Consejo-Consultivo-de-Turismo-9-1.jpg 1600w\" sizes=\"(max-width: 300px) 100vw, 300px\" \/><br \/>\nAl presidir la Primera Sesi\u00f3n Ordinaria del Consejo Consultivo de Turismo (CCT) 2022, el titular de la Secretar\u00eda de Turismo (Sectur) dio la bienvenida a los funcionarios de las dependencias que integran este \u00f3rgano colegiado, as\u00ed como a los representantes de c\u00e1maras y asociaciones del sector tur\u00edstico y del \u00e1mbito acad\u00e9mico, con quienes a trav\u00e9s del trabajo coordinado e interinstitucional se conduce la pol\u00edtica nacional tur\u00edstica y su nuevo modelo de desarrollo.<br \/>\nDurante esta reuni\u00f3n de trabajo se dieron a conocer los avances del Tren Maya, proyecto que beneficiar\u00e1 al sureste mexicano, la regi\u00f3n m\u00e1s desfavorecida del pa\u00eds, propiciando una mayor productividad, incremento en la derrama econ\u00f3mica, generaci\u00f3n de empleos, impulso al desarrollo sostenible, protecci\u00f3n del medio ambiente y ordenamiento territorial.<br \/>\nTorruco Marqu\u00e9s se\u00f1al\u00f3 que a lo largo de los mil 554 kil\u00f3metros de extensi\u00f3n, esta obra conectar\u00e1 los<img decoding=\"async\" class=\"size-medium wp-image-414119 alignright\" src=\"https:\/\/dimensionturistica.com\/es\/wp-content\/uploads\/2022\/10\/Primera-Sesion-Ordinaria-del-Consejo-Consultivo-de-Turismo-8-1-300x200.jpg\" alt=\"\" width=\"300\" height=\"200\" srcset=\"https:\/\/dimensionturistica.com\/es\/wp-content\/uploads\/2022\/10\/Primera-Sesion-Ordinaria-del-Consejo-Consultivo-de-Turismo-8-1-300x200.jpg 300w, https:\/\/dimensionturistica.com\/es\/wp-content\/uploads\/2022\/10\/Primera-Sesion-Ordinaria-del-Consejo-Consultivo-de-Turismo-8-1-1024x682.jpg 1024w, https:\/\/dimensionturistica.com\/es\/wp-content\/uploads\/2022\/10\/Primera-Sesion-Ordinaria-del-Consejo-Consultivo-de-Turismo-8-1-768x512.jpg 768w, https:\/\/dimensionturistica.com\/es\/wp-content\/uploads\/2022\/10\/Primera-Sesion-Ordinaria-del-Consejo-Consultivo-de-Turismo-8-1-1536x1023.jpg 1536w, https:\/\/dimensionturistica.com\/es\/wp-content\/uploads\/2022\/10\/Primera-Sesion-Ordinaria-del-Consejo-Consultivo-de-Turismo-8-1-750x500.jpg 750w, https:\/\/dimensionturistica.com\/es\/wp-content\/uploads\/2022\/10\/Primera-Sesion-Ordinaria-del-Consejo-Consultivo-de-Turismo-8-1-1140x760.jpg 1140w, https:\/\/dimensionturistica.com\/es\/wp-content\/uploads\/2022\/10\/Primera-Sesion-Ordinaria-del-Consejo-Consultivo-de-Turismo-8-1.jpg 1600w\" sizes=\"(max-width: 300px) 100vw, 300px\" \/> estados de Campeche, Chiapas, Tabasco, Quintana Roo y Yucat\u00e1n, con 20 estaciones, que a lo largo de su recorrido contar\u00e1 con m\u00e1s 190 atractivos tur\u00edsticos de alto impacto.<br \/>\nPor su parte, Violeta Giorgina Abreu Gonz\u00e1lez, directora de Gesti\u00f3n Estrat\u00e9gica y Enlace Institucional del Fondo Nacional de Fomento al Turismo (Fonatur), detall\u00f3 que el Tren Maya lleva un avance del 47.38% en los Tramos 1 al 4, y confirm\u00f3 que ser\u00e1 inaugurado en diciembre de 2023.<br \/>\nExplic\u00f3 que, a trav\u00e9s del Programa de Mejoramiento de Zonas Arqueol\u00f3gicas (PROMEZA), se trabaja en 26 zonas arqueol\u00f3gicas que contar\u00e1n con las condiciones adecuadas para recibir a los turistas; as\u00ed mismo, se contar\u00e1 con 11 Centros de Atenci\u00f3n a Visitantes (CATVIS).<br \/>\nLos asistentes a esta Primera Sesi\u00f3n Ordinaria del CCT coincidieron en la importancia de este proyecto, y destacaron las acciones que llevan a cabo en el \u00e1mbito de sus funciones, para impulsar el desarrollo<img decoding=\"async\" class=\"size-medium wp-image-414121 alignright\" src=\"https:\/\/dimensionturistica.com\/es\/wp-content\/uploads\/2022\/10\/Primera-Sesion-Ordinaria-del-Consejo-Consultivo-de-Turismo-4-1-300x200.jpg\" alt=\"\" width=\"300\" height=\"200\" srcset=\"https:\/\/dimensionturistica.com\/es\/wp-content\/uploads\/2022\/10\/Primera-Sesion-Ordinaria-del-Consejo-Consultivo-de-Turismo-4-1-300x200.jpg 300w, https:\/\/dimensionturistica.com\/es\/wp-content\/uploads\/2022\/10\/Primera-Sesion-Ordinaria-del-Consejo-Consultivo-de-Turismo-4-1-1024x682.jpg 1024w, https:\/\/dimensionturistica.com\/es\/wp-content\/uploads\/2022\/10\/Primera-Sesion-Ordinaria-del-Consejo-Consultivo-de-Turismo-4-1-768x512.jpg 768w, https:\/\/dimensionturistica.com\/es\/wp-content\/uploads\/2022\/10\/Primera-Sesion-Ordinaria-del-Consejo-Consultivo-de-Turismo-4-1-1536x1023.jpg 1536w, https:\/\/dimensionturistica.com\/es\/wp-content\/uploads\/2022\/10\/Primera-Sesion-Ordinaria-del-Consejo-Consultivo-de-Turismo-4-1-750x500.jpg 750w, https:\/\/dimensionturistica.com\/es\/wp-content\/uploads\/2022\/10\/Primera-Sesion-Ordinaria-del-Consejo-Consultivo-de-Turismo-4-1-1140x760.jpg 1140w, https:\/\/dimensionturistica.com\/es\/wp-content\/uploads\/2022\/10\/Primera-Sesion-Ordinaria-del-Consejo-Consultivo-de-Turismo-4-1.jpg 1600w\" sizes=\"(max-width: 300px) 100vw, 300px\" \/> econ\u00f3mico y social de esta regi\u00f3n.<br \/>\nTorruco Marqu\u00e9s declar\u00f3: \u201cEn la Secretar\u00eda de Turismo del Gobierno de M\u00e9xico, estamos convencidos del valor agregado que generan los mecanismos de participaci\u00f3n democr\u00e1tica en la formulaci\u00f3n y ejecuci\u00f3n de toda pol\u00edtica institucional. El Consejo Consultivo de Turismo es un espacio en el cual se analizan, discuten y deliberan las mejores estrategias a emprender en favor de nuestro amado sector\u201d.<br \/>\nAgreg\u00f3 que este foro permite incidir en los objetivos de otros sectores p\u00fablicos, y con ello, incorporar y fortalecer a\u00fan m\u00e1s la transversalidad de la actividad tur\u00edstica en los programas o estrategias que est\u00e1n asociados, de manera directa o indirecta, al turismo del pa\u00eds.<br \/>\n\u201cEs gracias a esta concurrencia que hemos podido dar buenos resultados y seguir presentando mejor\u00eda en los principales indicadores del sector turismo de nuestro pa\u00eds, despu\u00e9s de dos a\u00f1os muy complicados con motivo de la pandemia del Covid-19\u201d, coment\u00f3.<br \/>\nEnfatiz\u00f3 que al cierre del 2021, M\u00e9xico ocup\u00f3 la segunda posici\u00f3n en el ranking mundial en el arribo de<img decoding=\"async\" class=\"size-medium wp-image-414125 alignright\" src=\"https:\/\/dimensionturistica.com\/es\/wp-content\/uploads\/2022\/10\/Primera-Sesion-Ordinaria-del-Consejo-Consultivo-de-Turismo-1-1-300x200.jpg\" alt=\"\" width=\"300\" height=\"200\" srcset=\"https:\/\/dimensionturistica.com\/es\/wp-content\/uploads\/2022\/10\/Primera-Sesion-Ordinaria-del-Consejo-Consultivo-de-Turismo-1-1-300x200.jpg 300w, https:\/\/dimensionturistica.com\/es\/wp-content\/uploads\/2022\/10\/Primera-Sesion-Ordinaria-del-Consejo-Consultivo-de-Turismo-1-1-1024x682.jpg 1024w, https:\/\/dimensionturistica.com\/es\/wp-content\/uploads\/2022\/10\/Primera-Sesion-Ordinaria-del-Consejo-Consultivo-de-Turismo-1-1-768x512.jpg 768w, https:\/\/dimensionturistica.com\/es\/wp-content\/uploads\/2022\/10\/Primera-Sesion-Ordinaria-del-Consejo-Consultivo-de-Turismo-1-1-1536x1023.jpg 1536w, https:\/\/dimensionturistica.com\/es\/wp-content\/uploads\/2022\/10\/Primera-Sesion-Ordinaria-del-Consejo-Consultivo-de-Turismo-1-1-750x500.jpg 750w, https:\/\/dimensionturistica.com\/es\/wp-content\/uploads\/2022\/10\/Primera-Sesion-Ordinaria-del-Consejo-Consultivo-de-Turismo-1-1-1140x760.jpg 1140w, https:\/\/dimensionturistica.com\/es\/wp-content\/uploads\/2022\/10\/Primera-Sesion-Ordinaria-del-Consejo-Consultivo-de-Turismo-1-1.jpg 1600w\" sizes=\"(max-width: 300px) 100vw, 300px\" \/> turistas internacionales, y la novena en captaci\u00f3n de divisas, que es como se mide la potencialidad tur\u00edstica de una naci\u00f3n, recordando que en 2018, M\u00e9xico se situaba a nivel mundial en el d\u00e9cimo s\u00e9ptimo lugar en este \u00faltimo rubro.<br \/>\n\u201cEstos datos macroecon\u00f3micos nos hablan de que vamos por el camino correcto, cumpliendo con la encomienda del presidente Andr\u00e9s Manuel L\u00f3pez Obrador, de hacer del turismo una fuente de progreso, bienestar para los mexicanos, y una aut\u00e9ntica herramienta de reconciliaci\u00f3n social\u201d, concluy\u00f3 el secretario de Turismo.<br \/>\nDe igual manera reiter\u00f3 que para el cierre de este a\u00f1o, se espera el arribo de 42 millones 301 mil turistas internacionales, solo 6% por debajo del 2019, dejando una derrama econ\u00f3mica hist\u00f3rica del orden de los 26 mil 121 millones de d\u00f3lares, rebasando en 6.3% lo registrado en 2019.<br \/>\nLo anterior gracias a las pol\u00edticas implementadas por el presidente Andr\u00e9s Manuel L\u00f3pez Obrador durante la pandemia, al no restringir los vuelos internacionales; la implementaci\u00f3n de los protocolos<img decoding=\"async\" class=\"size-medium wp-image-414124 alignright\" src=\"https:\/\/dimensionturistica.com\/es\/wp-content\/uploads\/2022\/10\/Primera-Sesion-Ordinaria-del-Consejo-Consultivo-de-Turismo-2-2-300x200.jpg\" alt=\"\" width=\"300\" height=\"200\" srcset=\"https:\/\/dimensionturistica.com\/es\/wp-content\/uploads\/2022\/10\/Primera-Sesion-Ordinaria-del-Consejo-Consultivo-de-Turismo-2-2-300x200.jpg 300w, https:\/\/dimensionturistica.com\/es\/wp-content\/uploads\/2022\/10\/Primera-Sesion-Ordinaria-del-Consejo-Consultivo-de-Turismo-2-2-1024x682.jpg 1024w, https:\/\/dimensionturistica.com\/es\/wp-content\/uploads\/2022\/10\/Primera-Sesion-Ordinaria-del-Consejo-Consultivo-de-Turismo-2-2-768x512.jpg 768w, https:\/\/dimensionturistica.com\/es\/wp-content\/uploads\/2022\/10\/Primera-Sesion-Ordinaria-del-Consejo-Consultivo-de-Turismo-2-2-1536x1023.jpg 1536w, https:\/\/dimensionturistica.com\/es\/wp-content\/uploads\/2022\/10\/Primera-Sesion-Ordinaria-del-Consejo-Consultivo-de-Turismo-2-2-750x500.jpg 750w, https:\/\/dimensionturistica.com\/es\/wp-content\/uploads\/2022\/10\/Primera-Sesion-Ordinaria-del-Consejo-Consultivo-de-Turismo-2-2-1140x760.jpg 1140w, https:\/\/dimensionturistica.com\/es\/wp-content\/uploads\/2022\/10\/Primera-Sesion-Ordinaria-del-Consejo-Consultivo-de-Turismo-2-2.jpg 1600w\" sizes=\"(max-width: 300px) 100vw, 300px\" \/> biosanitarios en un trabajo conjunto entre la iniciativa privada, la Secretar\u00eda de Econom\u00eda y la Secretar\u00eda de Turismo; as\u00ed como la puesta en marcha del plan nacional de vacunaci\u00f3n.<br \/>\nEn esta reuni\u00f3n estuvieron presentes por parte de Sectur, Humberto Hern\u00e1ndez Haddad, subsecretario de Turismo; Alejandro Aguilera G\u00f3mez, titular de la Unidad de Informaci\u00f3n y Seguimiento; Mauricio Aar\u00f3n Reyna Guerrero, titular de la Unidad de Innovaci\u00f3n y Pol\u00edtica Tur\u00edstica; Sandra Berenice Meza P\u00e9rez, titular de la Unidad de Administraci\u00f3n y Finanzas; Ignacio Rafael Mart\u00ednez Soreque, director general de Asuntos Jur\u00eddicos; y Jos\u00e9 Armando Garc\u00eda Nu\u00f1o, director general de Planeaci\u00f3n y secretario ejecutivo del CCT.<br \/>\nAdem\u00e1s, se cont\u00f3 con la participaci\u00f3n de representantes de las Secretar\u00edas de Infraestructura, Comunicaciones y Transportes (SICT), de Desarrollo Agrario, Territorial y Urbano (Sedatu); de Bienestar; de Econom\u00eda; de Medio Ambiente y Recursos Naturales; as\u00ed como del Consejo Nacional Para Prevenir la Discriminaci\u00f3n (Conapred); del Instituto Nacional de las Mujeres; de la Procuradur\u00eda Federal del Consumidor (Profeco); del Instituto Mexicano de la Juventud (Imjuve), entre otros.<br \/>\nEl sector empresarial y acad\u00e9mico estuvo representado por Ra\u00fal Isaac Hern\u00e1ndez Pe\u00f1a, vicepresidente de<img decoding=\"async\" class=\"size-medium wp-image-414120 alignright\" src=\"https:\/\/dimensionturistica.com\/es\/wp-content\/uploads\/2022\/10\/Primera-Sesion-Ordinaria-del-Consejo-Consultivo-de-Turismo-10-1-300x200.jpg\" alt=\"\" width=\"300\" height=\"200\" srcset=\"https:\/\/dimensionturistica.com\/es\/wp-content\/uploads\/2022\/10\/Primera-Sesion-Ordinaria-del-Consejo-Consultivo-de-Turismo-10-1-300x200.jpg 300w, https:\/\/dimensionturistica.com\/es\/wp-content\/uploads\/2022\/10\/Primera-Sesion-Ordinaria-del-Consejo-Consultivo-de-Turismo-10-1-1024x682.jpg 1024w, https:\/\/dimensionturistica.com\/es\/wp-content\/uploads\/2022\/10\/Primera-Sesion-Ordinaria-del-Consejo-Consultivo-de-Turismo-10-1-768x512.jpg 768w, https:\/\/dimensionturistica.com\/es\/wp-content\/uploads\/2022\/10\/Primera-Sesion-Ordinaria-del-Consejo-Consultivo-de-Turismo-10-1-1536x1023.jpg 1536w, https:\/\/dimensionturistica.com\/es\/wp-content\/uploads\/2022\/10\/Primera-Sesion-Ordinaria-del-Consejo-Consultivo-de-Turismo-10-1-750x500.jpg 750w, https:\/\/dimensionturistica.com\/es\/wp-content\/uploads\/2022\/10\/Primera-Sesion-Ordinaria-del-Consejo-Consultivo-de-Turismo-10-1-1140x760.jpg 1140w, https:\/\/dimensionturistica.com\/es\/wp-content\/uploads\/2022\/10\/Primera-Sesion-Ordinaria-del-Consejo-Consultivo-de-Turismo-10-1.jpg 1600w\" sizes=\"(max-width: 300px) 100vw, 300px\" \/> Innovaci\u00f3n y Tecnolog\u00eda de la Confederaci\u00f3n de C\u00e1maras Nacionales de Comercio, Servicios y Turismo (Concanaco-Servytur); Juan Jos\u00e9 Fern\u00e1ndez Carrillo, presidente de la Asociaci\u00f3n Mexicana de Hoteles y Moteles (AMHM); Fernando Olivera Rocha, vicepresidente de Turismo de la C\u00e1mara Nacional de la Industria de Restaurantes y Alimentos Condimentados (Canirac); Carmen Julia Corrales, presidenta ejecutiva del Consejo Nacional Empresarial Tur\u00edstico (CNET); Paul S\u00e1nchez Acosta, gerente de Operaciones y Marketing de la Asociaci\u00f3n Mexicana de Desarrolladores Tur\u00edsticos (Amdetur); y Jes\u00fas Arag\u00f3n Sarmiento, jefe del Departamento de Investigaci\u00f3n de la Escuela Superior de Turismo del Instituto Polit\u00e9cnico Nacional(IPN).<\/p>\n","protected":false},"excerpt":{"rendered":"<p>El secretario de Turismo del Gobierno de M\u00e9xico, Miguel Torruco Marqu\u00e9s, destac\u00f3 que el Tren Maya ser\u00e1 detonante de la econom\u00eda, el empleo y el bienestar de las comunidades, al contribuir al desarrollo equilibrado que acabe con los contrastes entre para\u00edsos tur\u00edsticos y cinturones de marginaci\u00f3n. Al presidir la Primera Sesi\u00f3n Ordinaria del Consejo Consultivo [&hellip;]<\/p>\n","protected":false},"author":1,"featured_media":414122,"comment_status":"open","ping_status":"closed","sticky":false,"template":"","format":"standard","meta":{"om_disable_all_campaigns":false,"jnews-multi-image_gallery":[],"jnews_single_post":{"source_name":"","source_url":"","via_name":"","via_url":"","override_template":"0","override":[{"template":"1","single_blog_custom":"","parallax":"1","fullscreen":"1","layout":"right-sidebar","sidebar":"default-sidebar","second_sidebar":"default-sidebar","sticky_sidebar":"1","share_position":"top","share_float_style":"share-monocrhome","show_share_counter":"1","show_view_counter":"1","show_featured":"1","show_post_meta":"1","show_post_author":"1","show_post_author_image":"1","show_post_date":"1","post_date_format":"default","post_date_format_custom":"Y\/m\/d","show_post_category":"1","show_post_reading_time":"0","post_reading_time_wpm":"300","show_zoom_button":"0","zoom_button_out_step":"2","zoom_button_in_step":"3","show_post_tag":"1","show_prev_next_post":"1","show_popup_post":"1","number_popup_post":"1","show_author_box":"0","show_post_related":"0","show_inline_post_related":"0"}],"override_image_size":"0","image_override":[{"single_post_thumbnail_size":"crop-500","single_post_gallery_size":"crop-500"}],"trending_post":"0","trending_post_position":"meta","trending_post_label":"Trending","sponsored_post":"0","sponsored_post_label":"Sponsored by","sponsored_post_name":"","sponsored_post_url":"","sponsored_post_logo_enable":"0","sponsored_post_logo":"","sponsored_post_desc":"","disable_ad":"0"},"jnews_primary_category":{"id":"","hide":""},"jnews_social_meta":{"fb_title":"","fb_description":"","fb_image":"","twitter_title":"","twitter_description":"","twitter_image":""},"footnotes":""},"categories":[40],"tags":[],"class_list":["post-414115","post","type-post","status-publish","format-standard","has-post-thumbnail","hentry","category-industria"],"_links":{"self":[{"href":"https:\/\/dimensionturistica.com\/es\/wp-json\/wp\/v2\/posts\/414115","targetHints":{"allow":["GET"]}}],"collection":[{"href":"https:\/\/dimensionturistica.com\/es\/wp-json\/wp\/v2\/posts"}],"about":[{"href":"https:\/\/dimensionturistica.com\/es\/wp-json\/wp\/v2\/types\/post"}],"author":[{"embeddable":true,"href":"https:\/\/dimensionturistica.com\/es\/wp-json\/wp\/v2\/users\/1"}],"replies":[{"embeddable":true,"href":"https:\/\/dimensionturistica.com\/es\/wp-json\/wp\/v2\/comments?post=414115"}],"version-history":[{"count":0,"href":"https:\/\/dimensionturistica.com\/es\/wp-json\/wp\/v2\/posts\/414115\/revisions"}],"wp:featuredmedia":[{"embeddable":true,"href":"https:\/\/dimensionturistica.com\/es\/wp-json\/wp\/v2\/media\/414122"}],"wp:attachment":[{"href":"https:\/\/dimensionturistica.com\/es\/wp-json\/wp\/v2\/media?parent=414115"}],"wp:term":[{"taxonomy":"category","embeddable":true,"href":"https:\/\/dimensionturistica.com\/es\/wp-json\/wp\/v2\/categories?post=414115"},{"taxonomy":"post_tag","embeddable":true,"href":"https:\/\/dimensionturistica.com\/es\/wp-json\/wp\/v2\/tags?post=414115"}],"curies":[{"name":"wp","href":"https:\/\/api.w.org\/{rel}","templated":true}]}}