{"id":414093,"date":"2022-10-27T13:39:43","date_gmt":"2022-10-27T13:39:43","guid":{"rendered":"https:\/\/dimensionturistica.com\/es\/?p=414093"},"modified":"2022-10-27T13:39:45","modified_gmt":"2022-10-27T13:39:45","slug":"euskadi-siempre-es-una-buena-idea-para-una-escapada-y-los-viajeros-lo-saben","status":"publish","type":"post","link":"https:\/\/dimensionturistica.com\/es\/euskadi-siempre-es-una-buena-idea-para-una-escapada-y-los-viajeros-lo-saben\/","title":{"rendered":"Euskadi siempre es una buena idea para una escapada y los viajeros lo saben\u2026"},"content":{"rendered":"<p> <br \/>\n<\/p>\n<div>\n<p>El Pa\u00eds Vasco ofrece una experiencia de naturaleza agreste, historia y cultura. Senderos y exuberantes bosques, ind\u00f3mitas playas que cuentan con algunos de los spots m\u00e1s solicitados por los amantes del surf de todo el mundo, monumentos naturales, turismo de ciudad\u2026 y sabor, mucho sabor gracias a su gastronom\u00eda -es la segunda comunidad aut\u00f3noma con m\u00e1s estrellas Michelin-, que incluye los afamados pintxos.<\/p>\n<p>Euskadi es un destino constante a la hora de ser descubierto y revisitado a lo largo de todo el a\u00f1o, lo que le ha llevado, entre otras cosas, a ser el lugar elegido para dar el pistoletazo de salida a la edici\u00f3n de 2023 del Tour de Francia, la cita m\u00e1s importante del ciclismo mundial, patrocinada por segundo a\u00f1o consecutivo por lastminute.com, empresa de Im Group, a la que tambi\u00e9n pertenece Rumbo.es.<\/p>\n<p>Esta pasi\u00f3n generalizada por el Pa\u00eds Vasco se refleja en alguno de los datos que Rumbo.es ha analizado entre las reservas realizadas por los usuarios europeos -en lo que va de a\u00f1o- que han elegido viajar con el objetivo de disfrutar de la experiencia vasca.<\/p>\n<p>Los espa\u00f1oles son los europeos que m\u00e1s escogen el Pa\u00eds Vasco (50%) y es que su oferta de turismo se mantiene en las preferencias de los viajeros nacionales, aunque los brit\u00e1nicos (16%) y franceses (16%) tambi\u00e9n destacan como otros de los grupos que han descubierto las maravillas de esta comunidad.<\/p>\n<p>De las tres ciudades que formar\u00e1n parte del trazado del Tour de Francia en sus etapas vascas, Bilbao se erige como el destino m\u00e1s reservado (62%) por los viajeros de Rumbo.es; seguida por San Sebasti\u00e1n (32%), y, en tercer lugar, Vitoria-Gasteiz (recibe el 6%). Y, en cuanto a las ciudades de destino seg\u00fan el pa\u00eds de procedencia, San Sebasti\u00e1n, que sigue siendo el m\u00e1s elegido por otros espa\u00f1oles (38%), acoge la mayor proporci\u00f3n de viajeros internacionales (franceses, 36%; brit\u00e1nicos, 14%).<\/p>\n<p>Los viajeros saben que el Pa\u00eds vasco es un destino supreme para escapar de la rutina no solo en verano, sino en cualquier momento del a\u00f1o. Cerca del 40% de los viajeros de Rumbo.es viaja a Euskadi entre los meses de abril (12%), septiembre (10%), febrero (9%), y octubre (8%).<\/p>\n<p>El coste de la reserva fluct\u00faa considerablemente en funci\u00f3n del pa\u00eds de origen del viajero y ah\u00ed los alemanes aparecen en primer lugar, con una media de gasto de 1.593 \u20ac; el brit\u00e1nico, 1.166 \u20ac; y el italiano, 650 \u20ac; reservando paquetes que incluyen avi\u00f3n y otros complementos para concentrarse en disfrutar al m\u00e1ximo de su destino.<\/p>\n<p>Y teniendo en cuenta que hablamos de uno de los mejores destinos gastron\u00f3micos mundiales, no es de extra\u00f1ar que los viajeros prefieran las opciones \u201csolo alojamiento\u201d y \u201calojamiento m\u00e1s desayuno\u201d. Los viajeros espa\u00f1oles son los m\u00e1s decididos de todos a disfrutar de la restauraci\u00f3n native en pleno: el 67% contrata solo la estancia. Tras ellos, los que m\u00e1s escogen esta f\u00f3rmula de s\u00f3lo alojamiento son, por este orden: brit\u00e1nicos (65%), franceses (64%), italianos (59%) y alemanes (49%).<\/p>\n<p>Por \u00faltimo, parece claro que el viajero de Rumbo.es elige disfrutar del Pa\u00eds Vasco preferentemente acompa\u00f1ado: de media, el 62% reserva en pareja, y especialmente si se trata de San Sebasti\u00e1n (hasta el 67% de las reservas a esta ciudad son para dos personas); un 16% reserva en solitario para vivir la experiencia vasca; un 12% de las reservas son para tres personas, dato que asciende hasta el 17% para el caso de Vitoria-Gasteiz; y el 8% son reservas pertenecientes a grupos de cuatro personas, cifra que de nuevo sube -hasta el 13%- cuando hablamos de esa \u00faltima ciudad.<\/p>\n<div class=\"wysiwyg-photo\"><img decoding=\"async\" src=\"https:\/\/static.hosteltur.com\/app\/public\/uploads\/img\/releases\/2022\/10\/27\/L_132455_peinedelviento-sansebastian.jpg\" alt=\"Imagen nota de prensa Hosteltur\" width=\"2000\" height=\"1335\"\/>  <\/div><\/div>\n\n<p><em> &#8221; Fuentes news.google.com &#8221; <\/em><\/p>\n","protected":false},"excerpt":{"rendered":"<p>El Pa\u00eds Vasco ofrece una experiencia de naturaleza agreste, historia y cultura. Senderos y exuberantes bosques, ind\u00f3mitas playas que cuentan con algunos de los spots m\u00e1s solicitados por los amantes del surf de todo el mundo, monumentos naturales, turismo de ciudad\u2026 y sabor, mucho sabor gracias a su gastronom\u00eda -es la segunda comunidad aut\u00f3noma con [&hellip;]<\/p>\n","protected":false},"author":4,"featured_media":414094,"comment_status":"open","ping_status":"closed","sticky":false,"template":"","format":"standard","meta":{"om_disable_all_campaigns":false,"jnews-multi-image_gallery":[],"jnews_single_post":[],"jnews_primary_category":[],"jnews_social_meta":[],"footnotes":""},"categories":[39],"tags":[1140],"class_list":["post-414093","post","type-post","status-publish","format-standard","has-post-thumbnail","hentry","category-viajes","tag-hoteles-y-alojamientos"],"_links":{"self":[{"href":"https:\/\/dimensionturistica.com\/es\/wp-json\/wp\/v2\/posts\/414093","targetHints":{"allow":["GET"]}}],"collection":[{"href":"https:\/\/dimensionturistica.com\/es\/wp-json\/wp\/v2\/posts"}],"about":[{"href":"https:\/\/dimensionturistica.com\/es\/wp-json\/wp\/v2\/types\/post"}],"author":[{"embeddable":true,"href":"https:\/\/dimensionturistica.com\/es\/wp-json\/wp\/v2\/users\/4"}],"replies":[{"embeddable":true,"href":"https:\/\/dimensionturistica.com\/es\/wp-json\/wp\/v2\/comments?post=414093"}],"version-history":[{"count":0,"href":"https:\/\/dimensionturistica.com\/es\/wp-json\/wp\/v2\/posts\/414093\/revisions"}],"wp:featuredmedia":[{"embeddable":true,"href":"https:\/\/dimensionturistica.com\/es\/wp-json\/wp\/v2\/media\/414094"}],"wp:attachment":[{"href":"https:\/\/dimensionturistica.com\/es\/wp-json\/wp\/v2\/media?parent=414093"}],"wp:term":[{"taxonomy":"category","embeddable":true,"href":"https:\/\/dimensionturistica.com\/es\/wp-json\/wp\/v2\/categories?post=414093"},{"taxonomy":"post_tag","embeddable":true,"href":"https:\/\/dimensionturistica.com\/es\/wp-json\/wp\/v2\/tags?post=414093"}],"curies":[{"name":"wp","href":"https:\/\/api.w.org\/{rel}","templated":true}]}}