{"id":414057,"date":"2022-10-27T13:19:09","date_gmt":"2022-10-27T13:19:09","guid":{"rendered":"https:\/\/dimensionturistica.com\/es\/?p=414057"},"modified":"2022-10-27T13:19:09","modified_gmt":"2022-10-27T13:19:09","slug":"observatorio-turistico-de-guanajuato-y-observatorio-de-turismo-sostenible-comparten-experiencias-en-mallorca","status":"publish","type":"post","link":"https:\/\/dimensionturistica.com\/es\/observatorio-turistico-de-guanajuato-y-observatorio-de-turismo-sostenible-comparten-experiencias-en-mallorca\/","title":{"rendered":"Observatorio Tur\u00edstico de Guanajuato y Observatorio de Turismo Sostenible comparten experiencias en Mallorca"},"content":{"rendered":"<p>Desde su creaci\u00f3n, el Observatorio Tur\u00edstico del Estado de Guanajuato (OTEG) de la Secretar\u00eda de<img decoding=\"async\" class=\"size-medium wp-image-414072 alignright\" src=\"https:\/\/dimensionturistica.com\/es\/wp-content\/uploads\/2022\/10\/8380075a-d0a2-4048-b95c-f8232c0340e8-300x225.jpg\" alt=\"\" width=\"300\" height=\"225\" srcset=\"https:\/\/dimensionturistica.com\/es\/wp-content\/uploads\/2022\/10\/8380075a-d0a2-4048-b95c-f8232c0340e8-300x225.jpg 300w, https:\/\/dimensionturistica.com\/es\/wp-content\/uploads\/2022\/10\/8380075a-d0a2-4048-b95c-f8232c0340e8-1024x768.jpg 1024w, https:\/\/dimensionturistica.com\/es\/wp-content\/uploads\/2022\/10\/8380075a-d0a2-4048-b95c-f8232c0340e8-768x576.jpg 768w, https:\/\/dimensionturistica.com\/es\/wp-content\/uploads\/2022\/10\/8380075a-d0a2-4048-b95c-f8232c0340e8-1536x1152.jpg 1536w, https:\/\/dimensionturistica.com\/es\/wp-content\/uploads\/2022\/10\/8380075a-d0a2-4048-b95c-f8232c0340e8-750x563.jpg 750w, https:\/\/dimensionturistica.com\/es\/wp-content\/uploads\/2022\/10\/8380075a-d0a2-4048-b95c-f8232c0340e8-1140x855.jpg 1140w, https:\/\/dimensionturistica.com\/es\/wp-content\/uploads\/2022\/10\/8380075a-d0a2-4048-b95c-f8232c0340e8.jpg 1600w\" sizes=\"(max-width: 300px) 100vw, 300px\" \/> Turismo se ha distinguido por ser un \u00f3rgano modelo a nivel internacional. Hoy, la Direcci\u00f3n General de Inteligencia Tur\u00edstica comparti\u00f3 estrategias de medici\u00f3n en Mallorca, Espa\u00f1a.<br \/>\nEn representaci\u00f3n de Juan Jos\u00e9 \u00c1lvarez Brunel, secretario de Turismo del Estado de Guanajuato, Miriam Adame Alcaraz, encargada de la Direcci\u00f3n General de Inteligencia Tur\u00edstica de la Secretar\u00eda de Turismo del estado de Guanajuato, se reuni\u00f3 con el Conseller de Transici\u00f3, Turisme i Esports, Andreu Serra, y el director insular de Transici\u00f3 i Ordenaci\u00f3 Tur\u00edstica, Joan Gaspar Vallori, a fin de compartir -ambos destinos- las buenas pr\u00e1cticas y las diferentes formas de recopilaci\u00f3n de datos.<br \/>\nA m\u00e1s de 10 a\u00f1os de su creaci\u00f3n, el OTEG se ha mantenido, est\u00e1 en constante actualizaci\u00f3n, ha evolucionado, se ha fortalecido y es un referente no s\u00f3lo en M\u00e9xico sino tambi\u00e9n en Am\u00e9rica Latina y<img decoding=\"async\" class=\"size-medium wp-image-414070 alignright\" src=\"https:\/\/dimensionturistica.com\/es\/wp-content\/uploads\/2022\/10\/94b4d7c0-6a45-40f1-9f33-9fb2c8a1662f-300x225.jpg\" alt=\"\" width=\"300\" height=\"225\" srcset=\"https:\/\/dimensionturistica.com\/es\/wp-content\/uploads\/2022\/10\/94b4d7c0-6a45-40f1-9f33-9fb2c8a1662f-300x225.jpg 300w, https:\/\/dimensionturistica.com\/es\/wp-content\/uploads\/2022\/10\/94b4d7c0-6a45-40f1-9f33-9fb2c8a1662f-1024x768.jpg 1024w, https:\/\/dimensionturistica.com\/es\/wp-content\/uploads\/2022\/10\/94b4d7c0-6a45-40f1-9f33-9fb2c8a1662f-768x576.jpg 768w, https:\/\/dimensionturistica.com\/es\/wp-content\/uploads\/2022\/10\/94b4d7c0-6a45-40f1-9f33-9fb2c8a1662f-1536x1152.jpg 1536w, https:\/\/dimensionturistica.com\/es\/wp-content\/uploads\/2022\/10\/94b4d7c0-6a45-40f1-9f33-9fb2c8a1662f-750x563.jpg 750w, https:\/\/dimensionturistica.com\/es\/wp-content\/uploads\/2022\/10\/94b4d7c0-6a45-40f1-9f33-9fb2c8a1662f-1140x855.jpg 1140w, https:\/\/dimensionturistica.com\/es\/wp-content\/uploads\/2022\/10\/94b4d7c0-6a45-40f1-9f33-9fb2c8a1662f.jpg 2000w\" sizes=\"(max-width: 300px) 100vw, 300px\" \/> otros pa\u00edses del mundo.<br \/>\nEste \u00f3rgano estatal, creado en el a\u00f1o 2011, es un referente en gesti\u00f3n de Observatorios Tur\u00edsticos, es miembro afiliado a la Organizaci\u00f3n Mundial de Turismo (OMT) desde el a\u00f1o 2014, y en 2015 se integr\u00f3 a la Red de Observatorios Sostenibles de la OMT (INSTO), siendo el primer afiliado a esta red en idioma espa\u00f1ol.<br \/>\nMiriam Adame destac\u00f3 que el \u00abOTEG es una herramienta indispensable para detectar -entre el sector p\u00fablico y privado, y la academia- las \u00e1reas de oportunidad del sector tur\u00edstico mediante la investigaci\u00f3n, an\u00e1lisis, evaluaci\u00f3n y consulta de la actividad tur\u00edstica\u00bb.<br \/>\nAdem\u00e1s, la directora de Inteligencia Tur\u00edstica comparti\u00f3 las estrategias de trabajo de los observatorios<img decoding=\"async\" class=\"size-medium wp-image-414071 alignleft\" src=\"https:\/\/dimensionturistica.com\/es\/wp-content\/uploads\/2022\/10\/911a6296-8005-4032-a3f9-a6ca62ae0c98-225x300.jpg\" alt=\"\" width=\"225\" height=\"300\" srcset=\"https:\/\/dimensionturistica.com\/es\/wp-content\/uploads\/2022\/10\/911a6296-8005-4032-a3f9-a6ca62ae0c98-225x300.jpg 225w, https:\/\/dimensionturistica.com\/es\/wp-content\/uploads\/2022\/10\/911a6296-8005-4032-a3f9-a6ca62ae0c98-768x1024.jpg 768w, https:\/\/dimensionturistica.com\/es\/wp-content\/uploads\/2022\/10\/911a6296-8005-4032-a3f9-a6ca62ae0c98-1152x1536.jpg 1152w, https:\/\/dimensionturistica.com\/es\/wp-content\/uploads\/2022\/10\/911a6296-8005-4032-a3f9-a6ca62ae0c98-750x1000.jpg 750w, https:\/\/dimensionturistica.com\/es\/wp-content\/uploads\/2022\/10\/911a6296-8005-4032-a3f9-a6ca62ae0c98-1140x1520.jpg 1140w, https:\/\/dimensionturistica.com\/es\/wp-content\/uploads\/2022\/10\/911a6296-8005-4032-a3f9-a6ca62ae0c98.jpg 1200w\" sizes=\"(max-width: 225px) 100vw, 225px\" \/> que monitorizan el impacto econ\u00f3mico, ambiental y social del turismo en un lugar concreto; y facilit\u00f3 la gesti\u00f3n del Sistema de Inteligencia Tur\u00edstica, la categorizaci\u00f3n de los indicadores y los cuadros de mandos para que Mallorca conociera tambi\u00e9n la informaci\u00f3n.<br \/>\nDurante su intervenci\u00f3n, el conseller Serra afirm\u00f3 que \u00a0al igual que Guanajuato \u00abel Observatorio de Turismo Sostenible de Mallorca es una herramienta indispensable para mejorar el sector tur\u00edstico de nuestra isla\u00bb.<br \/>\nAs\u00ed como la SECTUR Guanajuato, \u00abtrabajamos para implementar y desarrollar este instrumento. Y el compartir experiencias y conocimientos con otros<\/p>\n","protected":false},"excerpt":{"rendered":"<p>Desde su creaci\u00f3n, el Observatorio Tur\u00edstico del Estado de Guanajuato (OTEG) de la Secretar\u00eda de Turismo se ha distinguido por ser un \u00f3rgano modelo a nivel internacional. Hoy, la Direcci\u00f3n General de Inteligencia Tur\u00edstica comparti\u00f3 estrategias de medici\u00f3n en Mallorca, Espa\u00f1a. En representaci\u00f3n de Juan Jos\u00e9 \u00c1lvarez Brunel, secretario de Turismo del Estado de Guanajuato, [&hellip;]<\/p>\n","protected":false},"author":1,"featured_media":414068,"comment_status":"open","ping_status":"closed","sticky":false,"template":"","format":"standard","meta":{"om_disable_all_campaigns":false,"jnews-multi-image_gallery":[],"jnews_single_post":{"source_name":"","source_url":"","via_name":"","via_url":"","override_template":"0","override":[{"template":"1","single_blog_custom":"","parallax":"1","fullscreen":"1","layout":"right-sidebar","sidebar":"default-sidebar","second_sidebar":"default-sidebar","sticky_sidebar":"1","share_position":"top","share_float_style":"share-monocrhome","show_share_counter":"1","show_view_counter":"1","show_featured":"1","show_post_meta":"1","show_post_author":"1","show_post_author_image":"1","show_post_date":"1","post_date_format":"default","post_date_format_custom":"Y\/m\/d","show_post_category":"1","show_post_reading_time":"0","post_reading_time_wpm":"300","show_zoom_button":"0","zoom_button_out_step":"2","zoom_button_in_step":"3","show_post_tag":"1","show_prev_next_post":"1","show_popup_post":"1","number_popup_post":"1","show_author_box":"0","show_post_related":"0","show_inline_post_related":"0"}],"override_image_size":"0","image_override":[{"single_post_thumbnail_size":"crop-500","single_post_gallery_size":"crop-500"}],"trending_post":"0","trending_post_position":"meta","trending_post_label":"Trending","sponsored_post":"0","sponsored_post_label":"Sponsored by","sponsored_post_name":"","sponsored_post_url":"","sponsored_post_logo_enable":"0","sponsored_post_logo":"","sponsored_post_desc":"","disable_ad":"0"},"jnews_primary_category":{"id":"","hide":""},"jnews_social_meta":{"fb_title":"","fb_description":"","fb_image":"","twitter_title":"","twitter_description":"","twitter_image":""},"footnotes":""},"categories":[39],"tags":[],"class_list":["post-414057","post","type-post","status-publish","format-standard","has-post-thumbnail","hentry","category-viajes"],"_links":{"self":[{"href":"https:\/\/dimensionturistica.com\/es\/wp-json\/wp\/v2\/posts\/414057","targetHints":{"allow":["GET"]}}],"collection":[{"href":"https:\/\/dimensionturistica.com\/es\/wp-json\/wp\/v2\/posts"}],"about":[{"href":"https:\/\/dimensionturistica.com\/es\/wp-json\/wp\/v2\/types\/post"}],"author":[{"embeddable":true,"href":"https:\/\/dimensionturistica.com\/es\/wp-json\/wp\/v2\/users\/1"}],"replies":[{"embeddable":true,"href":"https:\/\/dimensionturistica.com\/es\/wp-json\/wp\/v2\/comments?post=414057"}],"version-history":[{"count":0,"href":"https:\/\/dimensionturistica.com\/es\/wp-json\/wp\/v2\/posts\/414057\/revisions"}],"wp:featuredmedia":[{"embeddable":true,"href":"https:\/\/dimensionturistica.com\/es\/wp-json\/wp\/v2\/media\/414068"}],"wp:attachment":[{"href":"https:\/\/dimensionturistica.com\/es\/wp-json\/wp\/v2\/media?parent=414057"}],"wp:term":[{"taxonomy":"category","embeddable":true,"href":"https:\/\/dimensionturistica.com\/es\/wp-json\/wp\/v2\/categories?post=414057"},{"taxonomy":"post_tag","embeddable":true,"href":"https:\/\/dimensionturistica.com\/es\/wp-json\/wp\/v2\/tags?post=414057"}],"curies":[{"name":"wp","href":"https:\/\/api.w.org\/{rel}","templated":true}]}}