{"id":413571,"date":"2022-10-26T21:17:28","date_gmt":"2022-10-26T21:17:28","guid":{"rendered":"https:\/\/dimensionturistica.com\/es\/?p=413571"},"modified":"2022-10-26T21:17:28","modified_gmt":"2022-10-26T21:17:28","slug":"sectur-trabaja-en-normas-y-estandares-regulatorios-en-beneficio-de-los-prestadores-de-servicios-turisticos","status":"publish","type":"post","link":"https:\/\/dimensionturistica.com\/es\/sectur-trabaja-en-normas-y-estandares-regulatorios-en-beneficio-de-los-prestadores-de-servicios-turisticos\/","title":{"rendered":"Sectur trabaja en normas y est\u00e1ndares regulatorios en beneficio de los prestadores de servicios tur\u00edsticos"},"content":{"rendered":"<p><img decoding=\"async\" class=\"size-medium wp-image-413577 alignright\" src=\"https:\/\/dimensionturistica.com\/es\/wp-content\/uploads\/2022\/10\/Foro-del-Dia-Mundial-de-la-Normalizacion-12-300x200.jpg\" alt=\"\" width=\"300\" height=\"200\" srcset=\"https:\/\/dimensionturistica.com\/es\/wp-content\/uploads\/2022\/10\/Foro-del-Dia-Mundial-de-la-Normalizacion-12-300x200.jpg 300w, https:\/\/dimensionturistica.com\/es\/wp-content\/uploads\/2022\/10\/Foro-del-Dia-Mundial-de-la-Normalizacion-12-768x512.jpg 768w, https:\/\/dimensionturistica.com\/es\/wp-content\/uploads\/2022\/10\/Foro-del-Dia-Mundial-de-la-Normalizacion-12-750x500.jpg 750w, https:\/\/dimensionturistica.com\/es\/wp-content\/uploads\/2022\/10\/Foro-del-Dia-Mundial-de-la-Normalizacion-12.jpg 1024w\" sizes=\"(max-width: 300px) 100vw, 300px\" \/>El secretario de Turismo del Gobierno de M\u00e9xico, Miguel Torruco Marqu\u00e9s, dio a conocer que la dependencia a su cargo trabaja en la instrumentaci\u00f3n de una nueva generaci\u00f3n de normas y est\u00e1ndares regulatorios, que se sumar\u00e1n a los ya existentes, en beneficio de los prestadores de servicios tur\u00edsticos, as\u00ed como a todas las empresas que forman parte de la cadena de valor del sector.<br \/>\nAl inaugurar el Foro del D\u00eda Mundial de la Normalizaci\u00f3n, organizado por la C\u00e1mara Nacional de Comercio de la Ciudad de M\u00e9xico (Canaco-Servytur CDMX), el titular de la Secretar\u00eda de Turismo (Sectur) indic\u00f3 que la instrumentaci\u00f3n de este<img decoding=\"async\" class=\"size-medium wp-image-413578 alignleft\" src=\"https:\/\/dimensionturistica.com\/es\/wp-content\/uploads\/2022\/10\/Foro-del-Dia-Mundial-de-la-Normalizacion-11-300x200.jpg\" alt=\"\" width=\"300\" height=\"200\" srcset=\"https:\/\/dimensionturistica.com\/es\/wp-content\/uploads\/2022\/10\/Foro-del-Dia-Mundial-de-la-Normalizacion-11-300x200.jpg 300w, https:\/\/dimensionturistica.com\/es\/wp-content\/uploads\/2022\/10\/Foro-del-Dia-Mundial-de-la-Normalizacion-11-768x512.jpg 768w, https:\/\/dimensionturistica.com\/es\/wp-content\/uploads\/2022\/10\/Foro-del-Dia-Mundial-de-la-Normalizacion-11-750x500.jpg 750w, https:\/\/dimensionturistica.com\/es\/wp-content\/uploads\/2022\/10\/Foro-del-Dia-Mundial-de-la-Normalizacion-11.jpg 1024w\" sizes=\"(max-width: 300px) 100vw, 300px\" \/> marco regulatorio es en materia de inclusi\u00f3n social, servicios de hospedaje, parques tem\u00e1ticos, aviturismo y ciberseguridad, las cuales se presentar\u00e1n en el Programa Nacional de Infraestructura de la Calidad 2023.<br \/>\n\u201cEn este tema tan importante para la actividad tur\u00edstica, trabajamos de manera coordinada con la Secretar\u00eda de Econom\u00eda, a fin de mantener actualizado el Cat\u00e1logo de Normas Oficiales Mexicanas y, de esta manera, dar respuesta a los retos de los tiempos modernos\u201d, coment\u00f3.<br \/>\nTorruco Marqu\u00e9s destac\u00f3 la importancia de la normalizaci\u00f3n, al asegurar que las reglas no son<img decoding=\"async\" class=\"size-medium wp-image-413576 alignright\" src=\"https:\/\/dimensionturistica.com\/es\/wp-content\/uploads\/2022\/10\/Foro-del-Dia-Mundial-de-la-Normalizacion-15-300x200.jpg\" alt=\"\" width=\"300\" height=\"200\" srcset=\"https:\/\/dimensionturistica.com\/es\/wp-content\/uploads\/2022\/10\/Foro-del-Dia-Mundial-de-la-Normalizacion-15-300x200.jpg 300w, https:\/\/dimensionturistica.com\/es\/wp-content\/uploads\/2022\/10\/Foro-del-Dia-Mundial-de-la-Normalizacion-15-768x512.jpg 768w, https:\/\/dimensionturistica.com\/es\/wp-content\/uploads\/2022\/10\/Foro-del-Dia-Mundial-de-la-Normalizacion-15-750x500.jpg 750w, https:\/\/dimensionturistica.com\/es\/wp-content\/uploads\/2022\/10\/Foro-del-Dia-Mundial-de-la-Normalizacion-15.jpg 1024w\" sizes=\"(max-width: 300px) 100vw, 300px\" \/> instrumentos de opacidad ni freno a la libre competencia, sino herramientas de apoyo para abordar los principales retos del sector tur\u00edstico: sostenibilidad de destinos tur\u00edsticos, inclusi\u00f3n social, generaci\u00f3n de empleos, multiplicaci\u00f3n de riqueza, ingresos y bienestar.<br \/>\nSe\u00f1al\u00f3 que entre los beneficios de contar con un marco regulatorio adecuado en el sector tur\u00edstico, destacan: Elevar la competitividad de las empresas prestadoras de servicios y cadenas de valor; dar certidumbre jur\u00eddica y seguridad a los turistas; conservar el medio ambiente y los recursos naturales; posibilitar el acceso de los prestadores de servicios a los mercados globales; entre otros.<br \/>\n\u201cAs\u00ed pues, necesitamos est\u00e1ndares normativos compatibles con los emitidos a nivel internacional,<img decoding=\"async\" class=\"size-medium wp-image-413575 alignright\" src=\"https:\/\/dimensionturistica.com\/es\/wp-content\/uploads\/2022\/10\/Foro-del-Dia-Mundial-de-la-Normalizacion-16-300x200.jpg\" alt=\"\" width=\"300\" height=\"200\" srcset=\"https:\/\/dimensionturistica.com\/es\/wp-content\/uploads\/2022\/10\/Foro-del-Dia-Mundial-de-la-Normalizacion-16-300x200.jpg 300w, https:\/\/dimensionturistica.com\/es\/wp-content\/uploads\/2022\/10\/Foro-del-Dia-Mundial-de-la-Normalizacion-16-1024x682.jpg 1024w, https:\/\/dimensionturistica.com\/es\/wp-content\/uploads\/2022\/10\/Foro-del-Dia-Mundial-de-la-Normalizacion-16-768x512.jpg 768w, https:\/\/dimensionturistica.com\/es\/wp-content\/uploads\/2022\/10\/Foro-del-Dia-Mundial-de-la-Normalizacion-16-1536x1023.jpg 1536w, https:\/\/dimensionturistica.com\/es\/wp-content\/uploads\/2022\/10\/Foro-del-Dia-Mundial-de-la-Normalizacion-16-750x500.jpg 750w, https:\/\/dimensionturistica.com\/es\/wp-content\/uploads\/2022\/10\/Foro-del-Dia-Mundial-de-la-Normalizacion-16-1140x760.jpg 1140w, https:\/\/dimensionturistica.com\/es\/wp-content\/uploads\/2022\/10\/Foro-del-Dia-Mundial-de-la-Normalizacion-16.jpg 1600w\" sizes=\"(max-width: 300px) 100vw, 300px\" \/> conforme lo mandatan la Ley General de Turismo y la Ley de Infraestructura de la Calidad, a fin de asegurar \u00f3ptimas experiencias a nuestros visitantes y garantizar un feliz regreso a su lugar de origen. Sectur, a trav\u00e9s del Comit\u00e9 Consultivo Nacional de Normalizaci\u00f3n Tur\u00edstica, sus subcomit\u00e9s y grupos de trabajo, revisa, modifica y expide las normas oficiales mexicanas tur\u00edsticas, que permiten a los prestadores de servicios ser m\u00e1s competitivos y brindar mayor calidad en los servicios\u201d, asegur\u00f3.<br \/>\nActualmente, las siete Normas Oficiales Mexicanas vigentes para el sector tur\u00edstico son:<br \/>\n\u00b7 NOM-06-TUR-2017. Campamentos.<img decoding=\"async\" class=\"size-medium wp-image-413586 alignright\" src=\"https:\/\/dimensionturistica.com\/es\/wp-content\/uploads\/2022\/10\/Foro-del-Dia-Mundial-de-la-Normalizacion-6-300x200.jpg\" alt=\"\" width=\"300\" height=\"200\" srcset=\"https:\/\/dimensionturistica.com\/es\/wp-content\/uploads\/2022\/10\/Foro-del-Dia-Mundial-de-la-Normalizacion-6-300x200.jpg 300w, https:\/\/dimensionturistica.com\/es\/wp-content\/uploads\/2022\/10\/Foro-del-Dia-Mundial-de-la-Normalizacion-6-1024x682.jpg 1024w, https:\/\/dimensionturistica.com\/es\/wp-content\/uploads\/2022\/10\/Foro-del-Dia-Mundial-de-la-Normalizacion-6-768x512.jpg 768w, https:\/\/dimensionturistica.com\/es\/wp-content\/uploads\/2022\/10\/Foro-del-Dia-Mundial-de-la-Normalizacion-6-1536x1023.jpg 1536w, https:\/\/dimensionturistica.com\/es\/wp-content\/uploads\/2022\/10\/Foro-del-Dia-Mundial-de-la-Normalizacion-6-750x500.jpg 750w, https:\/\/dimensionturistica.com\/es\/wp-content\/uploads\/2022\/10\/Foro-del-Dia-Mundial-de-la-Normalizacion-6-1140x760.jpg 1140w, https:\/\/dimensionturistica.com\/es\/wp-content\/uploads\/2022\/10\/Foro-del-Dia-Mundial-de-la-Normalizacion-6.jpg 1600w\" sizes=\"(max-width: 300px) 100vw, 300px\" \/><br \/>\n\u00b7 NOM-07-TUR-2002. Seguro de responsabilidad civil de hospedaje.<br \/>\n\u00b7 NOM-08-TUR-2002. Gu\u00edas generales.<br \/>\n\u00b7 NOM-09-TUR-2002. Gu\u00edas especializados.<br \/>\n\u00b7 NOM-010-TUR-2001. Contratos que celebren los prestadores de servicios tur\u00edsticos con los usuarios-Turistas.<br \/>\n\u00b7 NOM-011-TUR-2001. Turismo de Aventura.<br \/>\n\u00b7 NOM-012-TUR-2016. Buceo.<br \/>\nEl secretario de Turismo reiter\u00f3 que \u201choy, nuestras cifras son alentadoras como lo demuestran las estimaciones para el cierre de este 2022, con la llegada de 42 millones 301 mil turistas internacionales, solo 6% por debajo del 2019, dejando una derrama econ\u00f3mica hist\u00f3rica del orden de los 26 mil 121<img decoding=\"async\" class=\"size-medium wp-image-413587 alignright\" src=\"https:\/\/dimensionturistica.com\/es\/wp-content\/uploads\/2022\/10\/Foro-del-Dia-Mundial-de-la-Normalizacion-1-300x225.jpg\" alt=\"\" width=\"300\" height=\"225\" srcset=\"https:\/\/dimensionturistica.com\/es\/wp-content\/uploads\/2022\/10\/Foro-del-Dia-Mundial-de-la-Normalizacion-1-300x225.jpg 300w, https:\/\/dimensionturistica.com\/es\/wp-content\/uploads\/2022\/10\/Foro-del-Dia-Mundial-de-la-Normalizacion-1-1024x768.jpg 1024w, https:\/\/dimensionturistica.com\/es\/wp-content\/uploads\/2022\/10\/Foro-del-Dia-Mundial-de-la-Normalizacion-1-768x576.jpg 768w, https:\/\/dimensionturistica.com\/es\/wp-content\/uploads\/2022\/10\/Foro-del-Dia-Mundial-de-la-Normalizacion-1-1536x1152.jpg 1536w, https:\/\/dimensionturistica.com\/es\/wp-content\/uploads\/2022\/10\/Foro-del-Dia-Mundial-de-la-Normalizacion-1-750x563.jpg 750w, https:\/\/dimensionturistica.com\/es\/wp-content\/uploads\/2022\/10\/Foro-del-Dia-Mundial-de-la-Normalizacion-1-1140x855.jpg 1140w, https:\/\/dimensionturistica.com\/es\/wp-content\/uploads\/2022\/10\/Foro-del-Dia-Mundial-de-la-Normalizacion-1.jpg 1600w\" sizes=\"(max-width: 300px) 100vw, 300px\" \/> millones de d\u00f3lares, rebasando en 6.3% lo registrado en 2019\u201d.<br \/>\nLo anterior, asever\u00f3, gracias a las pol\u00edticas implementadas durante la pandemia por el presidente, Andr\u00e9s Manuel L\u00f3pez Obrador, al no restringir los vuelos internacionales; la puesta en marcha de los protocolos biosanitarios; y la eficaz implementaci\u00f3n del Plan Nacional de Vacunaci\u00f3n.<br \/>\nPor su parte, por su parte el titular de la Procuradur\u00eda Federal del Consumidor (Profeco), Ricardo Sheffield Padilla, coment\u00f3 que \u201cpara que garantizar el cumplimiento de los derechos de los consumidores es importante contar con las normas adecuadas, y la dependencia a su cargo es la encargada de verificar y constatar el cumplimiento de \u00e9stas\u201d.<br \/>\nEn su oportunidad Fadlala Akabani Hneide, secretaria de Desarrollo Econ\u00f3mica de la Ciudad de M\u00e9xico subray\u00f3 que es necesario que los productos y servicios que se ofrecen est\u00e9n apegados a los marcos<img decoding=\"async\" class=\"size-medium wp-image-413585 alignleft\" src=\"https:\/\/dimensionturistica.com\/es\/wp-content\/uploads\/2022\/10\/Foro-del-Dia-Mundial-de-la-Normalizacion-7-300x200.jpg\" alt=\"\" width=\"300\" height=\"200\" srcset=\"https:\/\/dimensionturistica.com\/es\/wp-content\/uploads\/2022\/10\/Foro-del-Dia-Mundial-de-la-Normalizacion-7-300x200.jpg 300w, https:\/\/dimensionturistica.com\/es\/wp-content\/uploads\/2022\/10\/Foro-del-Dia-Mundial-de-la-Normalizacion-7-1024x682.jpg 1024w, https:\/\/dimensionturistica.com\/es\/wp-content\/uploads\/2022\/10\/Foro-del-Dia-Mundial-de-la-Normalizacion-7-768x512.jpg 768w, https:\/\/dimensionturistica.com\/es\/wp-content\/uploads\/2022\/10\/Foro-del-Dia-Mundial-de-la-Normalizacion-7-1536x1023.jpg 1536w, https:\/\/dimensionturistica.com\/es\/wp-content\/uploads\/2022\/10\/Foro-del-Dia-Mundial-de-la-Normalizacion-7-750x500.jpg 750w, https:\/\/dimensionturistica.com\/es\/wp-content\/uploads\/2022\/10\/Foro-del-Dia-Mundial-de-la-Normalizacion-7-1140x760.jpg 1140w, https:\/\/dimensionturistica.com\/es\/wp-content\/uploads\/2022\/10\/Foro-del-Dia-Mundial-de-la-Normalizacion-7.jpg 1600w\" sizes=\"(max-width: 300px) 100vw, 300px\" \/> normativos y a la formalidad.<br \/>\nEn tanto Hector Tejada Shaar, presidente de la Confederaci\u00f3n de C\u00e1maras Nacionales de Comercio, Servicios y Turismo (Concanaco-Servytur) destac\u00f3 que cada d\u00eda el organismo que encabeza trabaja para elevar todos los est\u00e1ndares de calidad y hacer que se cumplan las regulaciones y normativas.<br \/>\nEl presidente de la C\u00e1mara Nacional de Comercio de la Ciudad de M\u00e9xico (Canaco-Servytur CDMX), Jos\u00e9 de Jes\u00fas Rodr\u00edguez C\u00e1rdenas, agradeci\u00f3 la presencia de las autoridades y los dirigentes empresariales que se dieron cita en este foro \u201ccuyo prop\u00f3sito principal es comunicar lo que representa la normalizaci\u00f3n para el desarrollo del pa\u00eds, pues propicia que a trav\u00e9s de los servicios y productos se garantice el cumplimiento de los est\u00e1ndares de calidad en beneficio de los ciudadanos\u201d.<br \/>\nDurante la celebraci\u00f3n del Foro tambi\u00e9n se cont\u00f3 con la presencia de Humberto Hern\u00e1ndez Haddad, subsecretario de Turismo; Francisco Cervantes D\u00edaz, presidente del Consejo Coordinador Empresarial<img decoding=\"async\" class=\"size-medium wp-image-413584 alignright\" src=\"https:\/\/dimensionturistica.com\/es\/wp-content\/uploads\/2022\/10\/Foro-del-Dia-Mundial-de-la-Normalizacion-8-300x159.jpg\" alt=\"\" width=\"300\" height=\"159\" srcset=\"https:\/\/dimensionturistica.com\/es\/wp-content\/uploads\/2022\/10\/Foro-del-Dia-Mundial-de-la-Normalizacion-8-300x159.jpg 300w, https:\/\/dimensionturistica.com\/es\/wp-content\/uploads\/2022\/10\/Foro-del-Dia-Mundial-de-la-Normalizacion-8-1024x544.jpg 1024w, https:\/\/dimensionturistica.com\/es\/wp-content\/uploads\/2022\/10\/Foro-del-Dia-Mundial-de-la-Normalizacion-8-768x408.jpg 768w, https:\/\/dimensionturistica.com\/es\/wp-content\/uploads\/2022\/10\/Foro-del-Dia-Mundial-de-la-Normalizacion-8-1536x816.jpg 1536w, https:\/\/dimensionturistica.com\/es\/wp-content\/uploads\/2022\/10\/Foro-del-Dia-Mundial-de-la-Normalizacion-8-750x398.jpg 750w, https:\/\/dimensionturistica.com\/es\/wp-content\/uploads\/2022\/10\/Foro-del-Dia-Mundial-de-la-Normalizacion-8-1140x606.jpg 1140w, https:\/\/dimensionturistica.com\/es\/wp-content\/uploads\/2022\/10\/Foro-del-Dia-Mundial-de-la-Normalizacion-8.jpg 1600w\" sizes=\"(max-width: 300px) 100vw, 300px\" \/> (CCE); Jos\u00e9 Antonio Centeno Reyes, presidente de C\u00e1mara Nacional de la Industria de Transformaci\u00f3n (Canacintra); Francisco Solares Alem\u00e1n, presidente de la C\u00e1mara Mexicana de la Industria de la Construcci\u00f3n (CMIC); Jos\u00e9 Antonio Abugaber Andonie, presidente de la Confederaci\u00f3n de C\u00e1maras Industriales (Concamin); Juan Manuel Rosales Salazar, presidente del Consejo Mexicano de Normalizaci\u00f3n y Evaluaci\u00f3n de la Conformidad (Comenor); Mario Gorena Mireles, presidente de la Entidad Mexicana de Acreditaci\u00f3n; entre otros.<\/p>\n<p>&nbsp;<\/p>\n","protected":false},"excerpt":{"rendered":"<p>El secretario de Turismo del Gobierno de M\u00e9xico, Miguel Torruco Marqu\u00e9s, dio a conocer que la dependencia a su cargo trabaja en la instrumentaci\u00f3n de una nueva generaci\u00f3n de normas y est\u00e1ndares regulatorios, que se sumar\u00e1n a los ya existentes, en beneficio de los prestadores de servicios tur\u00edsticos, as\u00ed como a todas las empresas que [&hellip;]<\/p>\n","protected":false},"author":1,"featured_media":413587,"comment_status":"open","ping_status":"closed","sticky":false,"template":"","format":"standard","meta":{"om_disable_all_campaigns":false,"jnews-multi-image_gallery":[],"jnews_single_post":{"source_name":"","source_url":"","via_name":"","via_url":"","override_template":"0","override":[{"template":"1","single_blog_custom":"","parallax":"1","fullscreen":"1","layout":"right-sidebar","sidebar":"default-sidebar","second_sidebar":"default-sidebar","sticky_sidebar":"1","share_position":"top","share_float_style":"share-monocrhome","show_share_counter":"1","show_view_counter":"1","show_featured":"1","show_post_meta":"1","show_post_author":"1","show_post_author_image":"1","show_post_date":"1","post_date_format":"default","post_date_format_custom":"Y\/m\/d","show_post_category":"1","show_post_reading_time":"0","post_reading_time_wpm":"300","show_zoom_button":"0","zoom_button_out_step":"2","zoom_button_in_step":"3","show_post_tag":"1","show_prev_next_post":"1","show_popup_post":"1","number_popup_post":"1","show_author_box":"0","show_post_related":"0","show_inline_post_related":"0"}],"override_image_size":"0","image_override":[{"single_post_thumbnail_size":"crop-500","single_post_gallery_size":"crop-500"}],"trending_post":"0","trending_post_position":"meta","trending_post_label":"Trending","sponsored_post":"0","sponsored_post_label":"Sponsored by","sponsored_post_name":"","sponsored_post_url":"","sponsored_post_logo_enable":"0","sponsored_post_logo":"","sponsored_post_desc":"","disable_ad":"0"},"jnews_primary_category":{"id":"","hide":""},"jnews_social_meta":{"fb_title":"","fb_description":"","fb_image":"","twitter_title":"","twitter_description":"","twitter_image":""},"footnotes":""},"categories":[39],"tags":[],"class_list":["post-413571","post","type-post","status-publish","format-standard","has-post-thumbnail","hentry","category-viajes"],"_links":{"self":[{"href":"https:\/\/dimensionturistica.com\/es\/wp-json\/wp\/v2\/posts\/413571","targetHints":{"allow":["GET"]}}],"collection":[{"href":"https:\/\/dimensionturistica.com\/es\/wp-json\/wp\/v2\/posts"}],"about":[{"href":"https:\/\/dimensionturistica.com\/es\/wp-json\/wp\/v2\/types\/post"}],"author":[{"embeddable":true,"href":"https:\/\/dimensionturistica.com\/es\/wp-json\/wp\/v2\/users\/1"}],"replies":[{"embeddable":true,"href":"https:\/\/dimensionturistica.com\/es\/wp-json\/wp\/v2\/comments?post=413571"}],"version-history":[{"count":0,"href":"https:\/\/dimensionturistica.com\/es\/wp-json\/wp\/v2\/posts\/413571\/revisions"}],"wp:featuredmedia":[{"embeddable":true,"href":"https:\/\/dimensionturistica.com\/es\/wp-json\/wp\/v2\/media\/413587"}],"wp:attachment":[{"href":"https:\/\/dimensionturistica.com\/es\/wp-json\/wp\/v2\/media?parent=413571"}],"wp:term":[{"taxonomy":"category","embeddable":true,"href":"https:\/\/dimensionturistica.com\/es\/wp-json\/wp\/v2\/categories?post=413571"},{"taxonomy":"post_tag","embeddable":true,"href":"https:\/\/dimensionturistica.com\/es\/wp-json\/wp\/v2\/tags?post=413571"}],"curies":[{"name":"wp","href":"https:\/\/api.w.org\/{rel}","templated":true}]}}