{"id":413559,"date":"2022-10-26T20:34:03","date_gmt":"2022-10-26T20:34:03","guid":{"rendered":"https:\/\/dimensionturistica.com\/es\/?p=413559"},"modified":"2022-10-26T20:34:03","modified_gmt":"2022-10-26T20:34:03","slug":"apm-terminals-callao-mas-de-6000-turistas-llegaran-en-cruceros-este-ano-noticias","status":"publish","type":"post","link":"https:\/\/dimensionturistica.com\/es\/apm-terminals-callao-mas-de-6000-turistas-llegaran-en-cruceros-este-ano-noticias\/","title":{"rendered":"APM Terminals Callao: m\u00e1s de 6,000 turistas llegar\u00e1n en cruceros este a\u00f1o | Noticias"},"content":{"rendered":"<p> <br \/>\n<\/p>\n<p style=\"display: inline;\">\n                        El gerente Authorized y Asuntos Corporativos de APM Terminals Callao, Manuel Galup, proyect\u00f3 que al cierre de este a\u00f1o se estima la visita de m\u00e1s de 6,000 turistas en cruceros.<\/p>\n<div>\n<p>\u201cLa reactivaci\u00f3n de la llegada de cruceros tambi\u00e9n contribuye al crecimiento de los emprendimientos peruanos. Para el cierre de este a\u00f1o se estima la visita de m\u00e1s de 6,000 turistas\u201d, manifest\u00f3.\u00a0<\/p>\n<p>Como parte del impulso a la reactivaci\u00f3n tur\u00edstica y econ\u00f3mica, APM Terminals Callao establece un espacio del terminal para la exhibici\u00f3n y venta de productos peruanos hechos por la Asociaci\u00f3n de Artesanos Productores de Fomento Artesanal del Callao (APROFA), conformada por diversos artesanos locales.\u00a0<\/p>\n<p>\u201cEl arribo de estas embarcaciones tur\u00edsticas nos permite seguir contribuyendo con el desarrollo social y econ\u00f3mico del pa\u00eds, puesto que somos la principal entrada mar\u00edtima para el comercio exterior y turismo\u201d, dijo el gerente Authorized y Asuntos Corporativos de APM Terminals Callao, Manuel Galup.\u00a0<\/p>\n<p>Nuestro compromiso es a largo plazo con el pa\u00eds, por lo que seguiremos impulsando las mejoras en nuestra infraestructura para mantenernos como uno de los puertos m\u00e1s importantes del pa\u00eds y la regi\u00f3n\u201d, destac\u00f3.\u00a0<\/p>\n<p><strong>Impulso\u00a0<\/strong><\/p>\n<p>Hoy, arrib\u00f3 el crucero Seabourn Enterprise con m\u00e1s de 150 pasajeros que desembarcaron en el principal puerto del pa\u00eds, ya sea como \u00faltimo destino o para realizar una visita por los lugares m\u00e1s emblem\u00e1ticos de la capital, inform\u00f3 hoy APM Terminals Callao.\u00a0<\/p>\n<p>Se trata del \u00faltimo crucero de la empresa Seabourn, el cual parti\u00f3 en setiembre de Islandia. Actualmente, viene realizando un recorrido que incluye pa\u00edses como Chile y Brasil. La nave tendr\u00e1 como \u00faltima parada en Ushuaia, Argentina, para luego partir hacia nuevas expediciones ant\u00e1rticas.\u00a0<\/p>\n<p>Este buque tiene un eslora de 172 metros, cuenta con diez cubiertas, 132 cabinas ubicadas en cuatro de sus cubiertas. Seg\u00fan el tramo, los valores de los viajes a bordo del Seabourn Enterprise rondan entre los 6,000 d\u00f3lares y los 35,000 d\u00f3lares.\u00a0<\/p>\n<p>El pasado s\u00e1bado 22 de octubre, APM Terminals Callao anunci\u00f3 la llegada del primer crucero tur\u00edstico de lujo que lleg\u00f3 al Terminal Norte Multiprop\u00f3sito del puerto del Callao tras dos a\u00f1os de pandemia.\u00a0<\/p>\n<p>\u00a0<\/p>\n<p><strong>M\u00e1s en Andina:<\/strong><\/p>\n<blockquote class=\"twitter-tweet\">\n<p lang=\"es\" dir=\"ltr\">El viceministro de Econom\u00eda, Alex Contreras, inform\u00f3 hoy que el aporte excepcional del Estado a Petroper\u00fa busca garantizar el abastecimiento de flamable en todo el \u00e1mbito nacional. <a rel=\"nofollow noopener\" target=\"_blank\" href=\"https:\/\/t.co\/wJfwVtM4FE\">https:\/\/t.co\/wJfwVtM4FE<\/a> <\/p>\n<p>? Por Sonia Dominguez <a rel=\"nofollow noopener\" target=\"_blank\" href=\"https:\/\/t.co\/lLOv7HtKVC\">pic.twitter.com\/lLOv7HtKVC<\/a><\/p>\n<p>\u2014 Agencia Andina (@Agencia_Andina) <a rel=\"nofollow noopener\" target=\"_blank\" href=\"https:\/\/twitter.com\/Agencia_Andina\/status\/1585348561147162626?ref_src=twsrc%5Etfw\">October 26, 2022<\/a><\/p><\/blockquote>\n<p>(FIN) NDP\/SDD<\/p>\n<\/div>\n<p><script async src=\"\/\/platform.twitter.com\/widgets.js\" charset=\"utf-8\"><\/script><br \/>\n<br \/><\/p>\n<p><em> &#8221; Fuentes news.google.com &#8221; <\/em><\/p>\n","protected":false},"excerpt":{"rendered":"<p>El gerente Authorized y Asuntos Corporativos de APM Terminals Callao, Manuel Galup, proyect\u00f3 que al cierre de este a\u00f1o se estima la visita de m\u00e1s de 6,000 turistas en cruceros. \u201cLa reactivaci\u00f3n de la llegada de cruceros tambi\u00e9n contribuye al crecimiento de los emprendimientos peruanos. Para el cierre de este a\u00f1o se estima la visita [&hellip;]<\/p>\n","protected":false},"author":4,"featured_media":413560,"comment_status":"open","ping_status":"closed","sticky":false,"template":"","format":"standard","meta":{"om_disable_all_campaigns":false,"jnews-multi-image_gallery":[],"jnews_single_post":[],"jnews_primary_category":[],"jnews_social_meta":[],"footnotes":""},"categories":[41],"tags":[543,715,619,544,570],"class_list":["post-413559","post","type-post","status-publish","format-standard","has-post-thumbnail","hentry","category-cruceros","tag-cruceros","tag-economia","tag-reactivacion","tag-turismo","tag-turistas"],"_links":{"self":[{"href":"https:\/\/dimensionturistica.com\/es\/wp-json\/wp\/v2\/posts\/413559","targetHints":{"allow":["GET"]}}],"collection":[{"href":"https:\/\/dimensionturistica.com\/es\/wp-json\/wp\/v2\/posts"}],"about":[{"href":"https:\/\/dimensionturistica.com\/es\/wp-json\/wp\/v2\/types\/post"}],"author":[{"embeddable":true,"href":"https:\/\/dimensionturistica.com\/es\/wp-json\/wp\/v2\/users\/4"}],"replies":[{"embeddable":true,"href":"https:\/\/dimensionturistica.com\/es\/wp-json\/wp\/v2\/comments?post=413559"}],"version-history":[{"count":0,"href":"https:\/\/dimensionturistica.com\/es\/wp-json\/wp\/v2\/posts\/413559\/revisions"}],"wp:featuredmedia":[{"embeddable":true,"href":"https:\/\/dimensionturistica.com\/es\/wp-json\/wp\/v2\/media\/413560"}],"wp:attachment":[{"href":"https:\/\/dimensionturistica.com\/es\/wp-json\/wp\/v2\/media?parent=413559"}],"wp:term":[{"taxonomy":"category","embeddable":true,"href":"https:\/\/dimensionturistica.com\/es\/wp-json\/wp\/v2\/categories?post=413559"},{"taxonomy":"post_tag","embeddable":true,"href":"https:\/\/dimensionturistica.com\/es\/wp-json\/wp\/v2\/tags?post=413559"}],"curies":[{"name":"wp","href":"https:\/\/api.w.org\/{rel}","templated":true}]}}