{"id":413219,"date":"2022-10-26T10:47:15","date_gmt":"2022-10-26T10:47:15","guid":{"rendered":"https:\/\/dimensionturistica.com\/es\/?p=413219"},"modified":"2022-10-26T10:47:15","modified_gmt":"2022-10-26T10:47:15","slug":"fotogaleria-no-se-pierda-las-mejores-imagenes-del-crucero","status":"publish","type":"post","link":"https:\/\/dimensionturistica.com\/es\/fotogaleria-no-se-pierda-las-mejores-imagenes-del-crucero\/","title":{"rendered":"FOTOGALER\u00cdA- No se pierda las mejores im\u00e1genes del crucero&#8230;"},"content":{"rendered":"<p> <br \/>\n<\/p>\n<div>\n<p style=\"text-align: center;\"><span style=\"font-size:18px;\">El crucero boutique Hebridean Sky ha estado en Ceuta por primera vez, en unos momentos en que el sector parece tomar impulso tras el par\u00f3n con motivo de la pandemia. Con 200 personas a bordo, la estancia del nav\u00edo en el Puerto ceut\u00ed ha dejado unas cuantas, y hermosas, im\u00e1genes que pueden ver aqu\u00ed. <\/span><\/p>\n<\/p><\/div>\n\n<p><em> &#8221; Fuentes news.google.com &#8221; <\/em><\/p>\n","protected":false},"excerpt":{"rendered":"<p>El crucero boutique Hebridean Sky ha estado en Ceuta por primera vez, en unos momentos en que el sector parece tomar impulso tras el par\u00f3n con motivo de la pandemia. Con 200 personas a bordo, la estancia del nav\u00edo en el Puerto ceut\u00ed ha dejado unas cuantas, y hermosas, im\u00e1genes que pueden ver aqu\u00ed. &#8221; [&hellip;]<\/p>\n","protected":false},"author":4,"featured_media":413220,"comment_status":"open","ping_status":"closed","sticky":false,"template":"","format":"standard","meta":{"om_disable_all_campaigns":false,"jnews-multi-image_gallery":[],"jnews_single_post":[],"jnews_primary_category":[],"jnews_social_meta":[],"footnotes":""},"categories":[41],"tags":[543],"class_list":["post-413219","post","type-post","status-publish","format-standard","has-post-thumbnail","hentry","category-cruceros","tag-cruceros"],"_links":{"self":[{"href":"https:\/\/dimensionturistica.com\/es\/wp-json\/wp\/v2\/posts\/413219","targetHints":{"allow":["GET"]}}],"collection":[{"href":"https:\/\/dimensionturistica.com\/es\/wp-json\/wp\/v2\/posts"}],"about":[{"href":"https:\/\/dimensionturistica.com\/es\/wp-json\/wp\/v2\/types\/post"}],"author":[{"embeddable":true,"href":"https:\/\/dimensionturistica.com\/es\/wp-json\/wp\/v2\/users\/4"}],"replies":[{"embeddable":true,"href":"https:\/\/dimensionturistica.com\/es\/wp-json\/wp\/v2\/comments?post=413219"}],"version-history":[{"count":0,"href":"https:\/\/dimensionturistica.com\/es\/wp-json\/wp\/v2\/posts\/413219\/revisions"}],"wp:featuredmedia":[{"embeddable":true,"href":"https:\/\/dimensionturistica.com\/es\/wp-json\/wp\/v2\/media\/413220"}],"wp:attachment":[{"href":"https:\/\/dimensionturistica.com\/es\/wp-json\/wp\/v2\/media?parent=413219"}],"wp:term":[{"taxonomy":"category","embeddable":true,"href":"https:\/\/dimensionturistica.com\/es\/wp-json\/wp\/v2\/categories?post=413219"},{"taxonomy":"post_tag","embeddable":true,"href":"https:\/\/dimensionturistica.com\/es\/wp-json\/wp\/v2\/tags?post=413219"}],"curies":[{"name":"wp","href":"https:\/\/api.w.org\/{rel}","templated":true}]}}