{"id":413074,"date":"2022-10-26T03:57:18","date_gmt":"2022-10-26T03:57:18","guid":{"rendered":"https:\/\/dimensionturistica.com\/es\/?p=413074"},"modified":"2022-10-26T03:57:18","modified_gmt":"2022-10-26T03:57:18","slug":"la-habana-tendra-nuevas-capacidades-hoteleras-para-la-temporada-turistica-2022-2023","status":"publish","type":"post","link":"https:\/\/dimensionturistica.com\/es\/la-habana-tendra-nuevas-capacidades-hoteleras-para-la-temporada-turistica-2022-2023\/","title":{"rendered":"La Habana tendr\u00e1 nuevas capacidades hoteleras para la temporada tur\u00edstica 2022-2023"},"content":{"rendered":"<p> <br \/>\n<\/p>\n<div>\n<figure class=\"wp-block-image size-large\"><img decoding=\"async\" width=\"620\" height=\"465\" src=\"https:\/\/www.traveltradecaribbean.es\/wp-content\/uploads\/2022\/10\/20221025_112411-620x465.jpg\" alt=\"\" class=\"wp-image-55272\" srcset=\"https:\/\/www.traveltradecaribbean.es\/wp-content\/uploads\/2022\/10\/20221025_112411-620x465.jpg 620w, https:\/\/www.traveltradecaribbean.es\/wp-content\/uploads\/2022\/10\/20221025_112411-300x225.jpg 300w, https:\/\/www.traveltradecaribbean.es\/wp-content\/uploads\/2022\/10\/20221025_112411-768x576.jpg 768w, https:\/\/www.traveltradecaribbean.es\/wp-content\/uploads\/2022\/10\/20221025_112411-1536x1152.jpg 1536w, https:\/\/www.traveltradecaribbean.es\/wp-content\/uploads\/2022\/10\/20221025_112411-2048x1536.jpg 2048w\" sizes=\"(max-width: 620px) 100vw, 620px\"\/><figcaption>Lodge Palacio de Los Corredores. Foto: TTC.<\/figcaption><\/figure>\n<p>Durante la segunda jornada de la <strong><a rel=\"nofollow noopener\" target=\"_blank\" href=\"https:\/\/www.traveltradecaribbean.es\/comenzo-en-la-habana-la-iv-bolsa-turistica-destinos-gaviota-2022\/\">IV Bolsa Tur\u00edstica Destinos Gaviota 2022<\/a><\/strong>, que sesiona en La Habana hasta el viernes 28 de octubre, se conoci\u00f3 acerca de las pr\u00f3ximas aperturas que tendr\u00e1n lugar en la capital cubana, as\u00ed como de las nuevas capacidades creadas y el trabajo realizado para mejorar las condiciones y atractivos del m\u00e1s importante destino cultural de la isla caribe\u00f1a.<\/p>\n<p>Un recorrido por las instalaciones de Hoteles Habaguanex permiti\u00f3 a los participantes a la cita obtener de primera mano pormenores relacionados con las capacidades disponibles en el centro hist\u00f3rico de la ciudad y el proceso de remozamiento desarrollado durante el periodo de cierre provocado por la pandemia de Covid-19.<\/p>\n<figure class=\"wp-block-image size-large\"><img decoding=\"async\" loading=\"lazy\" width=\"620\" height=\"465\" src=\"https:\/\/www.traveltradecaribbean.es\/wp-content\/uploads\/2022\/10\/Hotel-Regis-620x465.jpg\" alt=\"\" class=\"wp-image-55268\" srcset=\"https:\/\/www.traveltradecaribbean.es\/wp-content\/uploads\/2022\/10\/Hotel-Regis-620x465.jpg 620w, https:\/\/www.traveltradecaribbean.es\/wp-content\/uploads\/2022\/10\/Hotel-Regis-300x225.jpg 300w, https:\/\/www.traveltradecaribbean.es\/wp-content\/uploads\/2022\/10\/Hotel-Regis-768x576.jpg 768w, https:\/\/www.traveltradecaribbean.es\/wp-content\/uploads\/2022\/10\/Hotel-Regis-1536x1152.jpg 1536w, https:\/\/www.traveltradecaribbean.es\/wp-content\/uploads\/2022\/10\/Hotel-Regis-2048x1536.jpg 2048w\" sizes=\"auto, (max-width: 620px) 100vw, 620px\"\/><figcaption>Lodge Regis. Foto: TTC.<\/figcaption><\/figure>\n<figure class=\"wp-block-image size-large\"><img decoding=\"async\" loading=\"lazy\" width=\"620\" height=\"465\" src=\"https:\/\/www.traveltradecaribbean.es\/wp-content\/uploads\/2022\/10\/Hotel-Regis-terraza-620x465.jpg\" alt=\"\" class=\"wp-image-55270\" srcset=\"https:\/\/www.traveltradecaribbean.es\/wp-content\/uploads\/2022\/10\/Hotel-Regis-terraza-620x465.jpg 620w, https:\/\/www.traveltradecaribbean.es\/wp-content\/uploads\/2022\/10\/Hotel-Regis-terraza-300x225.jpg 300w, https:\/\/www.traveltradecaribbean.es\/wp-content\/uploads\/2022\/10\/Hotel-Regis-terraza-768x576.jpg 768w, https:\/\/www.traveltradecaribbean.es\/wp-content\/uploads\/2022\/10\/Hotel-Regis-terraza-1536x1152.jpg 1536w, https:\/\/www.traveltradecaribbean.es\/wp-content\/uploads\/2022\/10\/Hotel-Regis-terraza-2048x1536.jpg 2048w\" sizes=\"auto, (max-width: 620px) 100vw, 620px\"\/><figcaption>Terraza del Lodge Regis. Foto: TTC.<\/figcaption><\/figure>\n<figure class=\"wp-block-image size-large\"><img decoding=\"async\" loading=\"lazy\" width=\"465\" height=\"620\" src=\"https:\/\/www.traveltradecaribbean.es\/wp-content\/uploads\/2022\/10\/hotel-Marques-de-San-Felipe-y-Santiago-de-Bejucal-465x620.jpg\" alt=\"\" class=\"wp-image-55271\" srcset=\"https:\/\/www.traveltradecaribbean.es\/wp-content\/uploads\/2022\/10\/hotel-Marques-de-San-Felipe-y-Santiago-de-Bejucal-465x620.jpg 465w, https:\/\/www.traveltradecaribbean.es\/wp-content\/uploads\/2022\/10\/hotel-Marques-de-San-Felipe-y-Santiago-de-Bejucal-225x300.jpg 225w, https:\/\/www.traveltradecaribbean.es\/wp-content\/uploads\/2022\/10\/hotel-Marques-de-San-Felipe-y-Santiago-de-Bejucal-768x1024.jpg 768w, https:\/\/www.traveltradecaribbean.es\/wp-content\/uploads\/2022\/10\/hotel-Marques-de-San-Felipe-y-Santiago-de-Bejucal-1152x1536.jpg 1152w, https:\/\/www.traveltradecaribbean.es\/wp-content\/uploads\/2022\/10\/hotel-Marques-de-San-Felipe-y-Santiago-de-Bejucal-1536x2048.jpg 1536w, https:\/\/www.traveltradecaribbean.es\/wp-content\/uploads\/2022\/10\/hotel-Marques-de-San-Felipe-y-Santiago-de-Bejucal-scaled.jpg 1920w\" sizes=\"auto, (max-width: 465px) 100vw, 465px\"\/><figcaption>Lodge Marqu\u00e9s de San Felipe y Santiago de Bejucal. Foto: TTC.<\/figcaption><\/figure>\n<figure class=\"wp-block-image size-large\"><img decoding=\"async\" loading=\"lazy\" width=\"620\" height=\"465\" src=\"https:\/\/www.traveltradecaribbean.es\/wp-content\/uploads\/2022\/10\/20221025_112246-620x465.jpg\" alt=\"\" class=\"wp-image-55274\" srcset=\"https:\/\/www.traveltradecaribbean.es\/wp-content\/uploads\/2022\/10\/20221025_112246-620x465.jpg 620w, https:\/\/www.traveltradecaribbean.es\/wp-content\/uploads\/2022\/10\/20221025_112246-300x225.jpg 300w, https:\/\/www.traveltradecaribbean.es\/wp-content\/uploads\/2022\/10\/20221025_112246-768x576.jpg 768w, https:\/\/www.traveltradecaribbean.es\/wp-content\/uploads\/2022\/10\/20221025_112246-1536x1152.jpg 1536w, https:\/\/www.traveltradecaribbean.es\/wp-content\/uploads\/2022\/10\/20221025_112246-2048x1536.jpg 2048w\" sizes=\"auto, (max-width: 620px) 100vw, 620px\"\/><figcaption>Lodge Palacio de Los Corredores. Foto: TTC.<\/figcaption><\/figure>\n<figure class=\"wp-block-image size-large\"><img decoding=\"async\" loading=\"lazy\" width=\"620\" height=\"465\" src=\"https:\/\/www.traveltradecaribbean.es\/wp-content\/uploads\/2022\/10\/turismo-inclusivo-en-Hotel-Los-Corredores-620x465.jpg\" alt=\"\" class=\"wp-image-55269\" srcset=\"https:\/\/www.traveltradecaribbean.es\/wp-content\/uploads\/2022\/10\/turismo-inclusivo-en-Hotel-Los-Corredores-620x465.jpg 620w, https:\/\/www.traveltradecaribbean.es\/wp-content\/uploads\/2022\/10\/turismo-inclusivo-en-Hotel-Los-Corredores-300x225.jpg 300w, https:\/\/www.traveltradecaribbean.es\/wp-content\/uploads\/2022\/10\/turismo-inclusivo-en-Hotel-Los-Corredores-768x576.jpg 768w, https:\/\/www.traveltradecaribbean.es\/wp-content\/uploads\/2022\/10\/turismo-inclusivo-en-Hotel-Los-Corredores-1536x1152.jpg 1536w, https:\/\/www.traveltradecaribbean.es\/wp-content\/uploads\/2022\/10\/turismo-inclusivo-en-Hotel-Los-Corredores-2048x1536.jpg 2048w\" sizes=\"auto, (max-width: 620px) 100vw, 620px\"\/><figcaption>El resort Palacio de Los Corredores apuesta por el turismo inclusivo. Foto: TTC.<\/figcaption><\/figure>\n<p>Para diciembre pr\u00f3ximo est\u00e1 previsto la apertura del Gran Muthu Habana, ubicado en la zona oeste de la ciudad, y que forma parte de las as soon as instalaciones que la cadena MGM Muthu Inns posee en el pa\u00eds. Asimismo, tambi\u00e9n fue noticia la reapertura para el \u00faltimo mes del a\u00f1o del Lodge Tel\u00e9grafo, primer alojamiento dedicado a la comunidad LGBTIQ+ en la capital cubana.<\/p>\n<figure class=\"wp-block-image size-large\"><img decoding=\"async\" loading=\"lazy\" width=\"620\" height=\"465\" src=\"https:\/\/www.traveltradecaribbean.es\/wp-content\/uploads\/2022\/10\/Hotel-Telegrafo-620x465.jpg\" alt=\"\" class=\"wp-image-55267\" srcset=\"https:\/\/www.traveltradecaribbean.es\/wp-content\/uploads\/2022\/10\/Hotel-Telegrafo-620x465.jpg 620w, https:\/\/www.traveltradecaribbean.es\/wp-content\/uploads\/2022\/10\/Hotel-Telegrafo-300x225.jpg 300w, https:\/\/www.traveltradecaribbean.es\/wp-content\/uploads\/2022\/10\/Hotel-Telegrafo-768x576.jpg 768w, https:\/\/www.traveltradecaribbean.es\/wp-content\/uploads\/2022\/10\/Hotel-Telegrafo-1536x1152.jpg 1536w, https:\/\/www.traveltradecaribbean.es\/wp-content\/uploads\/2022\/10\/Hotel-Telegrafo-2048x1536.jpg 2048w\" sizes=\"auto, (max-width: 620px) 100vw, 620px\"\/><figcaption>Lodge Tel\u00e9grafo. Foto: TTC.<\/figcaption><\/figure>\n<figure class=\"wp-block-image size-large\"><img decoding=\"async\" loading=\"lazy\" width=\"620\" height=\"465\" src=\"https:\/\/www.traveltradecaribbean.es\/wp-content\/uploads\/2022\/10\/Hotel-Muthu-Hotels-lobby-620x465.jpg\" alt=\"\" class=\"wp-image-55279\" srcset=\"https:\/\/www.traveltradecaribbean.es\/wp-content\/uploads\/2022\/10\/Hotel-Muthu-Hotels-lobby-620x465.jpg 620w, https:\/\/www.traveltradecaribbean.es\/wp-content\/uploads\/2022\/10\/Hotel-Muthu-Hotels-lobby-300x225.jpg 300w, https:\/\/www.traveltradecaribbean.es\/wp-content\/uploads\/2022\/10\/Hotel-Muthu-Hotels-lobby-768x576.jpg 768w, https:\/\/www.traveltradecaribbean.es\/wp-content\/uploads\/2022\/10\/Hotel-Muthu-Hotels-lobby-1536x1152.jpg 1536w, https:\/\/www.traveltradecaribbean.es\/wp-content\/uploads\/2022\/10\/Hotel-Muthu-Hotels-lobby-2048x1536.jpg 2048w\" sizes=\"auto, (max-width: 620px) 100vw, 620px\"\/><figcaption>Lodge Gran Muthu Habana. Foto: TTC.<\/figcaption><\/figure>\n<figure class=\"wp-block-image size-large\"><img decoding=\"async\" loading=\"lazy\" width=\"465\" height=\"620\" src=\"https:\/\/www.traveltradecaribbean.es\/wp-content\/uploads\/2022\/10\/Hotel-Muthu-Hotels-465x620.jpg\" alt=\"\" class=\"wp-image-55280\" srcset=\"https:\/\/www.traveltradecaribbean.es\/wp-content\/uploads\/2022\/10\/Hotel-Muthu-Hotels-465x620.jpg 465w, https:\/\/www.traveltradecaribbean.es\/wp-content\/uploads\/2022\/10\/Hotel-Muthu-Hotels-225x300.jpg 225w, https:\/\/www.traveltradecaribbean.es\/wp-content\/uploads\/2022\/10\/Hotel-Muthu-Hotels-768x1024.jpg 768w, https:\/\/www.traveltradecaribbean.es\/wp-content\/uploads\/2022\/10\/Hotel-Muthu-Hotels-1152x1536.jpg 1152w, https:\/\/www.traveltradecaribbean.es\/wp-content\/uploads\/2022\/10\/Hotel-Muthu-Hotels-1536x2048.jpg 1536w, https:\/\/www.traveltradecaribbean.es\/wp-content\/uploads\/2022\/10\/Hotel-Muthu-Hotels-scaled.jpg 1920w\" sizes=\"auto, (max-width: 465px) 100vw, 465px\"\/><figcaption>Lodge Gran Muthu Habana. Foto: TTC.<\/figcaption><\/figure>\n<p>Durante la jornada vespertina de la cita, el <strong>Lodge Gran Aston La Habana<\/strong> acogi\u00f3 un Workshop en el cual las cadenas hoteleras, agencias y turoperadores intercambiaron directamente sobre sus respectivas ofertas y servicios.<\/p>\n<figure class=\"wp-block-image size-large\"><img decoding=\"async\" loading=\"lazy\" width=\"620\" height=\"465\" src=\"https:\/\/www.traveltradecaribbean.es\/wp-content\/uploads\/2022\/10\/IMG-20221025-WA0002-620x465.jpg\" alt=\"\" class=\"wp-image-55292\" srcset=\"https:\/\/www.traveltradecaribbean.es\/wp-content\/uploads\/2022\/10\/IMG-20221025-WA0002-620x465.jpg 620w, https:\/\/www.traveltradecaribbean.es\/wp-content\/uploads\/2022\/10\/IMG-20221025-WA0002-300x225.jpg 300w, https:\/\/www.traveltradecaribbean.es\/wp-content\/uploads\/2022\/10\/IMG-20221025-WA0002-768x576.jpg 768w, https:\/\/www.traveltradecaribbean.es\/wp-content\/uploads\/2022\/10\/IMG-20221025-WA0002.jpg 1000w\" sizes=\"auto, (max-width: 620px) 100vw, 620px\"\/><figcaption>Workshop en el Lodge Gran Aston La Habana. Foto: TTC.<\/figcaption><\/figure>\n<p>Hasta el d\u00eda 28, hoteleros, agentes de viajes, transportistas, medios de prensa y otros proveedores de servicios tur\u00edsticos se reencontrar\u00e1n para fortalecer sus v\u00ednculos de trabajo en la isla y tambi\u00e9n para, felizmente, vivir y saborear ese c\u00f3ctel de emociones que prometen Cuba y su cultura.<\/p>\n<p>Destinos Gaviota 2022 deviene una excelente oportunidad para mostrar a los profesionales del sector tur\u00edstico de Cuba y el mundo las principales novedades que el Grupo de Turismo Gaviota propone para la venidera temporada alta.<\/p>\n<blockquote class=\"twitter-tweet\">\n<p dir=\"ltr\" lang=\"es\">Ministro de Turismo de Cuba da la bienvenida a los participantes en IV Bolsa Tur\u00edstica <a rel=\"nofollow noopener\" target=\"_blank\" href=\"https:\/\/twitter.com\/hashtag\/DestinosGaviota?src=hash&amp;ref_src=twsrc%5Etfw\">#DestinosGaviota<\/a>. La Habana, 24 de octubre de 2022.<a rel=\"nofollow noopener\" target=\"_blank\" href=\"https:\/\/twitter.com\/hashtag\/DestinosGaviota2022?src=hash&amp;ref_src=twsrc%5Etfw\">#DestinosGaviota2022<\/a> <a rel=\"nofollow noopener\" target=\"_blank\" href=\"https:\/\/twitter.com\/hashtag\/Garant%C3%ADaDeFuturo?src=hash&amp;ref_src=twsrc%5Etfw\">#Garant\u00edaDeFuturo<\/a> <a rel=\"nofollow noopener\" target=\"_blank\" href=\"https:\/\/t.co\/MYrsmF1Kow\">pic.twitter.com\/MYrsmF1Kow<\/a><\/p>\n<p>\u2014 Ministerio Turismo (@MinturCuba) <a rel=\"nofollow noopener\" target=\"_blank\" href=\"https:\/\/twitter.com\/MinturCuba\/status\/1584870276919361536?ref_src=twsrc%5Etfw\">October 25, 2022<\/a><\/p><\/blockquote>\n<p>El evento permitir\u00e1 demostrar que Gaviota apuesta por un servicio de excelencia, siempre de la mano de empresas como Gaviota Inns, Gaviota Excursions, Transgaviota, Marinas Gaviota, Hoteles Habaguanex, Hoteles Playa, Sirenis y AT Comercial, que garantizan el \u00e9xito de la operaci\u00f3n tur\u00edstica.<\/p>\n<figure class=\"wp-block-image size-large\"><img decoding=\"async\" loading=\"lazy\" width=\"620\" height=\"465\" src=\"https:\/\/www.traveltradecaribbean.es\/wp-content\/uploads\/2022\/10\/IV-Bolsa-Turistica-Destinos-Gaviota-620x465.jpg\" alt=\"\" class=\"wp-image-55276\" srcset=\"https:\/\/www.traveltradecaribbean.es\/wp-content\/uploads\/2022\/10\/IV-Bolsa-Turistica-Destinos-Gaviota-620x465.jpg 620w, https:\/\/www.traveltradecaribbean.es\/wp-content\/uploads\/2022\/10\/IV-Bolsa-Turistica-Destinos-Gaviota-300x225.jpg 300w, https:\/\/www.traveltradecaribbean.es\/wp-content\/uploads\/2022\/10\/IV-Bolsa-Turistica-Destinos-Gaviota-768x576.jpg 768w, https:\/\/www.traveltradecaribbean.es\/wp-content\/uploads\/2022\/10\/IV-Bolsa-Turistica-Destinos-Gaviota-1536x1152.jpg 1536w, https:\/\/www.traveltradecaribbean.es\/wp-content\/uploads\/2022\/10\/IV-Bolsa-Turistica-Destinos-Gaviota-2048x1536.jpg 2048w\" sizes=\"auto, (max-width: 620px) 100vw, 620px\"\/><figcaption>IV Bolsa Tur\u00edstica Destinos Gaviota. Foto: TTC.<\/figcaption><\/figure>\n<p>En las palabras de bienvenida a la IV Bolsa Tur\u00edstica Destinos Gaviota, el Presidente Ejecutivo del Grupo de Turismo Gaviota, Carlos M. Latuff Carmenate, destac\u00f3 que se ha trabajado en todo el pa\u00eds para desplegar un gran esfuerzo en el alistamiento de las instalaciones y la preparaci\u00f3n de la temporada 2022-2023.<\/p>\n<blockquote class=\"twitter-tweet\">\n<p dir=\"ltr\" lang=\"es\">Palabras de Bienvenida del Presidente del Grupo de Turismo Gaviota, Carlos Miguel Latuff Carmenate, a los participantes a la IV Bolsa Tur\u00edstica <a rel=\"nofollow noopener\" target=\"_blank\" href=\"https:\/\/twitter.com\/hashtag\/DestinosGaviota?src=hash&amp;ref_src=twsrc%5Etfw\">#DestinosGaviota<\/a>. La Habana, 24 de octubre de 2022. Texto completo en:<a rel=\"nofollow noopener\" target=\"_blank\" href=\"https:\/\/t.co\/pw6k6moScW\">https:\/\/t.co\/pw6k6moScW<\/a><a rel=\"nofollow noopener\" target=\"_blank\" href=\"https:\/\/twitter.com\/hashtag\/DestinosGaviota2022?src=hash&amp;ref_src=twsrc%5Etfw\">#DestinosGaviota2022<\/a> <a rel=\"nofollow noopener\" target=\"_blank\" href=\"https:\/\/twitter.com\/hashtag\/Garant%C3%ADaDeFuturo?src=hash&amp;ref_src=twsrc%5Etfw\">#Garant\u00edaDeFuturo<\/a> <a rel=\"nofollow noopener\" target=\"_blank\" href=\"https:\/\/t.co\/caqqxs4Dje\">pic.twitter.com\/caqqxs4Dje<\/a><\/p>\n<p>\u2014 Gaviota Turismo-Cuba (@GaviotaTurismo) <a rel=\"nofollow noopener\" target=\"_blank\" href=\"https:\/\/twitter.com\/GaviotaTurismo\/status\/1584715705336864769?ref_src=twsrc%5Etfw\">October 25, 2022<\/a><\/p><\/blockquote>\n<blockquote class=\"twitter-tweet\">\n<p dir=\"ltr\" lang=\"es\">En todo el pa\u00eds hemos desplegado un gran esfuerzo en el alistamiento de nuestras instalaciones y la preparaci\u00f3n de la temporada 2022 \u2013 2023 que tendremos a bien compartir con ustedes, dentro del esp\u00edritu integrador de Destinos Gaviota.<a rel=\"nofollow noopener\" target=\"_blank\" href=\"https:\/\/twitter.com\/hashtag\/DestinosGaviota2022?src=hash&amp;ref_src=twsrc%5Etfw\">#DestinosGaviota2022<\/a> <a rel=\"nofollow noopener\" target=\"_blank\" href=\"https:\/\/twitter.com\/hashtag\/JuntosPodemos?src=hash&amp;ref_src=twsrc%5Etfw\">#JuntosPodemos<\/a> <a rel=\"nofollow noopener\" target=\"_blank\" href=\"https:\/\/t.co\/IPX93HHTsR\">pic.twitter.com\/IPX93HHTsR<\/a><\/p>\n<p>\u2014 Gaviota Turismo-Cuba (@GaviotaTurismo) <a rel=\"nofollow noopener\" target=\"_blank\" href=\"https:\/\/twitter.com\/GaviotaTurismo\/status\/1584736617012625413?ref_src=twsrc%5Etfw\">October 25, 2022<\/a><\/p><\/blockquote>\n<p><!-- AddThis Advanced Settings above via filter on the_content --><!-- AddThis Advanced Settings below via filter on the_content --><!-- AddThis Advanced Settings generic via filter on the_content --><!-- AddThis Share Buttons above via filter on the_content --><!-- AddThis Share Buttons below via filter on the_content --><!-- AddThis Share Buttons generic via filter on the_content --><\/p>\n<p><h3 class=\"jp-relatedposts-headline\"><em>Relacionado<\/em><\/h3>\n<\/p>\n<p><!-- Facebook Comments Plugin for WordPress: http:\/\/peadig.com\/wordpress-plugins\/facebook-comments\/ --><\/p>\n<h3>Comentarios<\/h3>\n<\/p><\/div>\n<p><script async src=\"\/\/platform.twitter.com\/widgets.js\" charset=\"utf-8\"><\/script><script type=\"94d36b2bc54b057285f6f7f0-text\/javascript\">(function (d, s, id) {\n                    var js, fjs = d.getElementsByTagName(s)[0];\n                    if (d.getElementById(id))\n                        return;\n                    js = d.createElement(s);\n                    js.id = id;\n                    js.src = \"\/\/connect.facebook.net\/es_LA\/sdk.js#xfbml=1&version=v2.0\";\n                    fjs.parentNode.insertBefore(js, fjs);\n                }(document, 'script', 'facebook-jssdk'));<\/script><script type=\"94d36b2bc54b057285f6f7f0-text\/javascript\">(function(d, s, id) {\n  var js, fjs = d.getElementsByTagName(s)[0];\n  if (d.getElementById(id)) return;\n  js = d.createElement(s); js.id = id;\n  js.src = \"\/\/connect.facebook.net\/es_LA\/sdk.js#xfbml=1&version=v2.8&appId=201257516939039\";\n  fjs.parentNode.insertBefore(js, fjs);\n}(document, 'script', 'facebook-jssdk'));<\/script><script type=\"94d36b2bc54b057285f6f7f0-text\/javascript\">(function(d, s, id) {\n  var js, fjs = d.getElementsByTagName(s)[0];\n  if (d.getElementById(id)) return;\n  js = d.createElement(s); js.id = id;\n  js.src = \"\/\/connect.facebook.net\/es_ES\/sdk.js#xfbml=1&appId=201257516939039&version=v2.3\";\n  fjs.parentNode.insertBefore(js, fjs);\n}(document, 'script', 'facebook-jssdk'));<\/script><br \/>\n<br \/><\/p>\n<p><em> &#8221; Fuentes news.google.com &#8221; <\/em><\/p>\n","protected":false},"excerpt":{"rendered":"<p>Lodge Palacio de Los Corredores. Foto: TTC. Durante la segunda jornada de la IV Bolsa Tur\u00edstica Destinos Gaviota 2022, que sesiona en La Habana hasta el viernes 28 de octubre, se conoci\u00f3 acerca de las pr\u00f3ximas aperturas que tendr\u00e1n lugar en la capital cubana, as\u00ed como de las nuevas capacidades creadas y el trabajo realizado [&hellip;]<\/p>\n","protected":false},"author":4,"featured_media":0,"comment_status":"open","ping_status":"closed","sticky":false,"template":"","format":"standard","meta":{"om_disable_all_campaigns":false,"jnews-multi-image_gallery":[],"jnews_single_post":[],"jnews_primary_category":[],"jnews_social_meta":[],"footnotes":""},"categories":[40],"tags":[1736,47246,956,4678,1228,47245,2924,56016,47248,1289,35705,6216,56017,4081,705,47247,47244,47243,544,14298,32097,4254,8455,545,740],"class_list":["post-413074","post","type-post","status-publish","format-standard","hentry","category-industria","tag-caribe","tag-cruceros-y-ofertas-promocion-y-publicidad","tag-cuba","tag-cuba-turismo","tag-destinos","tag-destinos-y-eventos","tag-estadisticas","tag-feria-internacional-de-turismocapacidades-hoteleras","tag-fitcuba-2019","tag-hoteles","tag-industria-turistica-cubana","tag-inversiones","tag-iv-bolsa-turistica-destinos-gaviota-2022","tag-lineas-aereas","tag-noticias","tag-redaccion-ttc","tag-travel-trade-caribbean","tag-ttc","tag-turismo","tag-turismo-cultural","tag-turismo-de-ciudad","tag-turismo-en-cuba","tag-turismo-seguro","tag-viajes","tag-vuelos"],"_links":{"self":[{"href":"https:\/\/dimensionturistica.com\/es\/wp-json\/wp\/v2\/posts\/413074","targetHints":{"allow":["GET"]}}],"collection":[{"href":"https:\/\/dimensionturistica.com\/es\/wp-json\/wp\/v2\/posts"}],"about":[{"href":"https:\/\/dimensionturistica.com\/es\/wp-json\/wp\/v2\/types\/post"}],"author":[{"embeddable":true,"href":"https:\/\/dimensionturistica.com\/es\/wp-json\/wp\/v2\/users\/4"}],"replies":[{"embeddable":true,"href":"https:\/\/dimensionturistica.com\/es\/wp-json\/wp\/v2\/comments?post=413074"}],"version-history":[{"count":0,"href":"https:\/\/dimensionturistica.com\/es\/wp-json\/wp\/v2\/posts\/413074\/revisions"}],"wp:attachment":[{"href":"https:\/\/dimensionturistica.com\/es\/wp-json\/wp\/v2\/media?parent=413074"}],"wp:term":[{"taxonomy":"category","embeddable":true,"href":"https:\/\/dimensionturistica.com\/es\/wp-json\/wp\/v2\/categories?post=413074"},{"taxonomy":"post_tag","embeddable":true,"href":"https:\/\/dimensionturistica.com\/es\/wp-json\/wp\/v2\/tags?post=413074"}],"curies":[{"name":"wp","href":"https:\/\/api.w.org\/{rel}","templated":true}]}}