{"id":412940,"date":"2022-10-25T21:06:40","date_gmt":"2022-10-25T21:06:40","guid":{"rendered":"https:\/\/dimensionturistica.com\/es\/?p=412940"},"modified":"2022-10-25T21:06:40","modified_gmt":"2022-10-25T21:06:40","slug":"monica-noguera-es-la-imagen-de-la-campana-turistica-morelos-la-eterna-primavera","status":"publish","type":"post","link":"https:\/\/dimensionturistica.com\/es\/monica-noguera-es-la-imagen-de-la-campana-turistica-morelos-la-eterna-primavera\/","title":{"rendered":"M\u00f3nica Noguera es la imagen de la campa\u00f1a tur\u00edstica &#8220;Morelos, la Eterna Primavera&#8221;"},"content":{"rendered":"<p> <br \/>\n<\/p>\n<div>\n<p> <span class=\"escrito\">Escrito en <\/span> <span class=\"seccion\">MORELOS<\/span> <span class=\"el\">el<\/span> <time class=\"fecha-time\" itemprop=\"datePublished\" datetime=\"2022-10-25T14:30:00\">25\/10\/2022 \u00b7 14:30 hs<\/time> <\/p>\n<\/p><\/div>\n<div>\n<p>El objetivo de esta campa\u00f1a ser\u00e1 difundir e impulsar\u00a0los sitios hist\u00f3ricos, culturales y de recreaci\u00f3n de <strong>Morelos <\/strong>y est\u00e1 dirigido al turismo nacional e internacional.<\/p>\n<p><strong>Morelos, la Eterna Primavera<\/strong> se present\u00f3 ante\u00a0c\u00e1maras empresariales y prestadores de servicios tur\u00edsticos, locales y nacionales, e incluye\u00a0los segmentos:<\/p>\n<ul>\n<li>Ecoturismo<\/li>\n<li>Turismo cultural<\/li>\n<li>Turismo\u00a0gastron\u00f3mico<\/li>\n<li>Industria de romance<\/li>\n<li>Salud y bienestar<\/li>\n<li>Recreaci\u00f3n de parques acu\u00e1ticos<\/li>\n<li>Congresos y convenciones<\/li>\n<li>LGBTTTIQ+<\/li>\n<li>Deportivo.<\/li>\n<\/ul>\n<p><strong>Cuauht\u00e9moc Blanco<\/strong> afirm\u00f3<\/p>\n<blockquote>\n<p>Morelos es el destino perfect para turismo de toda clase y ocasi\u00f3n, invito a empresarios de la industria tur\u00edstica del mundo, a venir y disfrutar de nuestro mayor tesoro que es nuestra gente; visitar Morelos es una experiencia que todos merecen vivir, llegar a Morelos es como llegar a casa, bienvenidos todos\u201d.<\/p>\n<\/blockquote>\n<p><strong>M\u00f3nica Noguera<\/strong> coment\u00f3:<\/p>\n<blockquote>\n<p>\u201cEn esta campa\u00f1a lo que hemos tratado es que se transmita esta belleza, los ancestros, de d\u00f3nde venimos, las tierras, la gastronom\u00eda, nuestros artesanos y el amor que debemos de tener\u201d, indic\u00f3.<\/p>\n<\/blockquote>\n<p>El estado de Morelos, por su clima, riqueza cultural y la calidez de su gente es un lugar id\u00f3neo para el turismo y lo convierte en l\u00edder en\u00a0algunos segmentos de la industria tur\u00edstica.<\/p>\n<p>\u00a0  <\/p>\n<\/p><\/div>\n\n<p><em> &#8221; Fuentes news.google.com &#8221; <\/em><\/p>\n","protected":false},"excerpt":{"rendered":"<p>Escrito en MORELOS el 25\/10\/2022 \u00b7 14:30 hs El objetivo de esta campa\u00f1a ser\u00e1 difundir e impulsar\u00a0los sitios hist\u00f3ricos, culturales y de recreaci\u00f3n de Morelos y est\u00e1 dirigido al turismo nacional e internacional. Morelos, la Eterna Primavera se present\u00f3 ante\u00a0c\u00e1maras empresariales y prestadores de servicios tur\u00edsticos, locales y nacionales, e incluye\u00a0los segmentos: Ecoturismo Turismo cultural [&hellip;]<\/p>\n","protected":false},"author":4,"featured_media":412941,"comment_status":"open","ping_status":"closed","sticky":false,"template":"","format":"standard","meta":{"om_disable_all_campaigns":false,"jnews-multi-image_gallery":[],"jnews_single_post":[],"jnews_primary_category":[],"jnews_social_meta":[],"footnotes":""},"categories":[40],"tags":[27207,56005,56004],"class_list":["post-412940","post","type-post","status-publish","format-standard","has-post-thumbnail","hentry","category-industria","tag-cuauhtemoc-blanco","tag-monica-noguera","tag-secretaria-de-turismo-y-cultura-morelos"],"_links":{"self":[{"href":"https:\/\/dimensionturistica.com\/es\/wp-json\/wp\/v2\/posts\/412940","targetHints":{"allow":["GET"]}}],"collection":[{"href":"https:\/\/dimensionturistica.com\/es\/wp-json\/wp\/v2\/posts"}],"about":[{"href":"https:\/\/dimensionturistica.com\/es\/wp-json\/wp\/v2\/types\/post"}],"author":[{"embeddable":true,"href":"https:\/\/dimensionturistica.com\/es\/wp-json\/wp\/v2\/users\/4"}],"replies":[{"embeddable":true,"href":"https:\/\/dimensionturistica.com\/es\/wp-json\/wp\/v2\/comments?post=412940"}],"version-history":[{"count":0,"href":"https:\/\/dimensionturistica.com\/es\/wp-json\/wp\/v2\/posts\/412940\/revisions"}],"wp:featuredmedia":[{"embeddable":true,"href":"https:\/\/dimensionturistica.com\/es\/wp-json\/wp\/v2\/media\/412941"}],"wp:attachment":[{"href":"https:\/\/dimensionturistica.com\/es\/wp-json\/wp\/v2\/media?parent=412940"}],"wp:term":[{"taxonomy":"category","embeddable":true,"href":"https:\/\/dimensionturistica.com\/es\/wp-json\/wp\/v2\/categories?post=412940"},{"taxonomy":"post_tag","embeddable":true,"href":"https:\/\/dimensionturistica.com\/es\/wp-json\/wp\/v2\/tags?post=412940"}],"curies":[{"name":"wp","href":"https:\/\/api.w.org\/{rel}","templated":true}]}}