{"id":412780,"date":"2022-10-25T15:17:34","date_gmt":"2022-10-25T15:17:34","guid":{"rendered":"https:\/\/dimensionturistica.com\/es\/?p=412780"},"modified":"2022-10-25T15:17:34","modified_gmt":"2022-10-25T15:17:34","slug":"musical-con-mensaje-inclusivo-de-produccion-100-mexicana-presenta-su-temporada-bajo-la-direccion-de-rafael-trejo","status":"publish","type":"post","link":"https:\/\/dimensionturistica.com\/es\/musical-con-mensaje-inclusivo-de-produccion-100-mexicana-presenta-su-temporada-bajo-la-direccion-de-rafael-trejo\/","title":{"rendered":"Musical con mensaje inclusivo de producci\u00f3n 100% mexicana  presenta su temporada bajo la direcci\u00f3n de Rafael Trejo"},"content":{"rendered":"<p>MIMESIS: Un Nuevo Musical, es una obra de teatro desarrollada en su totalidad por un equipo<img decoding=\"async\" class=\"size-medium wp-image-412796 alignright\" src=\"https:\/\/dimensionturistica.com\/es\/wp-content\/uploads\/2022\/10\/MEMISES-300x200.jpg\" alt=\"\" width=\"300\" height=\"200\" srcset=\"https:\/\/dimensionturistica.com\/es\/wp-content\/uploads\/2022\/10\/MEMISES-300x200.jpg 300w, https:\/\/dimensionturistica.com\/es\/wp-content\/uploads\/2022\/10\/MEMISES.jpg 500w\" sizes=\"(max-width: 300px) 100vw, 300px\" \/> mexicano, dirigida y escrita por Rafael Trejo, quien en 2018 tuvo la idea de realizar un cortometraje que lo inspir\u00f3 a a\u00f1os despu\u00e9s desarrollar este espect\u00e1culo, que incluye un elenco de 14 actores en escena, encargados de relatar una motivadora historia acompa\u00f1ada por 26 canciones originales escritas por Daniel Lopto y Manuel Vargas Mena especialmente para el mismo.<br \/>\nDurante la funci\u00f3n los asistentes se adentrar\u00e1n en una historia que destaca la percepci\u00f3n y las vivencias de las personas con alg\u00fan tipo de barreras, para finalmente entregar un emotivo mensaje de positivismo y valor.<br \/>\nLa protagonista muestra a lo largo de la historia, los retos a los que se enfrenta para conseguir sus sue\u00f1os a pesar de las limitaciones f\u00edsicas que cree le puedan impedir conseguir sus metas.<br \/>\nMIMESIS: Un Nuevo Musical, se construye con un dise\u00f1o sonoro inmersivo, el cual, por medio de una alianza con la Fundaci\u00f3n \u201cViendo Te Entiendo\u201d, buscan permitir la vivencia de la presentaci\u00f3n de la obra misma de una manera \u00fanica, ya que los espectadores que padecen de discapacidad auditiva, por medio del uso de chalecos sensoriales que emiten vibraciones, podr\u00e1n \u201csentir\u201d cada canci\u00f3n y dialogo del espect\u00e1culo, destacando tambi\u00e9n que durante la misma se proyectar\u00e1n subt\u00edtulos en cada presentaci\u00f3n.<br \/>\nA su vez, por medio de la uni\u00f3n con instituciones especializadas se busca generar un movimiento<img decoding=\"async\" class=\"size-medium wp-image-412797 alignright\" src=\"https:\/\/dimensionturistica.com\/es\/wp-content\/uploads\/2022\/10\/MEMISRES-200x300.jpg\" alt=\"\" width=\"200\" height=\"300\" srcset=\"https:\/\/dimensionturistica.com\/es\/wp-content\/uploads\/2022\/10\/MEMISRES-200x300.jpg 200w, https:\/\/dimensionturistica.com\/es\/wp-content\/uploads\/2022\/10\/MEMISRES.jpg 500w\" sizes=\"(max-width: 200px) 100vw, 200px\" \/> sociocultural de concientizaci\u00f3n con actividades educativas y de capacitaci\u00f3n para empresas, instituciones y p\u00fablico general, fomentando as\u00ed\u00b4 la inclusi\u00f3n entre la audiencia. Parte de estas actividades incluye talleres de lenguaje de se\u00f1as b\u00e1sico, previo a las funciones, as\u00ed como venta de mercanc\u00eda elaborada por miembros de la fundaci\u00f3n, para recaudaci\u00f3n de fondos.<br \/>\n\u201cEste proyecto inici\u00f3 primero como un cortometraje y fue evolucionando hasta convertirse en lo que es el d\u00eda de hoy. Una puesta en escena con esta compa\u00f1\u00eda que tiene la intenci\u00f3n de hacer un proyecto original, una historia con m\u00fasica que adem\u00e1s dejar\u00e1 un mensaje a la sociedad y que b\u00e1sicamente hablar\u00e1 sobre sue\u00f1os y que adem\u00e1s con el tiempo se ha convertido en mi sue\u00f1o y en el sue\u00f1o de muchas personas\u201d, puntualiza el director y escritor Rafael Trejo.<br \/>\nEl elenco incluye a Lucia Huacuja (Maya), Iker Paredes (Omar), Ana Ceci Anzald\u00faa (Amaya), Brenda Romo (Mafer\/ Cover Maya), Adri\u00e1n Pola (Mauricio), Renatta Bag\u00f3 (Juglar), Bernardo Figueroa (Martin), Diego Ter\u00e1n (Ensamble \/ Cover Omar), Carolina Reyes (Ensamble\/ Cover Amaya y Juglar), Emiliano Saljai (Ensamble \/ Cover Mart\u00edn) Jorge Mej\u00eda (Ensamble \/ Cover Mauricio), Martha Garibay (Ensamble\/ Cover Mafer), Gaby Castillejos (Ensamble), Elian Wigisser (Ensamble) Mariano Bucio (swing), Joshae Cruz (swing), Marianne Salgado (swing), Anabel S\u00e1nchez Latif (swing).<br \/>\nPor su parte, se encuentra Rafael Trejo en la direcci\u00f3n, Paola Pimentel como asistente de direcci\u00f3n, Manuel Vargas Mena y Daniel Lopto encargados de la composici\u00f3n y direcci\u00f3n vocal, Ruth Robles a cargo de la supervisi\u00f3n vocal, Joshae Cruz en direcci\u00f3n coreogr\u00e1fica, Marta Garibay capitana de danza y asistente de coreograf\u00eda, Jos\u00e9 Luis \u201cJimmy\u201d N\u00fa\u00f1ez y Edith Ram\u00edrez en dise\u00f1o y realizaci\u00f3n de props y Miguel Jim\u00e9nez, en dise\u00f1o de audio.<br \/>\nMIMESIS: Un Nuevo Musical&amp;quot;, producida por Ariel Viosca, Benjam\u00edn Salas y Allan Sacal, iniciar\u00e1 temporada en Marketeatro (Calle Coahuila, #105 Colonia Roma Norte) a partir del 28 de octubre de 2022 y tendr\u00e1 una temporada de tres meses en el recinto, con costos que oscilan entre $680.00 y<img decoding=\"async\" class=\" wp-image-412799 alignright\" src=\"https:\/\/dimensionturistica.com\/es\/wp-content\/uploads\/2022\/10\/CARTELESMEME-175x300.jpg\" alt=\"\" width=\"267\" height=\"458\" srcset=\"https:\/\/dimensionturistica.com\/es\/wp-content\/uploads\/2022\/10\/CARTELESMEME-175x300.jpg 175w, https:\/\/dimensionturistica.com\/es\/wp-content\/uploads\/2022\/10\/CARTELESMEME.jpg 500w\" sizes=\"(max-width: 267px) 100vw, 267px\" \/> $780.00 pesos.<br \/>\nCompra de boletos y m\u00e1s informaci\u00f3n en:<br \/>\nTaquilla Marketeatro<br \/>\nhttps:\/\/boletia.com\/eventos\/mimesis<br \/>\nhttps:\/\/www.facebook.com\/MimesisMusicalOficial<br \/>\nhttps:\/\/www.instagram.com\/mimesismusical\/<\/p>\n<blockquote class=\"tiktok-embed\" cite=\"https:\/\/www.tiktok.com\/@mimesismusical\" data-unique-id=\"mimesismusical\" data-embed-from=\"oembed\" data-embed-type=\"creator\" style=\"max-width:780px; min-width:288px;\">\n<section> <a target=\"_blank\" href=\"https:\/\/www.tiktok.com\/@mimesismusical?refer=creator_embed\">@mimesismusical<\/a> <\/section>\n<\/blockquote>\n<p> <script async src=\"https:\/\/www.tiktok.com\/embed.js\"><\/script><\/p>\n","protected":false},"excerpt":{"rendered":"<p>MIMESIS: Un Nuevo Musical, es una obra de teatro desarrollada en su totalidad por un equipo mexicano, dirigida y escrita por Rafael Trejo, quien en 2018 tuvo la idea de realizar un cortometraje que lo inspir\u00f3 a a\u00f1os despu\u00e9s desarrollar este espect\u00e1culo, que incluye un elenco de 14 actores en escena, encargados de relatar una [&hellip;]<\/p>\n","protected":false},"author":1,"featured_media":412795,"comment_status":"open","ping_status":"closed","sticky":false,"template":"","format":"standard","meta":{"om_disable_all_campaigns":false,"jnews-multi-image_gallery":[],"jnews_single_post":{"source_name":"","source_url":"","via_name":"","via_url":"","override_template":"0","override":[{"template":"1","single_blog_custom":"","parallax":"1","fullscreen":"1","layout":"right-sidebar","sidebar":"default-sidebar","second_sidebar":"default-sidebar","sticky_sidebar":"1","share_position":"top","share_float_style":"share-monocrhome","show_share_counter":"1","show_view_counter":"1","show_featured":"1","show_post_meta":"1","show_post_author":"1","show_post_author_image":"1","show_post_date":"1","post_date_format":"default","post_date_format_custom":"Y\/m\/d","show_post_category":"1","show_post_reading_time":"0","post_reading_time_wpm":"300","show_zoom_button":"0","zoom_button_out_step":"2","zoom_button_in_step":"3","show_post_tag":"1","show_prev_next_post":"1","show_popup_post":"1","number_popup_post":"1","show_author_box":"0","show_post_related":"0","show_inline_post_related":"0"}],"override_image_size":"0","image_override":[{"single_post_thumbnail_size":"crop-500","single_post_gallery_size":"crop-500"}],"trending_post":"0","trending_post_position":"meta","trending_post_label":"Trending","sponsored_post":"0","sponsored_post_label":"Sponsored by","sponsored_post_name":"","sponsored_post_url":"","sponsored_post_logo_enable":"0","sponsored_post_logo":"","sponsored_post_desc":"","disable_ad":"0"},"jnews_primary_category":{"id":"","hide":""},"jnews_social_meta":{"fb_title":"","fb_description":"","fb_image":"","twitter_title":"","twitter_description":"","twitter_image":""},"footnotes":""},"categories":[40],"tags":[],"class_list":["post-412780","post","type-post","status-publish","format-standard","has-post-thumbnail","hentry","category-industria"],"_links":{"self":[{"href":"https:\/\/dimensionturistica.com\/es\/wp-json\/wp\/v2\/posts\/412780","targetHints":{"allow":["GET"]}}],"collection":[{"href":"https:\/\/dimensionturistica.com\/es\/wp-json\/wp\/v2\/posts"}],"about":[{"href":"https:\/\/dimensionturistica.com\/es\/wp-json\/wp\/v2\/types\/post"}],"author":[{"embeddable":true,"href":"https:\/\/dimensionturistica.com\/es\/wp-json\/wp\/v2\/users\/1"}],"replies":[{"embeddable":true,"href":"https:\/\/dimensionturistica.com\/es\/wp-json\/wp\/v2\/comments?post=412780"}],"version-history":[{"count":0,"href":"https:\/\/dimensionturistica.com\/es\/wp-json\/wp\/v2\/posts\/412780\/revisions"}],"wp:featuredmedia":[{"embeddable":true,"href":"https:\/\/dimensionturistica.com\/es\/wp-json\/wp\/v2\/media\/412795"}],"wp:attachment":[{"href":"https:\/\/dimensionturistica.com\/es\/wp-json\/wp\/v2\/media?parent=412780"}],"wp:term":[{"taxonomy":"category","embeddable":true,"href":"https:\/\/dimensionturistica.com\/es\/wp-json\/wp\/v2\/categories?post=412780"},{"taxonomy":"post_tag","embeddable":true,"href":"https:\/\/dimensionturistica.com\/es\/wp-json\/wp\/v2\/tags?post=412780"}],"curies":[{"name":"wp","href":"https:\/\/api.w.org\/{rel}","templated":true}]}}