{"id":412766,"date":"2022-10-25T14:59:38","date_gmt":"2022-10-25T14:59:38","guid":{"rendered":"https:\/\/dimensionturistica.com\/es\/?p=412766"},"modified":"2022-10-25T14:59:38","modified_gmt":"2022-10-25T14:59:38","slug":"la-marca-guadalajara-es-integrada-al-fideicomiso-de-turismo-de-la-zona-metropolitana","status":"publish","type":"post","link":"https:\/\/dimensionturistica.com\/es\/la-marca-guadalajara-es-integrada-al-fideicomiso-de-turismo-de-la-zona-metropolitana\/","title":{"rendered":"La marca Guadalajara es integrada al Fideicomiso de Turismo de la zona metropolitana"},"content":{"rendered":"<p>En el marco de la presentaci\u00f3n de Guadalajara como integrante del Best Cities Global Alliance, ante<img decoding=\"async\" class=\"size-medium wp-image-412768 alignright\" src=\"https:\/\/dimensionturistica.com\/es\/wp-content\/uploads\/2022\/10\/Presentacion-Marca-Guadalajara-Guadalajara-2-300x215.jpeg\" alt=\"\" width=\"300\" height=\"215\" srcset=\"https:\/\/dimensionturistica.com\/es\/wp-content\/uploads\/2022\/10\/Presentacion-Marca-Guadalajara-Guadalajara-2-300x215.jpeg 300w, https:\/\/dimensionturistica.com\/es\/wp-content\/uploads\/2022\/10\/Presentacion-Marca-Guadalajara-Guadalajara-2-1024x735.jpeg 1024w, https:\/\/dimensionturistica.com\/es\/wp-content\/uploads\/2022\/10\/Presentacion-Marca-Guadalajara-Guadalajara-2-768x552.jpeg 768w, https:\/\/dimensionturistica.com\/es\/wp-content\/uploads\/2022\/10\/Presentacion-Marca-Guadalajara-Guadalajara-2-1536x1103.jpeg 1536w, https:\/\/dimensionturistica.com\/es\/wp-content\/uploads\/2022\/10\/Presentacion-Marca-Guadalajara-Guadalajara-2-120x86.jpeg 120w, https:\/\/dimensionturistica.com\/es\/wp-content\/uploads\/2022\/10\/Presentacion-Marca-Guadalajara-Guadalajara-2-350x250.jpeg 350w, https:\/\/dimensionturistica.com\/es\/wp-content\/uploads\/2022\/10\/Presentacion-Marca-Guadalajara-Guadalajara-2-750x539.jpeg 750w, https:\/\/dimensionturistica.com\/es\/wp-content\/uploads\/2022\/10\/Presentacion-Marca-Guadalajara-Guadalajara-2-1140x819.jpeg 1140w, https:\/\/dimensionturistica.com\/es\/wp-content\/uploads\/2022\/10\/Presentacion-Marca-Guadalajara-Guadalajara-2.jpeg 1600w\" sizes=\"(max-width: 300px) 100vw, 300px\" \/> destacados miembros del sector tur\u00edstico en la Ciudad de M\u00e9xico, tambi\u00e9n se dio el anuncio de la integraci\u00f3n de la marca tur\u00edstica \u201cGuadalajara Guadalajara\u201d como parte del Fideicomiso de Turismo de la Zona Metropolitana, que tiene como principal objetivo impulsar el flujo de visitantes, el turismo y promover una imagen renovada del destino.<br \/>\nEl evento estuvo presidido por Miguel \u00c1ngel Fong, Presidente del Fideicomiso de Turismo de la Zona Metropolitana de Guadalajara; Gustavo Staufert Buclon, Director General de la Oficina de Visitantes y Convenciones de Guadalajara; Nanyuki Grajeda, Representante de la marca \u201cGuadalajara Guadalajara\u201d; Vicente Maga\u00f1a, Coordinador General de Desarrollo Econ\u00f3mico del Ayuntamiento de Tlaquepaque: Alfredo Aceves, Coordinador General de<img decoding=\"async\" class=\"size-medium wp-image-412769 alignright\" src=\"https:\/\/dimensionturistica.com\/es\/wp-content\/uploads\/2022\/10\/Presentacion-Marca-Guadalajara-Guadalajara-3-225x300.jpeg\" alt=\"\" width=\"225\" height=\"300\" srcset=\"https:\/\/dimensionturistica.com\/es\/wp-content\/uploads\/2022\/10\/Presentacion-Marca-Guadalajara-Guadalajara-3-225x300.jpeg 225w, https:\/\/dimensionturistica.com\/es\/wp-content\/uploads\/2022\/10\/Presentacion-Marca-Guadalajara-Guadalajara-3-768x1024.jpeg 768w, https:\/\/dimensionturistica.com\/es\/wp-content\/uploads\/2022\/10\/Presentacion-Marca-Guadalajara-Guadalajara-3-1152x1536.jpeg 1152w, https:\/\/dimensionturistica.com\/es\/wp-content\/uploads\/2022\/10\/Presentacion-Marca-Guadalajara-Guadalajara-3-750x1000.jpeg 750w, https:\/\/dimensionturistica.com\/es\/wp-content\/uploads\/2022\/10\/Presentacion-Marca-Guadalajara-Guadalajara-3-1140x1520.jpeg 1140w, https:\/\/dimensionturistica.com\/es\/wp-content\/uploads\/2022\/10\/Presentacion-Marca-Guadalajara-Guadalajara-3.jpeg 1200w\" sizes=\"(max-width: 225px) 100vw, 225px\" \/> Desarrollo Econ\u00f3mico del Ayuntamiento de Guadalajara; y Salvador Villase\u00f1or, Coordinador general de Desarrollo Econ\u00f3mico del Ayuntamiento de Zapopan.<br \/>\nSobre esta adhesi\u00f3n de Guadalajara Guadalajara, Miguel \u00c1ngel Fong detall\u00f3 sobre la conformaci\u00f3n de esta marca y sobre la uni\u00f3n de distintos sectores para beneficio de la ciudad, Una vez m\u00e1s, Guadalajara da una muestra de unidad entre la iniciativa privada, asociaciones y gobierno para favorecer la promoci\u00f3n de nuestra ciudad, para con los turistas nacionales e internacionales, que favorezcan el flujo de visitantes y la derrama econ\u00f3mica para cada uno de sus nueve municipios, que son El Salto, Guadalajara, Ixtlahuac\u00e1n de los Membrillos, Juanacatl\u00e1n, Tlajomulco de Z\u00fa\u00f1iga, Tlaquepaque, Tonal\u00e1, Zapopan y Zapotlanejo.<br \/>\nLa Marca Ciudad se ha convertido en elemento de identidad y con el apoyo del Fideicomiso busca <img decoding=\"async\" class=\"size-medium wp-image-412770 alignleft\" src=\"https:\/\/dimensionturistica.com\/es\/wp-content\/uploads\/2022\/10\/Presentacion-Marca-Guadalajara-Guadalajara-300x229.jpeg\" alt=\"\" width=\"300\" height=\"229\" srcset=\"https:\/\/dimensionturistica.com\/es\/wp-content\/uploads\/2022\/10\/Presentacion-Marca-Guadalajara-Guadalajara-300x229.jpeg 300w, https:\/\/dimensionturistica.com\/es\/wp-content\/uploads\/2022\/10\/Presentacion-Marca-Guadalajara-Guadalajara-768x587.jpeg 768w, https:\/\/dimensionturistica.com\/es\/wp-content\/uploads\/2022\/10\/Presentacion-Marca-Guadalajara-Guadalajara-750x573.jpeg 750w, https:\/\/dimensionturistica.com\/es\/wp-content\/uploads\/2022\/10\/Presentacion-Marca-Guadalajara-Guadalajara.jpeg 828w\" sizes=\"(max-width: 300px) 100vw, 300px\" \/>fortalecerse como herramienta de promoci\u00f3n y de posicionamiento para la capital jalisciense. Con esta nueva etapa de la marca, se busca resaltar la imagen vanguardista que convergen con los elementos tradicionales que han distinguido a la Perla Tapat\u00eda como su folklor, tradici\u00f3n, gastronom\u00eda, la charrer\u00eda, m\u00fasica de mariachi o la industria tequilera y generar un impacto nacional e internacional.<br \/>\nAl respecto, Gustavo Staufert, destac\u00f3 la importancia de que Guadalajara sea miembro del distinguido grupo de ciudades pertenecientes al Best Cities Global Alliance, M\u00e1s que un distintivo, es una responsabilidad pertenecer a este selecto club de ciudades especialistas en Turismo de Reuniones, estar a la par de ciudades como Tokio, Dubai, Copenhague, Madrid, Vancouver, Dubl\u00edn o Singapur es un gran gusto y representa el esfuerzo y la uni\u00f3n de varios sectores de la cadena de valor en Guadalajara.<br \/>\nGuadalajara es ya una realidad en cuanto al turismo de reuniones en M\u00e9xico, no s\u00f3lo por tener la infraestructura necesaria de hospedajes, restaurantes y recintos con la m\u00e1s alta tecnolog\u00eda y capacidad, sino porque la conectividad que ofrece su aeropuerto internacional es \u00fanica, con rutas directas hacia Latinoam\u00e9rica, Estados Unidos y Europa con la reci\u00e9n inaugurada ruta hacia Madrid. Es as\u00ed como Guadalajara contin\u00faa en constante crecimiento y sumando m\u00e1s actores y actrices a la promoci\u00f3n tur\u00edstica de una de las ciudades que ha sabido fusionar dos de sus grandes caracter\u00edsticas, tradici\u00f3n y modernidad.<\/p>\n","protected":false},"excerpt":{"rendered":"<p>En el marco de la presentaci\u00f3n de Guadalajara como integrante del Best Cities Global Alliance, ante destacados miembros del sector tur\u00edstico en la Ciudad de M\u00e9xico, tambi\u00e9n se dio el anuncio de la integraci\u00f3n de la marca tur\u00edstica \u201cGuadalajara Guadalajara\u201d como parte del Fideicomiso de Turismo de la Zona Metropolitana, que tiene como principal objetivo [&hellip;]<\/p>\n","protected":false},"author":1,"featured_media":412767,"comment_status":"open","ping_status":"closed","sticky":false,"template":"","format":"standard","meta":{"om_disable_all_campaigns":false,"jnews-multi-image_gallery":[],"jnews_single_post":{"source_name":"","source_url":"","via_name":"","via_url":"","override_template":"0","override":[{"template":"1","single_blog_custom":"","parallax":"1","fullscreen":"1","layout":"right-sidebar","sidebar":"default-sidebar","second_sidebar":"default-sidebar","sticky_sidebar":"1","share_position":"top","share_float_style":"share-monocrhome","show_share_counter":"1","show_view_counter":"1","show_featured":"1","show_post_meta":"1","show_post_author":"1","show_post_author_image":"1","show_post_date":"1","post_date_format":"default","post_date_format_custom":"Y\/m\/d","show_post_category":"1","show_post_reading_time":"0","post_reading_time_wpm":"300","show_zoom_button":"0","zoom_button_out_step":"2","zoom_button_in_step":"3","show_post_tag":"1","show_prev_next_post":"1","show_popup_post":"1","number_popup_post":"1","show_author_box":"0","show_post_related":"0","show_inline_post_related":"0"}],"override_image_size":"0","image_override":[{"single_post_thumbnail_size":"crop-500","single_post_gallery_size":"crop-500"}],"trending_post":"0","trending_post_position":"meta","trending_post_label":"Trending","sponsored_post":"0","sponsored_post_label":"Sponsored by","sponsored_post_name":"","sponsored_post_url":"","sponsored_post_logo_enable":"0","sponsored_post_logo":"","sponsored_post_desc":"","disable_ad":"0"},"jnews_primary_category":{"id":"","hide":""},"jnews_social_meta":{"fb_title":"","fb_description":"","fb_image":"","twitter_title":"","twitter_description":"","twitter_image":""},"footnotes":""},"categories":[40],"tags":[],"class_list":["post-412766","post","type-post","status-publish","format-standard","has-post-thumbnail","hentry","category-industria"],"_links":{"self":[{"href":"https:\/\/dimensionturistica.com\/es\/wp-json\/wp\/v2\/posts\/412766","targetHints":{"allow":["GET"]}}],"collection":[{"href":"https:\/\/dimensionturistica.com\/es\/wp-json\/wp\/v2\/posts"}],"about":[{"href":"https:\/\/dimensionturistica.com\/es\/wp-json\/wp\/v2\/types\/post"}],"author":[{"embeddable":true,"href":"https:\/\/dimensionturistica.com\/es\/wp-json\/wp\/v2\/users\/1"}],"replies":[{"embeddable":true,"href":"https:\/\/dimensionturistica.com\/es\/wp-json\/wp\/v2\/comments?post=412766"}],"version-history":[{"count":0,"href":"https:\/\/dimensionturistica.com\/es\/wp-json\/wp\/v2\/posts\/412766\/revisions"}],"wp:featuredmedia":[{"embeddable":true,"href":"https:\/\/dimensionturistica.com\/es\/wp-json\/wp\/v2\/media\/412767"}],"wp:attachment":[{"href":"https:\/\/dimensionturistica.com\/es\/wp-json\/wp\/v2\/media?parent=412766"}],"wp:term":[{"taxonomy":"category","embeddable":true,"href":"https:\/\/dimensionturistica.com\/es\/wp-json\/wp\/v2\/categories?post=412766"},{"taxonomy":"post_tag","embeddable":true,"href":"https:\/\/dimensionturistica.com\/es\/wp-json\/wp\/v2\/tags?post=412766"}],"curies":[{"name":"wp","href":"https:\/\/api.w.org\/{rel}","templated":true}]}}