{"id":412704,"date":"2022-10-25T14:12:57","date_gmt":"2022-10-25T14:12:57","guid":{"rendered":"https:\/\/dimensionturistica.com\/es\/?p=412704"},"modified":"2022-10-25T14:12:57","modified_gmt":"2022-10-25T14:12:57","slug":"inician-operaciones-la-primera-ruta-que-conectara-directamente-a-jalisco-con-colombia-guadalajara-de-viva-aerobus","status":"publish","type":"post","link":"https:\/\/dimensionturistica.com\/es\/inician-operaciones-la-primera-ruta-que-conectara-directamente-a-jalisco-con-colombia-guadalajara-de-viva-aerobus\/","title":{"rendered":"Inician operaciones la primera ruta que conectara directamente a Jalisco con Colombia &#8211; Guadalajara de Viva Aerobus"},"content":{"rendered":"<p>En conferencia de prensa desde Guadalajara, autoridades de ProColombia, el Instituto Distrital de Turismo de Bogot\u00e1, Grupo Aeroportuario del Pac\u00edfico (GAP), Viva Aerobus, la OFVC Guadalajara y la Secretar\u00eda de Turismo de Jalisco celebraron la inauguraci\u00f3n de la primera ruta de la aerol\u00ednea de ultra bajo costo que conecta a Jalisco con Colombia: Guadalajara \u2013 Bogot\u00e1, misma que inici\u00f3 ayer, domingo 23 de octubre.<br \/>\nGuadalajara \u2013 Bogot\u00e1 ofrece dos vuelos a la semana y es operada con aeronaves Airbus A320 con<img decoding=\"async\" class=\"size-medium wp-image-412718 alignright\" src=\"https:\/\/dimensionturistica.com\/es\/wp-content\/uploads\/2022\/10\/Viva-Aerobus-Guadalajara-Bogota-2-300x200.jpeg\" alt=\"\" width=\"300\" height=\"200\" srcset=\"https:\/\/dimensionturistica.com\/es\/wp-content\/uploads\/2022\/10\/Viva-Aerobus-Guadalajara-Bogota-2-300x200.jpeg 300w, https:\/\/dimensionturistica.com\/es\/wp-content\/uploads\/2022\/10\/Viva-Aerobus-Guadalajara-Bogota-2-768x512.jpeg 768w, https:\/\/dimensionturistica.com\/es\/wp-content\/uploads\/2022\/10\/Viva-Aerobus-Guadalajara-Bogota-2-750x500.jpeg 750w, https:\/\/dimensionturistica.com\/es\/wp-content\/uploads\/2022\/10\/Viva-Aerobus-Guadalajara-Bogota-2.jpeg 799w\" sizes=\"(max-width: 300px) 100vw, 300px\" \/> capacidad para 186 pasajeros y A321 para 240 personas, aviones que forman parte de la flota m\u00e1s nueva de M\u00e9xico y la tercera de toda Norteam\u00e9rica con una edad promedio de tan s\u00f3lo 5 a\u00f1os.<br \/>\nServicio a uno de los mayores mercados a\u00e9reos de Am\u00e9rica Latina<br \/>\nEsta nueva ruta atiende a uno de los mercados internacionales de viajes m\u00e1s grandes de Am\u00e9rica Latina, el cual, adem\u00e1s, presenta una demanda al alza. En este sentido, de acuerdo con la Secretar\u00eda de Turismo de M\u00e9xico, entre enero y agosto, m\u00e1s de medio mill\u00f3n de pasajeros procedentes de Colombia han visitado M\u00e9xico; ello representa un incremento cercano al 150% en comparaci\u00f3n con el mismo periodo de 2021.<br \/>\n&#8220;Celebramos la llegada de nuevas rutas internacionales a Colombia que fortalecen nuestra competitividad en materia de conectividad. La entrada en operaci\u00f3n de la ruta Guadalajara &#8211; Bogot\u00e1 genera grandes oportunidades para el crecimiento del turismo entre Colombia y M\u00e9xico, y abre un nuevo puente que acerca a Suram\u00e9rica con el norte del continente&#8221;, se\u00f1al\u00f3 Arturo Bravo, viceministro de Turismo de Colombia.<br \/>\nViva Aerobus recuerda que reci\u00e9n inici\u00f3 operaciones en Colombia en 2021 y, actualmente, ya vuela desde Bogot\u00e1 a tres destinos: Canc\u00fan, Ciudad de M\u00e9xico y Guadalajara. Este crecimiento de la l\u00ednea \u00e1rea est\u00e1 respaldado por 16 a\u00f1os de experiencia y un servicio caracterizado por ofrecer precios bajos y una conectividad integral para comodidad de los pasajeros hasta su destino final. En este sentido, estos<img decoding=\"async\" class=\"size-medium wp-image-412719 alignright\" src=\"https:\/\/dimensionturistica.com\/es\/wp-content\/uploads\/2022\/10\/Viva-Aerobus-Guadalajara-Bogota-1-300x200.jpeg\" alt=\"\" width=\"300\" height=\"200\" srcset=\"https:\/\/dimensionturistica.com\/es\/wp-content\/uploads\/2022\/10\/Viva-Aerobus-Guadalajara-Bogota-1-300x200.jpeg 300w, https:\/\/dimensionturistica.com\/es\/wp-content\/uploads\/2022\/10\/Viva-Aerobus-Guadalajara-Bogota-1-768x512.jpeg 768w, https:\/\/dimensionturistica.com\/es\/wp-content\/uploads\/2022\/10\/Viva-Aerobus-Guadalajara-Bogota-1-750x500.jpeg 750w, https:\/\/dimensionturistica.com\/es\/wp-content\/uploads\/2022\/10\/Viva-Aerobus-Guadalajara-Bogota-1.jpeg 799w\" sizes=\"(max-width: 300px) 100vw, 300px\" \/> vuelos no s\u00f3lo conectan a dos ciudades, tambi\u00e9n ponen a disposici\u00f3n de los pasajeros colombianos una amplia red de rutas que conecta a Guadalajara con m\u00e1s de 15 destinos al interior de M\u00e9xico.<br \/>\nPor su parte Andr\u00e9s Orlando Clavijo Rangel, director del Instituto Distrital de Turismo de Bogot\u00e1 expres\u00f3: &#8220;Estamos muy contentos de este nuevo vuelo que conecta a Guadalajara, la segunda ciudad m\u00e1s importante de M\u00e9xico con Bogot\u00e1. Este es fruto del trabajo conjunto con Viva Aerobus, uno de nuestros aliados naturales y licenciatario de Marca Ciudad. M\u00e9xico hace parte de nuestros mercados foco, esta nueva ruta abre las posibilidades para que los tapat\u00edos y todos los mexicanos vengan a descubrir nuestra ciudad&#8221;.<br \/>\nPor su parte, el Aeropuerto El Dorado de Bogot\u00e1 est\u00e1 preparado para darle la bienvenida a todos los mexicanos con un servicio incomparable, trat\u00e1ndose del aeropuerto l\u00edder de Sudam\u00e9rica de acuerdo con los World Travel Awards por su compromiso con la innovaci\u00f3n, la tecnolog\u00eda, la diversidad y una calidad excepcional.<br \/>\nFortalecer la conectividad de Jalisco<br \/>\nTambi\u00e9n durante el evento, Xavier Orend\u00e1in De Obeso, Coordinador General Estrat\u00e9gico de Crecimiento y Desarrollo Econ\u00f3mico de Jalisco, dijo que: \u201cPor cada peso que los colombianos gastan aqu\u00ed, cinco pesos se derraman adicionalmente a nuestra econom\u00eda en souvenirs (compras), restaurantes o taxis. Seguiremos haciendo lo que nos toca junto con nuestros aliados de GAP para que las frecuencias crezcan. Tenemos un profundo inter\u00e9s de que, el intercambio de aqu\u00ed para all\u00e1, genere una derrama por nuestros turistas y sea beneficioso\u201d, afirm\u00f3 el Coordinador.<br \/>\n\u201cColombia pa\u00eds de charros y mariachis, Jalisco estado de alegr\u00eda algarab\u00eda y amistad. Es evidente que nuestras naciones est\u00e1n hermanadas, Colombia el pa\u00eds emergente con mayor crecimiento para Jalisco y para todo el pa\u00eds\u201d, afirm\u00f3 Gustavo Staufert Buclon Director General de la OFVC Guadalajara<br \/>\nEn este mismo sentido, Mart\u00edn Pablo Zazueta Ch\u00e1vez, director del Aeropuerto Internacional de Guadalajara afirm\u00f3: \u201cCelebramos esta nueva conexi\u00f3n con Am\u00e9rica del Sur, el Aeropuerto Internacional de Guadalajara brindar\u00e1 un servicio excepcional a los nuevos pasajeros de Viva Aerobus, con inversiones en una infraestructura de primer nivel y brindando la mejor experiencia de viaje\u201d.<br \/>\nCon esta nueva ruta, adem\u00e1s, Viva Aerobus fortalece, a\u00fan m\u00e1s, su presencia en la capital jalisciense, una de sus seis bases operativas. Actualmente, es una de las aerol\u00edneas con la oferta m\u00e1s amplia en dicho estado al contar con m\u00e1s de 25 rutas desde\/hacia Guadalajara y Puerto Vallarta.<br \/>\nResultado de este compromiso con la conectividad de Jalisco, Viva ha cosechado una creciente preferencia y respaldo de los pasajeros. Durante estos nueve meses del 2022, la aerol\u00ednea increment\u00f3 en un 53% los pasajeros desde\/hacia Jalisco en comparaci\u00f3n con enero \u2013 septiembre 2021.<br \/>\n\u201cYa sea por placer o negocios, con esta nueva ruta, miles de pasajeros se ver\u00e1n beneficiados con una opci\u00f3n de vuelo punto a punto, en aviones nuevos, con precios bajos y sin escalas ente Jalisco y Bogot\u00e1. Pondremos a disposici\u00f3n de todos m\u00e1s de 35 mil asientos al a\u00f1o y, as\u00ed, la conectividad y competitividad de ambos pa\u00edses se ve fortalecida en beneficio de sectores clave como el turismo y el comercio\u201d, explic\u00f3 Juan Carlos Zuazua, director general de Viva Aerobus.<\/p>\n<p>&nbsp;<\/p>\n<p>&nbsp;<\/p>\n","protected":false},"excerpt":{"rendered":"<p>En conferencia de prensa desde Guadalajara, autoridades de ProColombia, el Instituto Distrital de Turismo de Bogot\u00e1, Grupo Aeroportuario del Pac\u00edfico (GAP), Viva Aerobus, la OFVC Guadalajara y la Secretar\u00eda de Turismo de Jalisco celebraron la inauguraci\u00f3n de la primera ruta de la aerol\u00ednea de ultra bajo costo que conecta a Jalisco con Colombia: Guadalajara \u2013 [&hellip;]<\/p>\n","protected":false},"author":1,"featured_media":412717,"comment_status":"open","ping_status":"closed","sticky":false,"template":"","format":"standard","meta":{"om_disable_all_campaigns":false,"jnews-multi-image_gallery":[],"jnews_single_post":{"source_name":"","source_url":"","via_name":"","via_url":"","override_template":"0","override":[{"template":"1","single_blog_custom":"","parallax":"1","fullscreen":"1","layout":"right-sidebar","sidebar":"default-sidebar","second_sidebar":"default-sidebar","sticky_sidebar":"1","share_position":"top","share_float_style":"share-monocrhome","show_share_counter":"1","show_view_counter":"1","show_featured":"1","show_post_meta":"1","show_post_author":"1","show_post_author_image":"1","show_post_date":"1","post_date_format":"default","post_date_format_custom":"Y\/m\/d","show_post_category":"1","show_post_reading_time":"0","post_reading_time_wpm":"300","show_zoom_button":"0","zoom_button_out_step":"2","zoom_button_in_step":"3","show_post_tag":"1","show_prev_next_post":"1","show_popup_post":"1","number_popup_post":"1","show_author_box":"0","show_post_related":"0","show_inline_post_related":"0"}],"override_image_size":"0","image_override":[{"single_post_thumbnail_size":"crop-500","single_post_gallery_size":"crop-500"}],"trending_post":"0","trending_post_position":"meta","trending_post_label":"Trending","sponsored_post":"0","sponsored_post_label":"Sponsored by","sponsored_post_name":"","sponsored_post_url":"","sponsored_post_logo_enable":"0","sponsored_post_logo":"","sponsored_post_desc":"","disable_ad":"0"},"jnews_primary_category":{"id":"","hide":""},"jnews_social_meta":{"fb_title":"","fb_description":"","fb_image":"","twitter_title":"","twitter_description":"","twitter_image":""},"footnotes":""},"categories":[39],"tags":[],"class_list":["post-412704","post","type-post","status-publish","format-standard","has-post-thumbnail","hentry","category-viajes"],"_links":{"self":[{"href":"https:\/\/dimensionturistica.com\/es\/wp-json\/wp\/v2\/posts\/412704","targetHints":{"allow":["GET"]}}],"collection":[{"href":"https:\/\/dimensionturistica.com\/es\/wp-json\/wp\/v2\/posts"}],"about":[{"href":"https:\/\/dimensionturistica.com\/es\/wp-json\/wp\/v2\/types\/post"}],"author":[{"embeddable":true,"href":"https:\/\/dimensionturistica.com\/es\/wp-json\/wp\/v2\/users\/1"}],"replies":[{"embeddable":true,"href":"https:\/\/dimensionturistica.com\/es\/wp-json\/wp\/v2\/comments?post=412704"}],"version-history":[{"count":0,"href":"https:\/\/dimensionturistica.com\/es\/wp-json\/wp\/v2\/posts\/412704\/revisions"}],"wp:featuredmedia":[{"embeddable":true,"href":"https:\/\/dimensionturistica.com\/es\/wp-json\/wp\/v2\/media\/412717"}],"wp:attachment":[{"href":"https:\/\/dimensionturistica.com\/es\/wp-json\/wp\/v2\/media?parent=412704"}],"wp:term":[{"taxonomy":"category","embeddable":true,"href":"https:\/\/dimensionturistica.com\/es\/wp-json\/wp\/v2\/categories?post=412704"},{"taxonomy":"post_tag","embeddable":true,"href":"https:\/\/dimensionturistica.com\/es\/wp-json\/wp\/v2\/tags?post=412704"}],"curies":[{"name":"wp","href":"https:\/\/api.w.org\/{rel}","templated":true}]}}