{"id":412288,"date":"2022-10-24T19:20:13","date_gmt":"2022-10-24T19:20:13","guid":{"rendered":"https:\/\/dimensionturistica.com\/es\/?p=412288"},"modified":"2022-10-24T19:22:41","modified_gmt":"2022-10-24T19:22:41","slug":"conoce-la-tradicion-del-pan-de-muerto-de-comedor-lucerna-que-ofrece-una-deliciosa-version-rellena","status":"publish","type":"post","link":"https:\/\/dimensionturistica.com\/es\/conoce-la-tradicion-del-pan-de-muerto-de-comedor-lucerna-que-ofrece-una-deliciosa-version-rellena\/","title":{"rendered":"Conoce la tradici\u00f3n del pan de muerto de Comedor Lucerna, que ofrece una deliciosa versi\u00f3n rellena"},"content":{"rendered":"<p>Se acerca la celebraci\u00f3n de D\u00eda de Muertos, una de las m\u00e1s populares de nuestro pa\u00eds. Uno de los<img decoding=\"async\" class=\"size-medium wp-image-412295 alignright\" src=\"https:\/\/dimensionturistica.com\/es\/wp-content\/uploads\/2022\/10\/unnamed-2-13-300x198.jpg\" alt=\"\" width=\"300\" height=\"198\" srcset=\"https:\/\/dimensionturistica.com\/es\/wp-content\/uploads\/2022\/10\/unnamed-2-13-300x198.jpg 300w, https:\/\/dimensionturistica.com\/es\/wp-content\/uploads\/2022\/10\/unnamed-2-13.jpg 670w\" sizes=\"(max-width: 300px) 100vw, 300px\" \/> protagonistas de esta fecha es el pan de muerto. Adem\u00e1s de su versi\u00f3n tradicional, se preparan deliciosas interpretaciones, algunas de ellas se podr\u00e1n encontrar en Comedor Lucerna, un espacio multicultural, moderno y urbano que tiene como misi\u00f3n ofrecer diferentes experiencias gastron\u00f3micas y vivencias inolvidables a sus visitantes.<br \/>\nEl pan de muerto honra a nuestros antepasados y se ha convertido en uno de los favoritos de nuestra panader\u00eda, que gracias a su exquisito sabor es el acompa\u00f1ante ideal de las bebidas calientes de esta temporada.<br \/>\nEn Comedor Lucerna habr\u00e1 diferentes y deliciosas opciones para todos los gustos, una de ellas es el pan relleno de nutella con fresas; otra tiene pl\u00e1tano con dulce de leche, las cuales estar\u00e1n disponibles a partir del 15 de octubre y hasta el 15 de noviembre.<img decoding=\"async\" class=\"size-medium wp-image-412293 alignright\" src=\"https:\/\/dimensionturistica.com\/es\/wp-content\/uploads\/2022\/10\/unnamed-4-4-300x194.jpg\" alt=\"\" width=\"300\" height=\"194\" srcset=\"https:\/\/dimensionturistica.com\/es\/wp-content\/uploads\/2022\/10\/unnamed-4-4-300x194.jpg 300w, https:\/\/dimensionturistica.com\/es\/wp-content\/uploads\/2022\/10\/unnamed-4-4.jpg 670w\" sizes=\"(max-width: 300px) 100vw, 300px\" \/><br \/>\nAdicionalmente, los d\u00edas 31 de octubre, y 1 y 2 de noviembre, los amantes del licor podr\u00e1n disfrutar de una ins\u00f3lita versi\u00f3n rellena de crema de Baileys, y para quienes gustan de platillos sorprendentes habr\u00e1 hamburguesas con bollos con ajonjol\u00ed con la forma del pan de muerto.<br \/>\nEstos mismos d\u00edas para acompa\u00f1ar se ofrecer\u00e1 una bebida conmemorativa: el carajillo del mes, el cual contiene vodka, shot espresso, chocolate Tur\u00edn, crema batida y como decoraci\u00f3n un conejito Tur\u00edn.<br \/>\nDurante todo el mes de octubre el Comedor Lucerna ser\u00e1 el lugar perfecto para reunirse y vivir<img decoding=\"async\" class=\"size-medium wp-image-412294 alignleft\" src=\"https:\/\/dimensionturistica.com\/es\/wp-content\/uploads\/2022\/10\/unnamed-3-8-300x200.jpg\" alt=\"\" width=\"300\" height=\"200\" srcset=\"https:\/\/dimensionturistica.com\/es\/wp-content\/uploads\/2022\/10\/unnamed-3-8-300x200.jpg 300w, https:\/\/dimensionturistica.com\/es\/wp-content\/uploads\/2022\/10\/unnamed-3-8.jpg 627w\" sizes=\"(max-width: 300px) 100vw, 300px\" \/> momentos inolvidables: los jueves el espacio se llenar\u00e1 de m\u00fasica rock y los s\u00e1bados el rock pop ser\u00e1 el protagonista.<br \/>\nPara cerrar con broche de oro, el jueves 3 de noviembre se realizar\u00e1 la fiesta de Halloween. El staff estar\u00e1 a tono usando los m\u00e1s divertidos disfraces, se presentar\u00e1n diversas promociones y habr\u00e1 muchas<img decoding=\"async\" class=\"size-medium wp-image-412296 alignright\" src=\"https:\/\/dimensionturistica.com\/es\/wp-content\/uploads\/2022\/10\/unnamed-1-18-300x199.jpg\" alt=\"\" width=\"300\" height=\"199\" srcset=\"https:\/\/dimensionturistica.com\/es\/wp-content\/uploads\/2022\/10\/unnamed-1-18-300x199.jpg 300w, https:\/\/dimensionturistica.com\/es\/wp-content\/uploads\/2022\/10\/unnamed-1-18.jpg 671w\" sizes=\"(max-width: 300px) 100vw, 300px\" \/> sorpresas.<br \/>\nEn Comedor Lucerna conviven la cultura, la gastronom\u00eda y la cocteler\u00eda. Se caracteriza por su est\u00e9tica creativa, donde se fusionan diferentes expresiones art\u00edsticas urbanas, destacando sus coloridos murales.<br \/>\nEn Comedor Lucerna el men\u00fa se disfruta en comunidad, en mesas compartidas, para fomentar la convivencia y hacer nuevos amigos.<br \/>\n\u00a1Comedor Lucerna se une a la celebraci\u00f3n de D\u00eda de Muertos!<\/p>\n","protected":false},"excerpt":{"rendered":"<p>Se acerca la celebraci\u00f3n de D\u00eda de Muertos, una de las m\u00e1s populares de nuestro pa\u00eds. Uno de los protagonistas de esta fecha es el pan de muerto. Adem\u00e1s de su versi\u00f3n tradicional, se preparan deliciosas interpretaciones, algunas de ellas se podr\u00e1n encontrar en Comedor Lucerna, un espacio multicultural, moderno y urbano que tiene como [&hellip;]<\/p>\n","protected":false},"author":1,"featured_media":412292,"comment_status":"open","ping_status":"closed","sticky":false,"template":"","format":"standard","meta":{"om_disable_all_campaigns":false,"jnews-multi-image_gallery":[],"jnews_single_post":{"source_name":"","source_url":"","via_name":"","via_url":"","override_template":"0","override":[{"template":"1","single_blog_custom":"","parallax":"1","fullscreen":"1","layout":"right-sidebar","sidebar":"default-sidebar","second_sidebar":"default-sidebar","sticky_sidebar":"1","share_position":"top","share_float_style":"share-monocrhome","show_share_counter":"1","show_view_counter":"1","show_featured":"1","show_post_meta":"1","show_post_author":"1","show_post_author_image":"1","show_post_date":"1","post_date_format":"default","post_date_format_custom":"Y\/m\/d","show_post_category":"1","show_post_reading_time":"0","post_reading_time_wpm":"300","show_zoom_button":"0","zoom_button_out_step":"2","zoom_button_in_step":"3","show_post_tag":"1","show_prev_next_post":"1","show_popup_post":"1","number_popup_post":"1","show_author_box":"0","show_post_related":"0","show_inline_post_related":"0"}],"override_image_size":"0","image_override":[{"single_post_thumbnail_size":"crop-500","single_post_gallery_size":"crop-500"}],"trending_post":"0","trending_post_position":"meta","trending_post_label":"Trending","sponsored_post":"0","sponsored_post_label":"Sponsored by","sponsored_post_name":"","sponsored_post_url":"","sponsored_post_logo_enable":"0","sponsored_post_logo":"","sponsored_post_desc":"","disable_ad":"0"},"jnews_primary_category":{"id":"","hide":""},"jnews_social_meta":{"fb_title":"","fb_description":"","fb_image":"","twitter_title":"","twitter_description":"","twitter_image":""},"footnotes":""},"categories":[43],"tags":[],"class_list":["post-412288","post","type-post","status-publish","format-standard","has-post-thumbnail","hentry","category-gourmet"],"_links":{"self":[{"href":"https:\/\/dimensionturistica.com\/es\/wp-json\/wp\/v2\/posts\/412288","targetHints":{"allow":["GET"]}}],"collection":[{"href":"https:\/\/dimensionturistica.com\/es\/wp-json\/wp\/v2\/posts"}],"about":[{"href":"https:\/\/dimensionturistica.com\/es\/wp-json\/wp\/v2\/types\/post"}],"author":[{"embeddable":true,"href":"https:\/\/dimensionturistica.com\/es\/wp-json\/wp\/v2\/users\/1"}],"replies":[{"embeddable":true,"href":"https:\/\/dimensionturistica.com\/es\/wp-json\/wp\/v2\/comments?post=412288"}],"version-history":[{"count":0,"href":"https:\/\/dimensionturistica.com\/es\/wp-json\/wp\/v2\/posts\/412288\/revisions"}],"wp:featuredmedia":[{"embeddable":true,"href":"https:\/\/dimensionturistica.com\/es\/wp-json\/wp\/v2\/media\/412292"}],"wp:attachment":[{"href":"https:\/\/dimensionturistica.com\/es\/wp-json\/wp\/v2\/media?parent=412288"}],"wp:term":[{"taxonomy":"category","embeddable":true,"href":"https:\/\/dimensionturistica.com\/es\/wp-json\/wp\/v2\/categories?post=412288"},{"taxonomy":"post_tag","embeddable":true,"href":"https:\/\/dimensionturistica.com\/es\/wp-json\/wp\/v2\/tags?post=412288"}],"curies":[{"name":"wp","href":"https:\/\/api.w.org\/{rel}","templated":true}]}}