{"id":412247,"date":"2022-10-24T18:48:42","date_gmt":"2022-10-24T18:48:42","guid":{"rendered":"https:\/\/dimensionturistica.com\/es\/?p=412247"},"modified":"2022-10-24T18:48:42","modified_gmt":"2022-10-24T18:48:42","slug":"ubico-agencia-de-viajes-oficial-del-concierto-previo-a-los-latin-grammy-noticias-de-agencias-de-viajes","status":"publish","type":"post","link":"https:\/\/dimensionturistica.com\/es\/ubico-agencia-de-viajes-oficial-del-concierto-previo-a-los-latin-grammy-noticias-de-agencias-de-viajes\/","title":{"rendered":"\u00dabico, agencia de viajes oficial del concierto previo a los Latin Grammy | Noticias de Agencias de viajes"},"content":{"rendered":"<p> <br \/>\n<\/p>\n<div>\n<p><a rel=\"nofollow noopener\" target=\"_blank\" href=\"https:\/\/www.preferente.com\/wp-content\/uploads\/2022\/10\/latin-grammy.png\"><img decoding=\"async\" class=\"aligncenter size-full wp-image-322150\" src=\"https:\/\/www.preferente.com\/wp-content\/uploads\/2022\/10\/latin-grammy.png\" alt=\"\" width=\"600\" height=\"370\" srcset=\"https:\/\/www.preferente.com\/wp-content\/uploads\/2022\/10\/latin-grammy.png 600w, https:\/\/www.preferente.com\/wp-content\/uploads\/2022\/10\/latin-grammy-300x185.png 300w, https:\/\/www.preferente.com\/wp-content\/uploads\/2022\/10\/latin-grammy-324x200.png 324w, https:\/\/www.preferente.com\/wp-content\/uploads\/2022\/10\/latin-grammy-243x150.png 243w, https:\/\/www.preferente.com\/wp-content\/uploads\/2022\/10\/latin-grammy-122x75.png 122w, https:\/\/www.preferente.com\/wp-content\/uploads\/2022\/10\/latin-grammy-97x60.png 97w, https:\/\/www.preferente.com\/wp-content\/uploads\/2022\/10\/latin-grammy-227x140.png 227w, https:\/\/www.preferente.com\/wp-content\/uploads\/2022\/10\/latin-grammy-52x32.png 52w, https:\/\/www.preferente.com\/wp-content\/uploads\/2022\/10\/latin-grammy-527x325.png 527w, https:\/\/www.preferente.com\/wp-content\/uploads\/2022\/10\/latin-grammy-174x107.png 174w, https:\/\/www.preferente.com\/wp-content\/uploads\/2022\/10\/latin-grammy-270x167.png 270w\" sizes=\"(max-width: 600px) 100vw, 600px\"\/><\/a><\/p>\n<p>\u00dabico ser\u00e1 la agencia de viajes oficial del concierto ac\u00fastico que la Academia Latina de la Grabaci\u00f3n celebrar\u00e1 en Madrid el pr\u00f3ximo 26 de octubre. Contar\u00e1 con la participaci\u00f3n de varios de los artistas nominados a la 23a Entrega Anual del Latin Grammy.<\/p>\n<p>La agencia de World2Meet (W2M) brindar\u00e1 un servicio \u201cexclusivo y altamente personalizado\u201d en los viajes, estancia y traslados de los artistas e invitados relevantes, buscando siempre que la ocasi\u00f3n suponga \u201cuna experiencia \u00fanica para todos ellos en una noche tan especial\u201d.<\/p>\n<p>El concierto privado, antesala de la gala de los premios Grammy Latinos que se celebra en Las Vegas el pr\u00f3ximo 17 de noviembre, contar\u00e1 con la participaci\u00f3n de Becky G, nominada en cinco categor\u00edas este a\u00f1o, acompa\u00f1ada por el invitado especial Daviles de Novelda, con el cual interpretar\u00e1 su nuevo single \u201cAmantes\u201d.<\/p>\n<p>Adem\u00e1s, Pol Granch, nominado a la categor\u00eda de Mejor Nuevo Artista tambi\u00e9n compartir\u00e1 por primera vez el escenario de La Academia Latina. El evento incluye interpretaciones de canciones elegidas por los artistas, adem\u00e1s de colaboraciones in\u00e9ditas, d\u00faos y narraciones.<\/p>\n<p>\u00a0<\/p>\n<\/p><\/div>\n\n<p><em> &#8221; Fuentes news.google.com &#8221; <\/em><\/p>\n","protected":false},"excerpt":{"rendered":"<p>\u00dabico ser\u00e1 la agencia de viajes oficial del concierto ac\u00fastico que la Academia Latina de la Grabaci\u00f3n celebrar\u00e1 en Madrid el pr\u00f3ximo 26 de octubre. Contar\u00e1 con la participaci\u00f3n de varios de los artistas nominados a la 23a Entrega Anual del Latin Grammy. La agencia de World2Meet (W2M) brindar\u00e1 un servicio \u201cexclusivo y altamente personalizado\u201d [&hellip;]<\/p>\n","protected":false},"author":4,"featured_media":412248,"comment_status":"open","ping_status":"closed","sticky":false,"template":"","format":"standard","meta":{"om_disable_all_campaigns":false,"jnews-multi-image_gallery":[],"jnews_single_post":[],"jnews_primary_category":[],"jnews_social_meta":[],"footnotes":""},"categories":[39],"tags":[],"class_list":["post-412247","post","type-post","status-publish","format-standard","has-post-thumbnail","hentry","category-viajes"],"_links":{"self":[{"href":"https:\/\/dimensionturistica.com\/es\/wp-json\/wp\/v2\/posts\/412247","targetHints":{"allow":["GET"]}}],"collection":[{"href":"https:\/\/dimensionturistica.com\/es\/wp-json\/wp\/v2\/posts"}],"about":[{"href":"https:\/\/dimensionturistica.com\/es\/wp-json\/wp\/v2\/types\/post"}],"author":[{"embeddable":true,"href":"https:\/\/dimensionturistica.com\/es\/wp-json\/wp\/v2\/users\/4"}],"replies":[{"embeddable":true,"href":"https:\/\/dimensionturistica.com\/es\/wp-json\/wp\/v2\/comments?post=412247"}],"version-history":[{"count":0,"href":"https:\/\/dimensionturistica.com\/es\/wp-json\/wp\/v2\/posts\/412247\/revisions"}],"wp:featuredmedia":[{"embeddable":true,"href":"https:\/\/dimensionturistica.com\/es\/wp-json\/wp\/v2\/media\/412248"}],"wp:attachment":[{"href":"https:\/\/dimensionturistica.com\/es\/wp-json\/wp\/v2\/media?parent=412247"}],"wp:term":[{"taxonomy":"category","embeddable":true,"href":"https:\/\/dimensionturistica.com\/es\/wp-json\/wp\/v2\/categories?post=412247"},{"taxonomy":"post_tag","embeddable":true,"href":"https:\/\/dimensionturistica.com\/es\/wp-json\/wp\/v2\/tags?post=412247"}],"curies":[{"name":"wp","href":"https:\/\/api.w.org\/{rel}","templated":true}]}}