{"id":412128,"date":"2022-10-24T17:05:56","date_gmt":"2022-10-24T17:05:56","guid":{"rendered":"https:\/\/dimensionturistica.com\/es\/?p=412128"},"modified":"2022-10-24T17:05:56","modified_gmt":"2022-10-24T17:05:56","slug":"san-angel-celebra-un-ano-mas-el-dia-de-muertos","status":"publish","type":"post","link":"https:\/\/dimensionturistica.com\/es\/san-angel-celebra-un-ano-mas-el-dia-de-muertos\/","title":{"rendered":"\u201cSan \u00c1ngel celebra un a\u00f1o m\u00e1s el D\u00eda de Muertos\u201d"},"content":{"rendered":"<p>La riqueza cultural en el marco del D\u00eda de Muertos llega al barrio de San \u00c1ngel, en la Ciudad de M\u00e9xico.<img decoding=\"async\" class=\"size-medium wp-image-412137 alignright\" src=\"https:\/\/dimensionturistica.com\/es\/wp-content\/uploads\/2022\/10\/th-1-6-300x200.jpg\" alt=\"\" width=\"300\" height=\"200\" srcset=\"https:\/\/dimensionturistica.com\/es\/wp-content\/uploads\/2022\/10\/th-1-6-300x200.jpg 300w, https:\/\/dimensionturistica.com\/es\/wp-content\/uploads\/2022\/10\/th-1-6.jpg 474w\" sizes=\"(max-width: 300px) 100vw, 300px\" \/><br \/>\nLa Uni\u00f3n de Colonos de San \u00c1ngel, San \u00c1ngel Inn y Tlacopac, en un trabajo conjunto con los vecinos, los museos, y la comunidad cultural de esta zona de monumentos hist\u00f3ricos y patrimonio tangible e intangible de la Ciudad de M\u00e9xico, presentan por doceavo a\u00f1o consecutivo un programa cultural caracterizado por el montaje de ofrendas, talleres, conciertos, recorridos, charlas, concursos, exposiciones y actividades para el p\u00fablico en general, a partir del 20 de octubre y hasta el 13 de noviembre.<br \/>\nCon la finalidad de conservar y mantener viva una de las tradiciones m\u00e1s arraigadas de la cultura mexicana, participan recintos como el Museo de El Carmen, Museo Casa del Risco, Museo Casa Estudio Diego Rivera y Frida Kahlo, Museo de Arte Carrillo Gil, Museo Soumaya, el Instituto de Estudios Hist\u00f3ricos de las Revoluciones de M\u00e9xico, el Centro Cultural San \u00c1ngel, el Centro Cultural y Comercial Plaza Loreto y la Galer\u00eda Tocamadera.<br \/>\n\u201cConsiderada como parte de la lista del Patrimonio Oral e Inmaterial de la Humanidad de la UNESCO desde 2003, la celebraci\u00f3n del D\u00eda de Muertos en M\u00e9xico es una festividad que enriquece todos los sentidos. Nos sentimos honrados de exaltar esta tradici\u00f3n en nuestro barrio de San \u00c1ngel, y de unir<img decoding=\"async\" class=\"size-medium wp-image-412136 alignright\" src=\"https:\/\/dimensionturistica.com\/es\/wp-content\/uploads\/2022\/10\/SANANNGEL1-300x187.jpg\" alt=\"\" width=\"300\" height=\"187\" srcset=\"https:\/\/dimensionturistica.com\/es\/wp-content\/uploads\/2022\/10\/SANANNGEL1-300x187.jpg 300w, https:\/\/dimensionturistica.com\/es\/wp-content\/uploads\/2022\/10\/SANANNGEL1.jpg 500w\" sizes=\"(max-width: 300px) 100vw, 300px\" \/> esfuerzos con todos los involucrados para presentar un interesante programa de actividades para toda la familia\u201d, indica F\u00e1tima Caba\u00f1as de la Uni\u00f3n de Colonos.<br \/>\nEn cuanto a los c\u00e9lebres altares de muertos, los distintos recintos montar\u00e1n los homenajes a personajes como el intelectual mexicano Isidro Fabela y su esposa Josefina Eisenmann; el compositor Jos\u00e9 Alfredo Jim\u00e9nez; el padre de la criminolog\u00eda mexicana Alfonso Quiroz Cuar\u00f3n; la familia Lenz; los y las obreras de Tizap\u00e1n y San \u00c1ngel; el arquitecto Luis Barrag\u00e1n; el pintor espa\u00f1ol Carlos Mart\u00edn, el historiador Pablo Serrano; el pol\u00edtico y periodista Ricardo Flores Mag\u00f3n; los m\u00e1rtires irlandeses del Batall\u00f3n de San Patricio y el poeta mexicano Efra\u00edn Huerta.<br \/>\nMuseo de El Carmen<br \/>\nEste a\u00f1o dedica su ofrenda a la familia Lenz y a las y los obreros de San \u00c1ngel y Tizap\u00e1n: se podr\u00e1 visitar del 27 de octubre al 4 de diciembre. Organizar\u00e1 tambi\u00e9n recorridos de leyendas, funci\u00f3n de teatro Fiesta<img decoding=\"async\" class=\"size-medium wp-image-412135 alignright\" src=\"https:\/\/dimensionturistica.com\/es\/wp-content\/uploads\/2022\/10\/SANANGEL2-300x224.jpg\" alt=\"\" width=\"300\" height=\"224\" srcset=\"https:\/\/dimensionturistica.com\/es\/wp-content\/uploads\/2022\/10\/SANANGEL2-300x224.jpg 300w, https:\/\/dimensionturistica.com\/es\/wp-content\/uploads\/2022\/10\/SANANGEL2.jpg 500w\" sizes=\"(max-width: 300px) 100vw, 300px\" \/> Pante\u00f3n, concierto de sones y canciones sobre D\u00eda de Muertos, as\u00ed como exhibici\u00f3n de calaveras monumentales.<br \/>\nFB Museo de El Carmen<br \/>\nTW @museodeelcarmen<br \/>\nIG MuseodeElCarmen<br \/>\nCentro Cultural Isidro Fabela Museo Casa Del Risco<br \/>\nA partir del 20 de octubre y hasta el 20 de noviembre, se podr\u00e1n visitar sus tres ofrendas dedicadas a Isidro Fabela y a su esposa Josefina Eisenmann; a Jos\u00e9 Alfredo Jim\u00e9nez y a Alfonso Quiroz Cuar\u00f3n. El museo ofrecer\u00e1 talleres, exposiciones, concierto tributo al int\u00e9rprete Jos\u00e9 Alfredo Jim\u00e9nez, recorridos de leyendas, proyecciones de pel\u00edculas, venta de artesan\u00edas y pan de muerto y m\u00e1s.<br \/>\nFB Museo Casa del Risco<br \/>\nIG @Museo Casa del Risco<br \/>\nYT Museo Casa del Risco<br \/>\nMuseo Casa Estudio Diego Rivera y Frida Kahlo<br \/>\nSu ofrenda de D\u00eda de Muertos estar\u00e1 dedicada al arquitecto Luis Barrag\u00e1n, en el marco del 120 aniversario de su natalicio y como extensi\u00f3n del contenido de la muestra Arquitectos y Muralistas. Casas Estudio del siglo 20 en M\u00e9xico, en la que el trabajo del arquitecto tapat\u00edo forma parte fundamental.<br \/>\nEl museo tendr\u00e1 como actividad el taller: Bienvenida de color, para realizar una guirnalda de papel picado de colores.<br \/>\nFB Museo Casa Estudio Diego Rivera y Frida Kahlo<br \/>\nTW @museoestudioDR<br \/>\nTT @museoestudiodr<br \/>\nMuseo de Arte Carrillo Gil<br \/>\nA partir del 29 de octubre se podr\u00e1 visitar con recorridos guiados la ofrenda Bordando por la paz y la memoria: un homenaje a los ausentes, a cargo del colectivo Fuentes Rojas. Ofrecer\u00e1 talleres familiares sobre bordado de pa\u00f1uelos.<br \/>\nFB Museo de Arte Carrillo Gil<br \/>\nIG @museoacarrillogil<br \/>\nMuseo Soumaya Plaza Loreto<br \/>\nEl pintor espa\u00f1ol Carlos Mart\u00edn ser\u00e1 el personaje que protagonizar\u00e1 su ofrenda, a partir del 25 de octubre y hasta el 6 de noviembre. Tambi\u00e9n organizar\u00e1 talleres para la elaboraci\u00f3n de papel picado y de portarretratos.<br \/>\nFB ElMuseoSoumaya<br \/>\nTW @ElMuseoSoumaya<br \/>\nIG @ElMuseoSoumaya<br \/>\nYT @ElMuseoSoumaya<br \/>\nInstituto Nacional de Estudios Hist\u00f3ricos de las Revoluciones de M\u00e9xico Participar\u00e1 con la ofrenda al historiador Pablo Serrano y al periodista mexicano Ricardo Flores Mag\u00f3n, del 31 de octubre al 4 de noviembre.<br \/>\nCentro Cultural San \u00c1ngel<br \/>\nDel 20 de octubre al 6 de noviembre tendr\u00e1 la ofrenda dedicada a los m\u00e1rtires irlandeses del Batall\u00f3n de San Patricio, a cargo de Humberto Sp\u00edndola. Asimismo, para el p\u00fablico en general, ofrecer\u00e1 relatos por cuentacuentos.<br \/>\nFB Centro Cultural San \u00c1ngel<br \/>\nCentro Cultural y Comercial Plaza Loreto<br \/>\nDel 29 de octubre al 10 de noviembre en colaboraci\u00f3n con el Tec de Monterrey tendr\u00e1 la exposici\u00f3n interactiva Cuatro Rumbos de la Muerte adem\u00e1s de las exhibiciones de la escultura monumental Mictlantecuhtli y un Tzompantli gr\u00e1fico<br \/>\nGaler\u00eda Tocamadera en Plaza San Jacinto<br \/>\nDedicar\u00e1 su vistosa ofrenda al poeta Efra\u00edn Huerta del 27 de octubre al 6 de noviembre.<br \/>\nConsulta el programa completo de actividades y d\u00eda a d\u00eda AQU\u00cd<br \/>\nFB: Vive San \u00c1ngel<br \/>\nTW: @San\u00c1ngelVive<br \/>\nIG: @vivesanangel<br \/>\n#MueroxSan\u00c1ngel #ViveSan\u00c1ngel<\/p>\n","protected":false},"excerpt":{"rendered":"<p>La riqueza cultural en el marco del D\u00eda de Muertos llega al barrio de San \u00c1ngel, en la Ciudad de M\u00e9xico. La Uni\u00f3n de Colonos de San \u00c1ngel, San \u00c1ngel Inn y Tlacopac, en un trabajo conjunto con los vecinos, los museos, y la comunidad cultural de esta zona de monumentos hist\u00f3ricos y patrimonio tangible [&hellip;]<\/p>\n","protected":false},"author":1,"featured_media":412138,"comment_status":"open","ping_status":"closed","sticky":false,"template":"","format":"standard","meta":{"om_disable_all_campaigns":false,"jnews-multi-image_gallery":[],"jnews_single_post":{"source_name":"","source_url":"","via_name":"","via_url":"","override_template":"0","override":[{"template":"1","single_blog_custom":"","parallax":"1","fullscreen":"1","layout":"right-sidebar","sidebar":"default-sidebar","second_sidebar":"default-sidebar","sticky_sidebar":"1","share_position":"top","share_float_style":"share-monocrhome","show_share_counter":"1","show_view_counter":"1","show_featured":"1","show_post_meta":"1","show_post_author":"1","show_post_author_image":"1","show_post_date":"1","post_date_format":"default","post_date_format_custom":"Y\/m\/d","show_post_category":"1","show_post_reading_time":"0","post_reading_time_wpm":"300","show_zoom_button":"0","zoom_button_out_step":"2","zoom_button_in_step":"3","show_post_tag":"1","show_prev_next_post":"1","show_popup_post":"1","number_popup_post":"1","show_author_box":"0","show_post_related":"0","show_inline_post_related":"0"}],"override_image_size":"0","image_override":[{"single_post_thumbnail_size":"crop-500","single_post_gallery_size":"crop-500"}],"trending_post":"0","trending_post_position":"meta","trending_post_label":"Trending","sponsored_post":"0","sponsored_post_label":"Sponsored by","sponsored_post_name":"","sponsored_post_url":"","sponsored_post_logo_enable":"0","sponsored_post_logo":"","sponsored_post_desc":"","disable_ad":"0"},"jnews_primary_category":{"id":"","hide":""},"jnews_social_meta":{"fb_title":"","fb_description":"","fb_image":"","twitter_title":"","twitter_description":"","twitter_image":""},"footnotes":""},"categories":[39],"tags":[],"class_list":["post-412128","post","type-post","status-publish","format-standard","has-post-thumbnail","hentry","category-viajes"],"_links":{"self":[{"href":"https:\/\/dimensionturistica.com\/es\/wp-json\/wp\/v2\/posts\/412128","targetHints":{"allow":["GET"]}}],"collection":[{"href":"https:\/\/dimensionturistica.com\/es\/wp-json\/wp\/v2\/posts"}],"about":[{"href":"https:\/\/dimensionturistica.com\/es\/wp-json\/wp\/v2\/types\/post"}],"author":[{"embeddable":true,"href":"https:\/\/dimensionturistica.com\/es\/wp-json\/wp\/v2\/users\/1"}],"replies":[{"embeddable":true,"href":"https:\/\/dimensionturistica.com\/es\/wp-json\/wp\/v2\/comments?post=412128"}],"version-history":[{"count":0,"href":"https:\/\/dimensionturistica.com\/es\/wp-json\/wp\/v2\/posts\/412128\/revisions"}],"wp:featuredmedia":[{"embeddable":true,"href":"https:\/\/dimensionturistica.com\/es\/wp-json\/wp\/v2\/media\/412138"}],"wp:attachment":[{"href":"https:\/\/dimensionturistica.com\/es\/wp-json\/wp\/v2\/media?parent=412128"}],"wp:term":[{"taxonomy":"category","embeddable":true,"href":"https:\/\/dimensionturistica.com\/es\/wp-json\/wp\/v2\/categories?post=412128"},{"taxonomy":"post_tag","embeddable":true,"href":"https:\/\/dimensionturistica.com\/es\/wp-json\/wp\/v2\/tags?post=412128"}],"curies":[{"name":"wp","href":"https:\/\/api.w.org\/{rel}","templated":true}]}}