{"id":411946,"date":"2022-10-24T10:28:55","date_gmt":"2022-10-24T10:28:55","guid":{"rendered":"https:\/\/dimensionturistica.com\/es\/?p=411946"},"modified":"2022-10-24T10:28:56","modified_gmt":"2022-10-24T10:28:56","slug":"la-sede-de-la-inteligencia-turistica-estara-en-el-invattur-de-benidorm","status":"publish","type":"post","link":"https:\/\/dimensionturistica.com\/es\/la-sede-de-la-inteligencia-turistica-estara-en-el-invattur-de-benidorm\/","title":{"rendered":"la sede de la inteligencia tur\u00edstica estar\u00e1 en el Invattur de Benidorm"},"content":{"rendered":"<p> <br \/>\n<\/p>\n<div id=\"MainContent\">\n<p class=\"ms-rteElement-Parrafo_Normal\">A partir de ahora, seg\u00fan ha informado el Gobierno, &#8220;comienzan los trabajos para el desarrollo de esta Plataforma, que est\u00e1 llamada a ser crucial en el proceso de transformaci\u00f3n de destinos y sector tur\u00edstico <strong>facilitando el acceso a tecnolog\u00edas y soluciones digitales&#8221;.<\/strong><\/p>\n<p class=\"ms-rteElement-Parrafo_Normal\">[<a rel=\"nofollow noopener\" target=\"_blank\" href=\"https:\/\/www.elespanol.com\/alicante\/economia\/turismo\/20211114\/proyecto-pedro-sanchez-benidorm-plataforma-inteligente-destinos\/626937675_0.html\"><em>El gran proyecto de Pedro S\u00e1nchez para Benidorm: una Plataforma Inteligente de Destinos Tur\u00edsticos<\/em><\/a>]<\/p>\n<p class=\"ms-rteElement-Parrafo_Normal\">Durante el acto tambi\u00e9n se ha constituido el Ente Promotor de la Plataforma Inteligente de Destinos, <strong>un \u00f3rgano de coordinaci\u00f3n y cooperaci\u00f3n con el sector<\/strong> y las redes de ciudades que da continuidad al proceso de di\u00e1logo con el que se ha definido el enfoque y alcance de la Plataforma.<\/p>\n<p class=\"ms-rteElement-Parrafo_Normal\">Durante su intervenci\u00f3n, Reyes Maroto ha destacado que &#8220;hoy es un d\u00eda muy importante porque reafirmamos el compromiso del Gobierno con la Comunidad Valenciana y <strong>con Benidorm como exponente de nuestro turismo de calidad&#8221;. <\/strong><\/p>\n<p class=\"ms-rteElement-Parrafo_Normal\">&#8220;Invattur es un centro especializado en la generaci\u00f3n y transferencia de conocimiento tur\u00edstico y un lugar id\u00f3neo para albergar la sede de la Plataforma Inteligente de Destinos que<strong> actuar\u00e1 como centro unificado de operaciones<\/strong> desde donde dirigir y coordinar todas sus actividades con el resto de destinos participantes de la Red DTI&#8221;, ha agregado.<\/p>\n<p class=\"ms-rteElement-Parrafo_Normal\">La ministra ha recordado que &#8220;en 2019 conectamos los destinos a trav\u00e9s de la red DTI y en 2022 queremos ser m\u00e1s ambiciosos:<strong> conectar de forma digital los destinos con los turistas<\/strong> y a su vez, con las empresas, de tal forma que se genere un sistema de inteligencia tur\u00edstica \u00fanico que nos sit\u00fae a la vanguardia en competitividad tur\u00edstica&#8221;.<\/p>\n<p class=\"ms-rteElement-Parrafo_Normal\">[<a rel=\"nofollow noopener\" target=\"_blank\" href=\"https:\/\/www.elespanol.com\/alicante\/economia\/turismo\/20211121\/benidorm-cerebro-turistico-espana-destinos-espana\/628437797_0.html\"><em>Benidorm, \u00bfcerebro tur\u00edstico de Espa\u00f1a?<\/em><\/a>]<\/p>\n<p class=\"ms-rteElement-Parrafo_Normal\">&#8220;La Plataforma y su Ente Promotor que este lunes constituimos es la apuesta por una forma inteligente e innovadora de trabajar entre sector p\u00fablico y privado,<strong> para generar sinergias y poner las luces largas<\/strong> para avanzar hacia el modelo tur\u00edstico del futuro, sostenible, digital e inclusivo donde Espa\u00f1a contin\u00fae manteniendo su liderazgo tur\u00edstico a nivel mundial&#8221;, ha agregado.<\/p>\n<p class=\"ms-rteElement-Parrafo_Normal\">En el convenio suscrito entre el Ministerio de Industria, Comercio y Turismo y la Generalitat Valenciana, <strong>se concretan los trabajos de la plataforma que tendr\u00e1 sede en Benidorm<\/strong>, con lo que &#8220;se cumple el compromiso del Gobierno en la descentralizaci\u00f3n en la ubicaci\u00f3n de los organismos p\u00fablicos de nueva creaci\u00f3n&#8221;.<\/p>\n<div class=\"article-media \" itemscope=\"\" itemtype=\"http:\/\/schema.org\/ImageObject\">\n<p><img decoding=\"async\" alt=\"Momento de la firma del convenio de colaboraci\u00f3n, este lunes.\" data-imgm=\"true\" height=\"180\" loading=\"lazy\" sizes=\"auto, (max-width: 479px) 100vw, (max-width: 1023px) 80vw, 40vw\" src=\"https:\/\/s1.eestatic.com\/2022\/10\/24\/actualidad\/713188920_228201332_1024x576.jpg\" srcset=\"https:\/\/s1.eestatic.com\/2022\/10\/24\/actualidad\/713188920_228201363_320x180.jpg 320w, https:\/\/s1.eestatic.com\/2022\/10\/24\/actualidad\/713188920_228201362_640x360.jpg 640w, https:\/\/s1.eestatic.com\/2022\/10\/24\/actualidad\/713188920_228201361_864x486.jpg 864w, https:\/\/s1.eestatic.com\/2022\/10\/24\/actualidad\/713188920_228201360_1024x576.jpg 1024w, https:\/\/s1.eestatic.com\/2022\/10\/24\/actualidad\/713188920_228201359_1706x960.jpg 1706w\" width=\"320\"\/><\/p>\n<div class=\"article-media__caption\">\n<p>\n                    <span class=\"article-media__caption-description\"><br \/>\n                                    Momento de la firma del convenio de colaboraci\u00f3n, este lunes.<br \/>\n                            <\/span><\/p>\n<\/div><\/div>\n<p class=\"ms-rteElement-Parrafo_Normal\">A partir de ahora &#8220;comienzan los trabajos que iniciamos a trav\u00e9s de Segittur en el desarrollo de las funcionalidades de esta Plataforma, que <strong>est\u00e1 llamada a ser crucial en el proceso de transformaci\u00f3n de destinos<\/strong> y sector tur\u00edstico facilitando el acceso a tecnolog\u00edas y soluciones digitales&#8221;, seg\u00fan han informado desde el Gobierno.<\/p>\n<p class=\"ms-rteElement-Parrafo_Normal\">Esta sede actuar\u00e1, en primer lugar, como centro unificado de operaciones desde donde dirigir y coordinar todas sus actividades c<strong>on<\/strong> el resto de destinos participantes de la Crimson DTI.<\/p>\n<p class=\"ms-rteElement-Parrafo_Normal\">En segundo lugar, desde este centro se contribuir\u00e1 a definir las estrategias de datos e interoperabilidad de sistemas para alimentar al Espacio de datos del Turismo previsto en el<span>\u00a0<\/span><a rel=\"nofollow noopener\" target=\"_blank\" href=\"https:\/\/planderecuperacion.gob.es\/politicas-y-componentes\/componente-14-plan-de-modernizacion-y-competitividad-del-sector-turistico\" onclick=\"javascript:GoogleTrackEvent('True','Contenido','Click','Plan de Modernizaci\u00f3n y Competitividad del Sector Tur\u00edstico. [https:\/\/planderecuperacion.gob.es\/politicas-y-componentes\/componente-14-plan-de-modernizacion-y-competitividad-del-sector-turistico]');\">Plan de Modernizaci\u00f3n y Competitividad del Sector Tur\u00edstico<\/a><span>\u00a0&#8220;<\/span>contribuyendo as\u00ed a la creaci\u00f3n de <strong>sistemas seguros y federados de infraestructuras de datos<\/strong> para impulsar la innovaci\u00f3n&#8221;.<\/p>\n<p class=\"ms-rteElement-Parrafo_Normal\">En tercer lugar, desde el centro, se impulsar\u00e1n las acciones necesarias<strong> &#8220;para el liderazgo del dominio para el turismo<\/strong> (espacios de datos p\u00fablicos) en el marco del programa europeo GAIA-X, en coordinaci\u00f3n con el Hub espa\u00f1ol de GAIA-X con sede en Talavera de la Reina&#8221;.<\/p>\n<p class=\"ms-rteElement-Parrafo_Normal\">En cuarto lugar, este centro de operaciones estar\u00e1 coordinado con el &#8220;Ente Promotor de la Plataforma Inteligente de Destino&#8221; <strong>que se ha constituido este lunes<\/strong>, dando continuidad al proceso de cocreaci\u00f3n de la Plataforma Inteligente de Destinos.<\/p>\n<p class=\"ms-rteElement-Parrafo_Normal\">En concreto, el Ente Promotor es un \u00f3rgano de coordinaci\u00f3n y cooperaci\u00f3n con el sector y las redes de ciudades que<strong> da continuidad al proceso de di\u00e1logo<\/strong> con el que se ha definido el enfoque y alcance de la Plataforma.<\/p>\n<p class=\"ms-rteElement-Parrafo_Normal\">Est\u00e1 integrado por los<strong> representantes de las ciudades: Crimson DTI, RECI y FEMP;<\/strong> Representantes de los sectores empresariales tur\u00edstico y tecnol\u00f3gico: Consejo de Turismo CEOE, Adigital, Ametic, Conetic y Digitales, a cuyos representantes hoy presentes en este acto de constituci\u00f3n quiero agradecer su compromiso y dedicaci\u00f3n a este importante proyecto.<\/p>\n<p class=\"ms-rteElement-Parrafo_Normal\">Entre sus funciones esta informar sobre los pilotos y casos de uso que activar\u00e1n la capacidades b\u00e1sicas y especiales de la plataforma <strong>o asegurar la vocaci\u00f3n de metaplataforma,<\/strong> lo que facilitar\u00e1 la interoperabilidad con otras plataformas tanto p\u00fablicas como privadas potenciando la capacidad operativa del sector y nuevos escenarios de gobernanza y aprovechamiento de los datos.<\/p>\n<\/div>\n\n<p><em> &#8221; Fuentes news.google.com &#8221; <\/em><\/p>\n","protected":false},"excerpt":{"rendered":"<p>A partir de ahora, seg\u00fan ha informado el Gobierno, &#8220;comienzan los trabajos para el desarrollo de esta Plataforma, que est\u00e1 llamada a ser crucial en el proceso de transformaci\u00f3n de destinos y sector tur\u00edstico facilitando el acceso a tecnolog\u00edas y soluciones digitales&#8221;. [El gran proyecto de Pedro S\u00e1nchez para Benidorm: una Plataforma Inteligente de Destinos [&hellip;]<\/p>\n","protected":false},"author":4,"featured_media":411947,"comment_status":"open","ping_status":"closed","sticky":false,"template":"","format":"standard","meta":{"om_disable_all_campaigns":false,"jnews-multi-image_gallery":[],"jnews_single_post":[],"jnews_primary_category":[],"jnews_social_meta":[],"footnotes":""},"categories":[40],"tags":[19663,862,3005,863,715,544],"class_list":["post-411946","post","type-post","status-publish","format-standard","has-post-thumbnail","hentry","category-industria","tag-alicante-provincia","tag-benidorm","tag-comunidad-valenciana","tag-costa-blanca","tag-economia","tag-turismo"],"_links":{"self":[{"href":"https:\/\/dimensionturistica.com\/es\/wp-json\/wp\/v2\/posts\/411946","targetHints":{"allow":["GET"]}}],"collection":[{"href":"https:\/\/dimensionturistica.com\/es\/wp-json\/wp\/v2\/posts"}],"about":[{"href":"https:\/\/dimensionturistica.com\/es\/wp-json\/wp\/v2\/types\/post"}],"author":[{"embeddable":true,"href":"https:\/\/dimensionturistica.com\/es\/wp-json\/wp\/v2\/users\/4"}],"replies":[{"embeddable":true,"href":"https:\/\/dimensionturistica.com\/es\/wp-json\/wp\/v2\/comments?post=411946"}],"version-history":[{"count":0,"href":"https:\/\/dimensionturistica.com\/es\/wp-json\/wp\/v2\/posts\/411946\/revisions"}],"wp:featuredmedia":[{"embeddable":true,"href":"https:\/\/dimensionturistica.com\/es\/wp-json\/wp\/v2\/media\/411947"}],"wp:attachment":[{"href":"https:\/\/dimensionturistica.com\/es\/wp-json\/wp\/v2\/media?parent=411946"}],"wp:term":[{"taxonomy":"category","embeddable":true,"href":"https:\/\/dimensionturistica.com\/es\/wp-json\/wp\/v2\/categories?post=411946"},{"taxonomy":"post_tag","embeddable":true,"href":"https:\/\/dimensionturistica.com\/es\/wp-json\/wp\/v2\/tags?post=411946"}],"curies":[{"name":"wp","href":"https:\/\/api.w.org\/{rel}","templated":true}]}}