{"id":411755,"date":"2022-10-24T01:34:15","date_gmt":"2022-10-24T01:34:15","guid":{"rendered":"https:\/\/dimensionturistica.com\/es\/?p=411755"},"modified":"2022-10-24T01:34:16","modified_gmt":"2022-10-24T01:34:16","slug":"la-mejor-suite-de-hotel-del-mundo-esta-espana-y-no-es-como-te-la-imaginas-2","status":"publish","type":"post","link":"https:\/\/dimensionturistica.com\/es\/la-mejor-suite-de-hotel-del-mundo-esta-espana-y-no-es-como-te-la-imaginas-2\/","title":{"rendered":"La mejor suite de hotel del mundo est\u00e1 Espa\u00f1a (y no es como te la imaginas)"},"content":{"rendered":"<p> <br \/>\n<\/p>\n<div>\n<!-- START: temas-rel  --><!-- END: temas-rel   --><\/p>\n<h2 class=\"article-subtitle\">&#13;El Majestic Lodge &amp; Spa de Barcelona ha recibido el 20\u00ba premio anual Prix Vill\u00e9giature&#8217;s Finest Lodge Suite within the World por la suite The Majestic Royal Penthouse.<\/h2>\n<figure class=\"thumb-top zoom ayd-container\"> <img loading=\"lazy\" decoding=\"async\" sizes=\"auto, 100vw\" srcset=\"https:\/\/news.google.com\/medio\/2022\/10\/19\/majestic-royal-penthouse-living-room_2050d95f_576x357.jpg 576w,https:\/\/news.google.com\/medio\/2022\/10\/19\/majestic-royal-penthouse-living-room_872ea2d7_768x476.jpg 768w,https:\/\/news.google.com\/medio\/2022\/10\/19\/majestic-royal-penthouse-living-room_4422579e_1280x794.jpg 1280w\" src=\"https:\/\/news.google.com\/medio\/2022\/10\/19\/majestic-royal-penthouse-living-room_4422579e_1280x794.jpg\" class=\"lazyload\" width=\"1280\" height=\"794\" data-aspectratio=\"1280\/794\"\/><noscript><img decoding=\"async\" src=\"https:\/\/news.google.com\/medio\/2022\/10\/19\/majestic-royal-penthouse-living-room_4422579e_1280x794.jpg\"\/><\/noscript>&#13;<\/p>\n<div class=\"txt\"><figcaption class=\"by\">&#13;<\/p>\n<p>La decoraci\u00f3n de la suite conjuga elementos de inspiraci\u00f3n oriental con mobiliario contempor\u00e1neo, como los sof\u00e1s Evergreen, de Antonio Citterio para Flexform.<\/p>\n<\/figcaption><\/div>\n<p>&#13;<\/figure>\n<div id=\"involveds\" class=\"involveds wrap\">\n<div class=\"involved-authors only-author\">\n<div class=\"first-author\">\n<figure class=\"thumb col-xs-3\">&#13;<img loading=\"lazy\" decoding=\"async\" src=\"https:\/\/news.google.com\/medio\/2022\/06\/16\/david-quesada_57de24a0_600x600.jpg\" alt=\"David Quesada\" class=\"lazyload\" width=\"600\" height=\"600\" data-aspectratio=\"600\/600\"\/><noscript><img decoding=\"async\" src=\"https:\/\/news.google.com\/medio\/2022\/06\/16\/david-quesada_57de24a0_600x600.jpg\" alt=\"David Quesada\"\/><\/noscript>&#13;<\/figure>\n<\/div>\n<\/div>\n<\/div>\n<p class=\"entry-date\"> <time itemprop=\"dateModified\" datetime=\"2022-10-22T09:30:00+02:00\" data-timestamp=\"1666431000\">22 de octubre de 2022, 09:30<\/time><\/p>\n<p><!-- SUMARIO -->\n<\/div>\n<div>\n<div class=\"txt\"><!-- Anuncio mobile top --><\/p>\n<aside class=\"box-row add300x250 publi-interior-top\"\/><!-- End Anuncio mobile top --><\/p>\n<p>Para disfrutar del lujo m\u00e1s exclusivo en un resort este a\u00f1o no ser\u00e1 necesario desplazarse a una isla paradis\u00edaca, un emirato \u00e1rabe o cualquiera de las grandes metr\u00f3polis europeas, americanas o asi\u00e1ticas: bastar\u00e1 con acercarse al Paseo de Gracia de Barcelona. All\u00ed se ubica el <strong><a rel=\"nofollow noopener\" target=\"_blank\" href=\"https:\/\/majestichotelgroup.com\/es\/barcelona\/hotel-majestic\">Majestic Hotel &amp; Spa<\/a><\/strong>, el resort de cinco estrellas que alberga la suite <em>The Majestic Royal Penthouse<\/em>, elegida como la mejor suite del mundo en el 20\u00ba premio anual <strong>Prix Vill\u00e9giature&#8217;s Finest Lodge Suite within the World<\/strong>.<\/p>\n<figure class=\"thumb zoom horizontal\">&#13;<img loading=\"lazy\" decoding=\"async\" sizes=\"auto, 100vw\" srcset=\"https:\/\/news.google.com\/medio\/2022\/10\/19\/majestic-royal-penthouse-dining-room_abb4014f_768x511.jpg 768w,https:\/\/news.google.com\/medio\/2022\/10\/19\/majestic-royal-penthouse-dining-room_6191b570_1280x853.jpg 1280w\" src=\"https:\/\/news.google.com\/medio\/2022\/10\/19\/majestic-royal-penthouse-dining-room_6191b570_1280x853.jpg\" alt=\"En el comedor, un icono del dise\u00f1o moderno, las sillas CH24 Wishbone, dise\u00f1o de Hans J. Wegner para Carl Hansen &amp; S\u00f8n\" class=\"lazyload\" width=\"1280\" height=\"853\" data-aspectratio=\"1280\/853\"\/><noscript><img decoding=\"async\" src=\"https:\/\/news.google.com\/medio\/2022\/10\/19\/majestic-royal-penthouse-dining-room_6191b570_1280x853.jpg\" alt=\"En el comedor, un icono del dise\u00f1o moderno, las sillas CH24 Wishbone, dise\u00f1o de Hans J. Wegner para Carl Hansen &amp; S\u00f8n\"\/><\/noscript><figcaption class=\"by\">&#13;<\/p>\n<p class=\"photo-title\">&#13;En el comedor, un icono del dise\u00f1o moderno, las sillas CH24 Wishbone, dise\u00f1o de Hans J. Wegner para Carl Hansen &amp; S\u00f8n<\/p>\n<p>&#13;<\/figcaption><\/figure>\n<p>Con sus <strong>467 metros cuadrados,<\/strong> la Majestic Royal Penthouse es la habitaci\u00f3n m\u00e1s grande de Barcelona. La suite ocupa la antigua vivienda de la familia Soldevila Casals, propietarios del resort. Cuenta con un comedor, una sala de estar, tres dormitorios y dos amplias terrazas con jacuzzis exteriores climatizados con vistas panor\u00e1micas al Paseo de Gracia y a la Sagrada Familia. El dise\u00f1o inside consta de muebles \u00fanicos creados por marcas de dise\u00f1o italianas como Flexform y Molteni as\u00ed como por la marca holandesa Van Thiel.<\/p>\n<div class=\"embedded-content\"><a rel=\"nofollow noopener\" target=\"_blank\" href=\"https:\/\/news.google.com\/estilo-de-vida\/como-es-vivir-hotel-espana-y-cuales-son-sus-ventajas_8048\"><\/p>\n<article class=\"article\">&#13;<\/p>\n<figure class=\"thumb\">&#13;<img decoding=\"async\" src=\"https:\/\/news.google.com\/medio\/2022\/10\/20\/todo-el-mundo-ha-fantaseado-alguna-vez-con-la-idea-de-vivir-en-un-hotel-en-la-foto-el-hall-del-gran-hotel-budapest-de-wes-anderson_7467c635_600x600.jpg\" alt=\"\u00bfC\u00f3mo es vivir en un hotel en Espa\u00f1a y cu\u00e1les son sus ventajas?\" class=\"lazyload\"\/><noscript><img decoding=\"async\" src=\"https:\/\/news.google.com\/medio\/2022\/10\/20\/todo-el-mundo-ha-fantaseado-alguna-vez-con-la-idea-de-vivir-en-un-hotel-en-la-foto-el-hall-del-gran-hotel-budapest-de-wes-anderson_7467c635_600x600.jpg\" alt=\"\u00bfC\u00f3mo es vivir en un hotel en Espa\u00f1a y cu\u00e1les son sus ventajas?\"\/><\/noscript>&#13;<\/figure>\n<p>&#13;<\/p>\n<div class=\"txt\">\n<p class=\"epigraph\">&#13;<span>Estilo de vida<\/span>&#13;<\/p>\n<h3 class=\"title\">&#13;\u00bfC\u00f3mo es vivir en un hotel en Espa\u00f1a y cu\u00e1les son sus ventajas?&#13;<br \/>\n<\/h3>\n<\/div>\n<\/article>\n<p><\/a><\/div>\n<figure class=\"thumb zoom horizontal\">&#13;<img loading=\"lazy\" decoding=\"async\" sizes=\"auto, 100vw\" srcset=\"https:\/\/news.google.com\/medio\/2022\/10\/19\/majestic-royal-penthouse-room-sagrada-familia_42813571_768x511.jpg 768w,https:\/\/news.google.com\/medio\/2022\/10\/19\/majestic-royal-penthouse-room-sagrada-familia_837ec56d_1280x853.jpg 1280w\" src=\"https:\/\/news.google.com\/medio\/2022\/10\/19\/majestic-royal-penthouse-room-sagrada-familia_837ec56d_1280x853.jpg\" alt=\"Royal Penthouse Room cuenta con tres dormitorios conectados con la terraza.\" class=\"lazyload\" width=\"1280\" height=\"853\" data-aspectratio=\"1280\/853\"\/><noscript><img decoding=\"async\" src=\"https:\/\/news.google.com\/medio\/2022\/10\/19\/majestic-royal-penthouse-room-sagrada-familia_837ec56d_1280x853.jpg\" alt=\"Royal Penthouse Room cuenta con tres dormitorios conectados con la terraza.\"\/><\/noscript><figcaption class=\"by\">&#13;<\/p>\n<p class=\"photo-title\">&#13;Royal Penthouse Room cuenta con tres dormitorios conectados con la terraza.<\/p>\n<p>&#13;<\/figcaption><\/figure>\n<div class=\"embedded-content\"><a rel=\"nofollow noopener\" target=\"_blank\" href=\"https:\/\/news.google.com\/decoracion\/revisitamos-icono-hotel-mercer-barcelona-pleno-barrio-gotico_8046\"><\/p>\n<article class=\"article\">&#13;<\/p>\n<figure class=\"thumb\">&#13;<img decoding=\"async\" src=\"https:\/\/news.google.com\/medio\/2022\/10\/13\/fue-rehabilitado-por-el-premio-pritzker-rafael-moneo_c9ce9ce7_600x600.jpg\" alt=\"Revisitamos un icono, el hotel Mercer Barcelona en pleno Barrio G\u00f3tico\" class=\"lazyload\"\/><noscript><img decoding=\"async\" src=\"https:\/\/news.google.com\/medio\/2022\/10\/13\/fue-rehabilitado-por-el-premio-pritzker-rafael-moneo_c9ce9ce7_600x600.jpg\" alt=\"Revisitamos un icono, el hotel Mercer Barcelona en pleno Barrio G\u00f3tico\"\/><\/noscript>&#13;<\/figure>\n<p>&#13;<\/p>\n<div class=\"txt\">\n<p class=\"epigraph\">&#13;<span>Estilo de vida<\/span>&#13;<\/p>\n<h3 class=\"title\">&#13;Revisitamos un icono, el hotel Mercer Barcelona en pleno Barrio G\u00f3tico<\/h3>\n<\/div>\n<\/article>\n<p><\/a><\/div>\n<p>Para los hu\u00e9spedes que buscan lo \u00faltimo en lujo, la Majestic Royal Penthouse incluye un maxibar completamente abastecido y adaptado a las preferencias del hu\u00e9sped, <strong>servicio de mayordomo, un ch\u00f3fer con coche de alta gama durante toda la estancia,<\/strong> un complete de ocho televisores Bang &amp; Olufsen en toda la suite y los servicios m\u00e1s exclusivos y personalizados que var\u00edan en funci\u00f3n del hu\u00e9sped.<\/p>\n<figure class=\"thumb zoom horizontal\">&#13;<img loading=\"lazy\" decoding=\"async\" sizes=\"auto, 100vw\" srcset=\"https:\/\/news.google.com\/medio\/2022\/10\/19\/majestic-royal-penthouse-bathroom-sagrada-familia-2_319d39eb_768x511.jpg 768w,https:\/\/news.google.com\/medio\/2022\/10\/19\/majestic-royal-penthouse-bathroom-sagrada-familia-2_a876d164_1280x853.jpg 1280w\" src=\"https:\/\/news.google.com\/medio\/2022\/10\/19\/majestic-royal-penthouse-bathroom-sagrada-familia-2_a876d164_1280x853.jpg\" alt=\"Majestic Royal Penthouse ocupa la que hab\u00eda sido la vivienda de la familia Soldevila Casals, propietaria del hotel.\" class=\"lazyload\" width=\"1280\" height=\"853\" data-aspectratio=\"1280\/853\"\/><noscript><img decoding=\"async\" src=\"https:\/\/news.google.com\/medio\/2022\/10\/19\/majestic-royal-penthouse-bathroom-sagrada-familia-2_a876d164_1280x853.jpg\" alt=\"Majestic Royal Penthouse ocupa la que hab\u00eda sido la vivienda de la familia Soldevila Casals, propietaria del hotel.\"\/><\/noscript><figcaption class=\"by\">&#13;<\/p>\n<p class=\"photo-title\">&#13;Majestic Royal Penthouse ocupa la que hab\u00eda sido la vivienda de la familia Soldevila Casals, propietaria del resort.<\/p>\n<p>&#13;<\/figcaption><\/figure>\n<p>Este reconocimiento no es el \u00fanico que ha recibido Majestic Lodge &amp; Spa en los \u00faltimos a\u00f1os. En 2018 y 2019 el resort gan\u00f3 los premios al mejor desayuno y la mejor terraza urbana de un resort en Europa respectivamente.<\/p>\n<figure class=\"thumb zoom horizontal\">&#13;<img loading=\"lazy\" decoding=\"async\" sizes=\"auto, 100vw\" srcset=\"https:\/\/news.google.com\/medio\/2022\/10\/19\/majestic-royal-penthouse-terrace-paseo-de-gracia-by-night_cf6dafe0_768x507.jpg 768w,https:\/\/news.google.com\/medio\/2022\/10\/19\/majestic-royal-penthouse-terrace-paseo-de-gracia-by-night_639891e0_1280x845.jpg 1280w\" src=\"https:\/\/news.google.com\/medio\/2022\/10\/19\/majestic-royal-penthouse-terrace-paseo-de-gracia-by-night_639891e0_1280x845.jpg\" alt=\"En la terraza, en primer t\u00e9rmino, mobiliario de la la colecci\u00f3n MU, de Toan Nguyen para Dedon. Al fondo, comedor equipado con la colecci\u00f3n Seax, de Jean-Marie Massaud tambi\u00e9n para Dedon.\" class=\"lazyload\" width=\"1280\" height=\"845\" data-aspectratio=\"1280\/845\"\/><noscript><img decoding=\"async\" src=\"https:\/\/news.google.com\/medio\/2022\/10\/19\/majestic-royal-penthouse-terrace-paseo-de-gracia-by-night_639891e0_1280x845.jpg\" alt=\"En la terraza, en primer t\u00e9rmino, mobiliario de la la colecci\u00f3n MU, de Toan Nguyen para Dedon. Al fondo, comedor equipado con la colecci\u00f3n Seax, de Jean-Marie Massaud tambi\u00e9n para Dedon.\"\/><\/noscript><figcaption class=\"by\">&#13;<\/p>\n<p class=\"photo-title\">&#13;En la terraza, en primer t\u00e9rmino, mobiliario de la la colecci\u00f3n MU, de Toan Nguyen para Dedon. Al fondo, comedor equipado con la colecci\u00f3n Seax, de Jean-Marie Massaud tambi\u00e9n para Dedon.<\/p>\n<p>&#13;<\/figcaption><\/figure>\n<p>Fundados en 2003, los premios <a rel=\"nofollow noopener\" target=\"_blank\" href=\"https:\/\/www.prix-villegiature.com\/\">Prix Vill\u00e9giature<\/a> se otorgan anualmente para distinguir a los mejores hoteles del mundo. El jurado est\u00e1 formado por corresponsales de prensa internacionales y medios de comunicaci\u00f3n de gran reputaci\u00f3n, compuesto por 22 periodistas de 15 pa\u00edses diferentes que eligen el mejor resort en 28 categor\u00edas diferentes.<\/p>\n<figure class=\"thumb zoom vertical\">&#13;<img loading=\"lazy\" decoding=\"async\" sizes=\"auto, 100vw\" srcset=\"https:\/\/news.google.com\/medio\/2022\/10\/19\/majestic-royal-penthouse-terrace-by-night-paseo-de-gracia-4_7ab985e6_400x599.jpg 400w,https:\/\/news.google.com\/medio\/2022\/10\/19\/majestic-royal-penthouse-terrace-by-night-paseo-de-gracia-4_dc0769b5_667x1000.jpg 667w\" src=\"https:\/\/news.google.com\/medio\/2022\/10\/19\/majestic-royal-penthouse-terrace-by-night-paseo-de-gracia-4_dc0769b5_667x1000.jpg\" alt=\"Las dos terrazas disponen de jacuzzis climatizados.\" class=\"lazyload\" width=\"667\" height=\"1000\" data-aspectratio=\"667\/1000\"\/><noscript><img decoding=\"async\" src=\"https:\/\/news.google.com\/medio\/2022\/10\/19\/majestic-royal-penthouse-terrace-by-night-paseo-de-gracia-4_dc0769b5_667x1000.jpg\" alt=\"Las dos terrazas disponen de jacuzzis climatizados.\"\/><\/noscript><figcaption class=\"by\">&#13;<\/p>\n<p class=\"photo-title\">&#13;Las dos terrazas disponen de jacuzzis climatizados.<\/p>\n<p>&#13;<\/figcaption><\/figure>\n<p>Desde su apertura en 1918, Majestic Lodge &amp; Spa Barcelona es un emblema de la arquitectura, sociedad y estilo de vida de la ciudad. Situado en el coraz\u00f3n del distrito del lujo y la moda, la historia del resort es una de las m\u00e1s ricas de la capital catalana. No solo cuenta con una amplia y exuberante propiedad, sino que tambi\u00e9n alberga su recientemente renovado spa, una <strong>gastronom\u00eda asesorada por el chef Nandu Jubany,<\/strong> con estrella Michelin, y una excelente colecci\u00f3n de arte que integra obras de diferentes corrientes y estilos.<\/p>\n<div class=\"embedded-content\"><a rel=\"nofollow noopener\" target=\"_blank\" href=\"https:\/\/news.google.com\/estilo-de-vida\/seis-nuevos-hoteles-espana-que-merecen-escapada-expres_7995\"><\/p>\n<article class=\"article\">&#13;<\/p>\n<figure class=\"thumb\">&#13;<img decoding=\"async\" src=\"https:\/\/news.google.com\/medio\/2022\/09\/30\/hotel-wittmore-en-barcelona_c78ea06f_600x600.jpg\" alt=\"Seis nuevos hoteles en Espa\u00f1a que merecen una escapada expr\u00e9s \" class=\"lazyload\"\/><noscript><img decoding=\"async\" src=\"https:\/\/news.google.com\/medio\/2022\/09\/30\/hotel-wittmore-en-barcelona_c78ea06f_600x600.jpg\" alt=\"Seis nuevos hoteles en Espa\u00f1a que merecen una escapada expr\u00e9s \"\/><\/noscript>&#13;<\/figure>\n<p>&#13;<\/p>\n<div class=\"txt\">\n<p class=\"epigraph\">&#13;<span>Estilo de vida<\/span>&#13;<\/p>\n<h3 class=\"title\">&#13;Seis nuevos hoteles en Espa\u00f1a que merecen una escapada expr\u00e9s<\/h3>\n<\/div>\n<\/article>\n<p><\/a><\/div>\n<p><!-- Anuncio mobile inf --><\/p>\n<aside class=\"box-row add300x250 publi-interior-bot ad-container-r2\"\/><!-- End Anuncio mobile inf --><\/div>\n<\/div>\n\n<p><em> &#8221; Fuentes news.google.com &#8221; <\/em><\/p>\n","protected":false},"excerpt":{"rendered":"<p>&#13;El Majestic Lodge &amp; Spa de Barcelona ha recibido el 20\u00ba premio anual Prix Vill\u00e9giature&#8217;s Finest Lodge Suite within the World por la suite The Majestic Royal Penthouse. &#13; &#13; La decoraci\u00f3n de la suite conjuga elementos de inspiraci\u00f3n oriental con mobiliario contempor\u00e1neo, como los sof\u00e1s Evergreen, de Antonio Citterio para Flexform. &#13; &#13;&#13; 22 [&hellip;]<\/p>\n","protected":false},"author":4,"featured_media":411756,"comment_status":"open","ping_status":"closed","sticky":false,"template":"","format":"standard","meta":{"om_disable_all_campaigns":false,"jnews-multi-image_gallery":[],"jnews_single_post":[],"jnews_primary_category":[],"jnews_social_meta":[],"footnotes":""},"categories":[39],"tags":[47258,47257],"class_list":["post-411755","post","type-post","status-publish","format-standard","has-post-thumbnail","hentry","category-viajes","tag-cargado-desde-el-fichero-de-recursos","tag-keywords-por-defecto"],"_links":{"self":[{"href":"https:\/\/dimensionturistica.com\/es\/wp-json\/wp\/v2\/posts\/411755","targetHints":{"allow":["GET"]}}],"collection":[{"href":"https:\/\/dimensionturistica.com\/es\/wp-json\/wp\/v2\/posts"}],"about":[{"href":"https:\/\/dimensionturistica.com\/es\/wp-json\/wp\/v2\/types\/post"}],"author":[{"embeddable":true,"href":"https:\/\/dimensionturistica.com\/es\/wp-json\/wp\/v2\/users\/4"}],"replies":[{"embeddable":true,"href":"https:\/\/dimensionturistica.com\/es\/wp-json\/wp\/v2\/comments?post=411755"}],"version-history":[{"count":0,"href":"https:\/\/dimensionturistica.com\/es\/wp-json\/wp\/v2\/posts\/411755\/revisions"}],"wp:featuredmedia":[{"embeddable":true,"href":"https:\/\/dimensionturistica.com\/es\/wp-json\/wp\/v2\/media\/411756"}],"wp:attachment":[{"href":"https:\/\/dimensionturistica.com\/es\/wp-json\/wp\/v2\/media?parent=411755"}],"wp:term":[{"taxonomy":"category","embeddable":true,"href":"https:\/\/dimensionturistica.com\/es\/wp-json\/wp\/v2\/categories?post=411755"},{"taxonomy":"post_tag","embeddable":true,"href":"https:\/\/dimensionturistica.com\/es\/wp-json\/wp\/v2\/tags?post=411755"}],"curies":[{"name":"wp","href":"https:\/\/api.w.org\/{rel}","templated":true}]}}