{"id":411326,"date":"2022-10-23T05:25:49","date_gmt":"2022-10-23T05:25:49","guid":{"rendered":"https:\/\/dimensionturistica.com\/es\/?p=411326"},"modified":"2022-10-23T05:25:49","modified_gmt":"2022-10-23T05:25:49","slug":"la-isla-deshabitada-mas-remota-del-planeta","status":"publish","type":"post","link":"https:\/\/dimensionturistica.com\/es\/la-isla-deshabitada-mas-remota-del-planeta\/","title":{"rendered":"La isla deshabitada m\u00e1s remota del planeta"},"content":{"rendered":"<p> <br \/>\n<\/p>\n<div>\n<div id=\"involveds\" class=\"involveds wrap\">\n<div class=\"involved-authors only-author\">\n<div class=\"first-author\">\n<figure class=\"thumb col-xs-3\">&#13;<img loading=\"lazy\" decoding=\"async\" src=\"https:\/\/news.google.com\/medio\/2021\/12\/09\/foto-alex-newsletter_0d47dd82_600x600.jpg\" alt=\"Foto Alex Newsletter\" class=\"lazyload\" width=\"600\" height=\"600\" data-aspectratio=\"600\/600\"\/><noscript><img decoding=\"async\" src=\"https:\/\/news.google.com\/medio\/2021\/12\/09\/foto-alex-newsletter_0d47dd82_600x600.jpg\" alt=\"Foto Alex Newsletter\"\/><\/noscript>&#13;<\/figure>\n<\/div>\n<\/div>\n<\/div>\n<p class=\"date\"> <time itemprop=\"dateModified\" datetime=\"2022-10-23T07:00:00+02:00\" data-timestamp=\"1666508400\">&#13;23 de octubre de 2022 \u00b7 07:00<\/time>&#13;<\/p>\n<\/div>\n<div id=\"article-text\">\n<div class=\"txt\">\n<aside class=\"subscription-highlighted\">\n<div class=\"subscription-container\">\n<div class=\"non-subscribed\">\n<p class=\"description\">Somos de rutas, no de rutinas. Descubre Viajes Nationwide Geographic<\/p>\n<p><a rel=\"nofollow noopener\" target=\"_blank\" href=\"https:\/\/tienda.rba.es\/revistas\/viajes-national-geographic?rba_source=viajes.nationalgeographic.com.es&amp;rba_medium=referral&amp;rba_campaign=NGMV&amp;rba_content=frase-articulo\" class=\"more-link\">SABER M\u00c1S<\/a><\/div>\n<\/div>\n<\/aside>\n<p style=\"display: none;\"><img decoding=\"async\" id=\"ctl01_ctl00_phMain_phMain_ctl00_ctl02_ctl17_ctl01_imgContent\" src=\"https:\/\/news.google.com\/medio\/2022\/10\/20\/shutterstock-1059894698_a6273191_800x800.jpg\" alt=\"shutterstock 1059894698\" style=\"border-width:0px;\"\/><\/p>\n<aside class=\"add300x250 publi-interior-top ad-container-r1 ad-inline\"\/>\n<p><span id=\"docs-internal-guid-6ab5eb4b-7fff-01b2-27d3-8735ec399ea7\">Puestos a escoger un lugar donde perderse hay que hacerlo bien y apuntar a las coordenadas m\u00e1s lejanas posibles. En ese sentido, la isla Bouvet es una apuesta segura, ya que <strong>se considera la isla deshabitada m\u00e1s remota del planeta<\/strong>. Pero que nadie espere una postal id\u00edlica. Esta peque\u00f1a isla subant\u00e1rtica noruega est\u00e1 pr\u00e1cticamente cubierta por glaciares y tiene un clima dominado por densas nubes y niebla de lo m\u00e1s desapacible. Se entiende que siendo tales las condiciones climatol\u00f3gicas la isla est\u00e1 totalmente deshabitada. A lo sumo algunas pocas especies de aves, varios ping\u00fcinos, focas y alg\u00fan que otro elefante marino. Tal vez la isla Bouvet resulte poco f\u00e9rtil en cuanto a biodiversidad, pero no en cuanto a inspiraci\u00f3n, habi\u00e9ndose convertido en escenario para la pel\u00edcula <em>Alien vs. Predator<\/em> en 2004 y en s\u00edmbolo para novelas por su metaf\u00f3rica geograf\u00eda.<\/span><\/p>\n<aside class=\"add300x600 publi-interior-bot ad-inline ad-container-r2\"\/><\/div>\n<p><!-- START:toolbar --><!-- END:toolbar --><\/div>\n\n<p><em> &#8221; Fuentes news.google.com &#8221; <\/em><\/p>\n","protected":false},"excerpt":{"rendered":"<p>&#13;&#13; &#13;23 de octubre de 2022 \u00b7 07:00&#13; Somos de rutas, no de rutinas. Descubre Viajes Nationwide Geographic SABER M\u00c1S Puestos a escoger un lugar donde perderse hay que hacerlo bien y apuntar a las coordenadas m\u00e1s lejanas posibles. En ese sentido, la isla Bouvet es una apuesta segura, ya que se considera la isla [&hellip;]<\/p>\n","protected":false},"author":4,"featured_media":411327,"comment_status":"open","ping_status":"closed","sticky":false,"template":"","format":"standard","meta":{"om_disable_all_campaigns":false,"jnews-multi-image_gallery":[],"jnews_single_post":[],"jnews_primary_category":[],"jnews_social_meta":[],"footnotes":""},"categories":[39],"tags":[47258,47257],"class_list":["post-411326","post","type-post","status-publish","format-standard","has-post-thumbnail","hentry","category-viajes","tag-cargado-desde-el-fichero-de-recursos","tag-keywords-por-defecto"],"_links":{"self":[{"href":"https:\/\/dimensionturistica.com\/es\/wp-json\/wp\/v2\/posts\/411326","targetHints":{"allow":["GET"]}}],"collection":[{"href":"https:\/\/dimensionturistica.com\/es\/wp-json\/wp\/v2\/posts"}],"about":[{"href":"https:\/\/dimensionturistica.com\/es\/wp-json\/wp\/v2\/types\/post"}],"author":[{"embeddable":true,"href":"https:\/\/dimensionturistica.com\/es\/wp-json\/wp\/v2\/users\/4"}],"replies":[{"embeddable":true,"href":"https:\/\/dimensionturistica.com\/es\/wp-json\/wp\/v2\/comments?post=411326"}],"version-history":[{"count":0,"href":"https:\/\/dimensionturistica.com\/es\/wp-json\/wp\/v2\/posts\/411326\/revisions"}],"wp:featuredmedia":[{"embeddable":true,"href":"https:\/\/dimensionturistica.com\/es\/wp-json\/wp\/v2\/media\/411327"}],"wp:attachment":[{"href":"https:\/\/dimensionturistica.com\/es\/wp-json\/wp\/v2\/media?parent=411326"}],"wp:term":[{"taxonomy":"category","embeddable":true,"href":"https:\/\/dimensionturistica.com\/es\/wp-json\/wp\/v2\/categories?post=411326"},{"taxonomy":"post_tag","embeddable":true,"href":"https:\/\/dimensionturistica.com\/es\/wp-json\/wp\/v2\/tags?post=411326"}],"curies":[{"name":"wp","href":"https:\/\/api.w.org\/{rel}","templated":true}]}}