{"id":411081,"date":"2022-10-22T18:49:13","date_gmt":"2022-10-22T18:49:13","guid":{"rendered":"https:\/\/dimensionturistica.com\/es\/?p=411081"},"modified":"2022-10-22T18:56:23","modified_gmt":"2022-10-22T18:56:23","slug":"amr-collection-es-premiada-por-pricetravel-holding","status":"publish","type":"post","link":"https:\/\/dimensionturistica.com\/es\/amr-collection-es-premiada-por-pricetravel-holding\/","title":{"rendered":"AMR&#x2122; Collection es premiada por PriceTravel Holding"},"content":{"rendered":"<p>gesti\u00f3n de marcas de hoteles en Norteam\u00e9rica, parte de Hyatt, con siete marcas galardonadas a trav\u00e9s de M\u00e9xico, el Caribe, Centroam\u00e9rica, Espa\u00f1a y Grecia, informa que fue reconocida por PriceTravel Holding como una de las mayores exponentes de la industria de viajes y turismo, al recibir tres EVM Awards entre los que destacan el premio #1 Top Producer Cadena Hotelera. <img decoding=\"async\" class=\"size-medium wp-image-411084 alignright\" src=\"https:\/\/dimensionturistica.com\/es\/wp-content\/uploads\/2022\/10\/unnamed-28-261x300.jpg\" alt=\"\" width=\"261\" height=\"300\" srcset=\"https:\/\/dimensionturistica.com\/es\/wp-content\/uploads\/2022\/10\/unnamed-28-261x300.jpg 261w, https:\/\/dimensionturistica.com\/es\/wp-content\/uploads\/2022\/10\/unnamed-28.jpg 563w\" sizes=\"(max-width: 261px) 100vw, 261px\" \/>Por quinto a\u00f1o, AMR&#x2122; Collection ha recibido el cotizado galard\u00f3n, al posicionarse como la cadena hotelera de mayor producci\u00f3n de ventas para PriceTravel.<br \/>\nEn la novena edici\u00f3n de los prestigiados premios, el hotel Secrets\u00ae Bahia Mita Surf &amp; Spa fue distinguido como #1 Mejor Hotel de Lujo, y el Secrets\u00ae Akumal Riviera Maya como #1 Mejor Hotel Solo para Adultos.<br \/>\nLos galardonados fueron seleccionados con base en su producci\u00f3n de ventas, divididos en diferentes categor\u00edas: Top producer hoteles, cadenas hoteleras, tours y experiencias, tour operadores y aerol\u00edneas, nacionales e internacionales, as\u00ed como a los mejores revenue manager y mejores campa\u00f1as de marketing.<br \/>\nGonzalo del Pe\u00f3n, Group President para AMR&#x2122; Collection Americas &amp; Global Comercial, agradeci\u00f3 los reconocimientos y felicit\u00f3 a PriceTravel por su trayectoria de crecimiento.<br \/>\nA\u00f1adi\u00f3 que la misi\u00f3n de AMR&#x2122; Collection ha sido servir a los hu\u00e9spedes con marcas y conceptos vacacionales que se adaptan a sus estilos de vida y a cada etapa de su vida, y esto ha permitido tener una exitosa trayectoria de m\u00e1s de dos d\u00e9cadas.<br \/>\nJorge Restrepo, CEO de PriceTravel Holding, afirm\u00f3 que con esta entrega de reconocimientos EVM Awards 2022, PriceTravel Holding reafirma su compromiso con el sector de viajes y turismo y con quienes participan en \u00e9l. Y como la compa\u00f1\u00eda de distribuci\u00f3n m\u00e1s importante de Latinoam\u00e9rica, nos llena de orgullo reconocer el profesionalismo y la calidad en la industria.<\/p>\n","protected":false},"excerpt":{"rendered":"<p>gesti\u00f3n de marcas de hoteles en Norteam\u00e9rica, parte de Hyatt, con siete marcas galardonadas a trav\u00e9s de M\u00e9xico, el Caribe, Centroam\u00e9rica, Espa\u00f1a y Grecia, informa que fue reconocida por PriceTravel Holding como una de las mayores exponentes de la industria de viajes y turismo, al recibir tres EVM Awards entre los que destacan el premio [&hellip;]<\/p>\n","protected":false},"author":1,"featured_media":411085,"comment_status":"open","ping_status":"closed","sticky":false,"template":"","format":"standard","meta":{"om_disable_all_campaigns":false,"jnews-multi-image_gallery":[],"jnews_single_post":{"source_name":"","source_url":"","via_name":"","via_url":"","override_template":"0","override":[{"template":"1","single_blog_custom":"","parallax":"1","fullscreen":"1","layout":"right-sidebar","sidebar":"default-sidebar","second_sidebar":"default-sidebar","sticky_sidebar":"1","share_position":"top","share_float_style":"share-monocrhome","show_share_counter":"1","show_view_counter":"1","show_featured":"1","show_post_meta":"1","show_post_author":"1","show_post_author_image":"1","show_post_date":"1","post_date_format":"default","post_date_format_custom":"Y\/m\/d","show_post_category":"1","show_post_reading_time":"0","post_reading_time_wpm":"300","show_zoom_button":"0","zoom_button_out_step":"2","zoom_button_in_step":"3","show_post_tag":"1","show_prev_next_post":"1","show_popup_post":"1","number_popup_post":"1","show_author_box":"0","show_post_related":"0","show_inline_post_related":"0"}],"override_image_size":"0","image_override":[{"single_post_thumbnail_size":"crop-500","single_post_gallery_size":"crop-500"}],"trending_post":"0","trending_post_position":"meta","trending_post_label":"Trending","sponsored_post":"0","sponsored_post_label":"Sponsored by","sponsored_post_name":"","sponsored_post_url":"","sponsored_post_logo_enable":"0","sponsored_post_logo":"","sponsored_post_desc":"","disable_ad":"0"},"jnews_primary_category":{"id":"","hide":""},"jnews_social_meta":{"fb_title":"","fb_description":"","fb_image":"","twitter_title":"","twitter_description":"","twitter_image":""},"footnotes":""},"categories":[39],"tags":[],"class_list":["post-411081","post","type-post","status-publish","format-standard","has-post-thumbnail","hentry","category-viajes"],"_links":{"self":[{"href":"https:\/\/dimensionturistica.com\/es\/wp-json\/wp\/v2\/posts\/411081","targetHints":{"allow":["GET"]}}],"collection":[{"href":"https:\/\/dimensionturistica.com\/es\/wp-json\/wp\/v2\/posts"}],"about":[{"href":"https:\/\/dimensionturistica.com\/es\/wp-json\/wp\/v2\/types\/post"}],"author":[{"embeddable":true,"href":"https:\/\/dimensionturistica.com\/es\/wp-json\/wp\/v2\/users\/1"}],"replies":[{"embeddable":true,"href":"https:\/\/dimensionturistica.com\/es\/wp-json\/wp\/v2\/comments?post=411081"}],"version-history":[{"count":0,"href":"https:\/\/dimensionturistica.com\/es\/wp-json\/wp\/v2\/posts\/411081\/revisions"}],"wp:featuredmedia":[{"embeddable":true,"href":"https:\/\/dimensionturistica.com\/es\/wp-json\/wp\/v2\/media\/411085"}],"wp:attachment":[{"href":"https:\/\/dimensionturistica.com\/es\/wp-json\/wp\/v2\/media?parent=411081"}],"wp:term":[{"taxonomy":"category","embeddable":true,"href":"https:\/\/dimensionturistica.com\/es\/wp-json\/wp\/v2\/categories?post=411081"},{"taxonomy":"post_tag","embeddable":true,"href":"https:\/\/dimensionturistica.com\/es\/wp-json\/wp\/v2\/tags?post=411081"}],"curies":[{"name":"wp","href":"https:\/\/api.w.org\/{rel}","templated":true}]}}