{"id":410951,"date":"2022-10-22T14:49:34","date_gmt":"2022-10-22T14:49:34","guid":{"rendered":"https:\/\/dimensionturistica.com\/es\/?p=410951"},"modified":"2022-10-22T14:49:35","modified_gmt":"2022-10-22T14:49:35","slug":"castillos-encantados-de-europa-que-merecen-un-viaje-2","status":"publish","type":"post","link":"https:\/\/dimensionturistica.com\/es\/castillos-encantados-de-europa-que-merecen-un-viaje-2\/","title":{"rendered":"Castillos encantados de Europa que merecen un viaje"},"content":{"rendered":"<p> <br \/>\n<\/p>\n<div>\n<div id=\"involveds\" class=\"involveds wrap\">\n<div class=\"involved-authors only-author\">\n<div class=\"first-author\">\n<figure class=\"thumb col-xs-3\">&#13;<img loading=\"lazy\" decoding=\"async\" src=\"https:\/\/news.google.com\/medio\/2021\/12\/15\/xell_b48658f1_600x600.png\" alt=\"Xell\" class=\"lazyload\" width=\"600\" height=\"600\" data-aspectratio=\"600\/600\"\/><noscript><img decoding=\"async\" src=\"https:\/\/news.google.com\/medio\/2021\/12\/15\/xell_b48658f1_600x600.png\" alt=\"Xell\"\/><\/noscript>&#13;<\/figure>\n<\/div>\n<\/div>\n<\/div>\n<p class=\"date\"> <time itemprop=\"dateModified\" datetime=\"2022-10-22T10:05:00+02:00\" data-timestamp=\"1666433100\">&#13;22 de octubre de 2022 \u00b7 10:05<\/time>&#13;<\/p>\n<\/div>\n<div id=\"article-text\">\n<div class=\"txt\">\n<aside class=\"subscription-highlighted\">\n<div class=\"subscription-container\">\n<div class=\"non-subscribed\">\n<p class=\"description\">Somos de rutas, no de rutinas. Descubre Viajes Nationwide Geographic<\/p>\n<p><a rel=\"nofollow noopener\" target=\"_blank\" href=\"https:\/\/tienda.rba.es\/revistas\/viajes-national-geographic?rba_source=viajes.nationalgeographic.com.es&amp;rba_medium=referral&amp;rba_campaign=NGMV&amp;rba_content=frase-articulo\" class=\"more-link\">SABER M\u00c1S<\/a><\/div>\n<\/div>\n<\/aside>\n<p style=\"display: none;\"><img decoding=\"async\" id=\"ctl01_ctl00_phMain_phMain_ctl00_ctl02_ctl17_ctl01_imgContent\" src=\"https:\/\/news.google.com\/medio\/2022\/10\/21\/palazzo-vecchio_ffe87011_800x800.jpg\" alt=\"Palazzo Vecchio\" style=\"border-width:0px;\"\/><\/p>\n<aside class=\"add300x250 publi-interior-top ad-container-r1 ad-inline\"\/>\n<p>Aunque el castillo de Bran no fuera la residencia authentic de Vlad el Empalador, el personaje hist\u00f3rico que sirvi\u00f3 de inspiraci\u00f3n al novelista Bram Stoker para escribir <em>Dr\u00e1cula, <\/em>se ha convertido en uno de los m\u00e1s famosos de Ruman\u00eda tanto por su relaci\u00f3n err\u00f3nea con este personaje y su apariencia como por su ubicaci\u00f3n junto a <a rel=\"nofollow noopener\" target=\"_blank\" href=\"https:\/\/viajes.nationalgeographic.com.es\/a\/video-carretera-transfagarasan-10-datos-fascinantes_18573\">la carretera Transf\u0103g\u0103r\u0103\u0219an<\/a>. Esta es una de las fortalezas de Europa m\u00e1s espectaculares, pero no es la \u00fanica que esconde historias fantasmag\u00f3ricas.<\/p>\n<p>En Eslovenia, seg\u00fan la leyenda, el castillo de Predjama acoge el fantasma del caballero Erasmo, que deambula por sus pasillos en busca de venganza. Son muchos los castillos con historias similares, como la Torre de Londres, donde habita el fantasma de Ana Bolena sin cabeza o el Palazzo Vecchio de Florencia con Baldacchio d&#8217;Anghiari. En el castillo de Edimburgo, se cube que todav\u00eda se escucha el sonido de la gaita del gaitero solitario, mientras que en Muiderslot el conde Floris sigue merodeando por este precioso castillo de los Pa\u00edses Bajos.<\/p>\n<aside class=\"add300x600 publi-interior-bot ad-inline ad-container-r2\"\/><\/div>\n<p><!-- START: tags-rel  --><!-- END: tags-rel   --><br \/>\n<!-- START:toolbar --><!-- END:toolbar --><\/div>\n\n<p><em> &#8221; Fuentes news.google.com &#8221; <\/em><\/p>\n","protected":false},"excerpt":{"rendered":"<p>&#13;&#13; &#13;22 de octubre de 2022 \u00b7 10:05&#13; Somos de rutas, no de rutinas. Descubre Viajes Nationwide Geographic SABER M\u00c1S Aunque el castillo de Bran no fuera la residencia authentic de Vlad el Empalador, el personaje hist\u00f3rico que sirvi\u00f3 de inspiraci\u00f3n al novelista Bram Stoker para escribir Dr\u00e1cula, se ha convertido en uno de los [&hellip;]<\/p>\n","protected":false},"author":4,"featured_media":410773,"comment_status":"open","ping_status":"closed","sticky":false,"template":"","format":"standard","meta":{"om_disable_all_campaigns":false,"jnews-multi-image_gallery":[],"jnews_single_post":[],"jnews_primary_category":[],"jnews_social_meta":[],"footnotes":""},"categories":[39],"tags":[47258,47257],"class_list":["post-410951","post","type-post","status-publish","format-standard","has-post-thumbnail","hentry","category-viajes","tag-cargado-desde-el-fichero-de-recursos","tag-keywords-por-defecto"],"_links":{"self":[{"href":"https:\/\/dimensionturistica.com\/es\/wp-json\/wp\/v2\/posts\/410951","targetHints":{"allow":["GET"]}}],"collection":[{"href":"https:\/\/dimensionturistica.com\/es\/wp-json\/wp\/v2\/posts"}],"about":[{"href":"https:\/\/dimensionturistica.com\/es\/wp-json\/wp\/v2\/types\/post"}],"author":[{"embeddable":true,"href":"https:\/\/dimensionturistica.com\/es\/wp-json\/wp\/v2\/users\/4"}],"replies":[{"embeddable":true,"href":"https:\/\/dimensionturistica.com\/es\/wp-json\/wp\/v2\/comments?post=410951"}],"version-history":[{"count":0,"href":"https:\/\/dimensionturistica.com\/es\/wp-json\/wp\/v2\/posts\/410951\/revisions"}],"wp:featuredmedia":[{"embeddable":true,"href":"https:\/\/dimensionturistica.com\/es\/wp-json\/wp\/v2\/media\/410773"}],"wp:attachment":[{"href":"https:\/\/dimensionturistica.com\/es\/wp-json\/wp\/v2\/media?parent=410951"}],"wp:term":[{"taxonomy":"category","embeddable":true,"href":"https:\/\/dimensionturistica.com\/es\/wp-json\/wp\/v2\/categories?post=410951"},{"taxonomy":"post_tag","embeddable":true,"href":"https:\/\/dimensionturistica.com\/es\/wp-json\/wp\/v2\/tags?post=410951"}],"curies":[{"name":"wp","href":"https:\/\/api.w.org\/{rel}","templated":true}]}}