{"id":410942,"date":"2022-10-22T14:28:25","date_gmt":"2022-10-22T14:28:25","guid":{"rendered":"https:\/\/dimensionturistica.com\/es\/?p=410942"},"modified":"2022-10-22T14:28:25","modified_gmt":"2022-10-22T14:28:25","slug":"los-mejores-destinos-de-raquetas-de-nieve-de-europa-2","status":"publish","type":"post","link":"https:\/\/dimensionturistica.com\/es\/los-mejores-destinos-de-raquetas-de-nieve-de-europa-2\/","title":{"rendered":"Los mejores destinos de raquetas de nieve de Europa"},"content":{"rendered":"<p> <br \/>\n<\/p>\n<div property=\"content:encoded\">\n<p>Las <strong>raquetas de nieve<\/strong> nos permiten desplazarnos con facilidad por encima de las superficies nevadas descubriendo espacios de gran belleza paisaj\u00edstica de una forma divertida y c\u00f3moda.<\/p>\n<p>Cuando llega el invierno, el uso de raquetas se hace imprescindible para progresar por la nieve de forma c\u00f3moda y eficaz por nuestras monta\u00f1as.<\/p>\n<p>Gracias a su facilidad de uso, <strong>poco peso y adaptabilidad<\/strong> a cualquier bota de monta\u00f1a, permiten que desde <strong>gente sin experiencia a gente experimentada<\/strong> las usen para desplazarse. \u00a0<\/p>\n<p>Las<strong> raquetas de nieve<\/strong> permiten alejarse de las multitudes y adentrarse en un para\u00edso invernal m\u00e1gico de bosques silenciosos, hermosas monta\u00f1as y vistas impresionantes.<\/p>\n<p>En los viajes con <strong>raquetas de nieve<\/strong>, compartimos nuestro conocimiento native sobre la flora y la fauna, las tradiciones locales, el conocmiento sobre nieve y c\u00f3mo elegir la mejor ruta para las condiciones.<\/p>\n<figure class=\"wp-block-image size-large\">\n<p><img decoding=\"async\" alt=\"\" class=\"media-image\" height=\"768\" width=\"1024\" typeof=\"foaf:Image\" src=\"https:\/\/www.lugaresdenieve.com\/sites\/default\/files\/20181130165936-raquetas-de-nieve-en-el-corazn-del-sobrarbe-bielsa-1024x768.jpg\"\/><\/p>\n<\/figure>\n<p>\u00bfCu\u00e1Les son los mejores destinos de <strong>raquetas de nieve<\/strong> en <strong>Europa<\/strong>?<\/p>\n<p class=\"has-text-align-center\" style=\"font-size:40px\"><strong>ESPA\u00d1A<\/strong><\/p>\n<p class=\"has-text-align-center has-large-font-size\">1-<strong>VALLE DE TENA, PIRINEO ARAGON\u00c9S<\/strong><\/p>\n<div class=\"wp-block-media-text alignwide is-stacked-on-mobile\">\n<figure class=\"wp-block-media-text__media\">\n<p>\u00a0<\/p>\n<p><img decoding=\"async\" alt=\"\" class=\"media-image\" height=\"768\" width=\"1024\" typeof=\"foaf:Image\" src=\"https:\/\/www.lugaresdenieve.com\/sites\/default\/files\/20171211120730-excursiones-con-raquetas-de-nieve-en-el-valle-del-tena-scaled-1-1024x768.jpg\"\/><\/p>\n<\/figure>\n<p><\/p>\n<div class=\"wp-block-media-text__content\">\n<p>Las raquetas de nieve nos permiten desplazarnos con facilidad por encima de las superficies nevadas descubriendo espacios de gran belleza paisaj\u00edstica de una forma divertida y c\u00f3moda.<\/p>\n<p>La zona del puerto del <strong>Portalet<\/strong>, a caballo entre <strong>Espa\u00f1a <\/strong>y <strong>Francia<\/strong>, y la <strong>Sierra de Partacua<\/strong> es el escenario perfecto para empezar la temporada de <strong>raquetas<\/strong>. Es un vasto territorio con desniveles suaves que nos garantizan ascensos c\u00f3modos y descensos por amplias palas ideales para desempolvar nuestras raquetas y nuestras piernas.<\/p>\n<p>Al este y al oeste del puerto, largos cordales se extienden permiti\u00e9ndonos recorrer sus laderas.<\/p>\n<\/div>\n<\/div>\n<p class=\"has-text-align-center has-large-font-size\"><strong>2-VALLE DE AR\u00c1N, PIRINEO LLEIDA<\/strong><\/p>\n<p class=\"has-text-align-center has-large-font-size\"><strong><img decoding=\"async\" alt=\"\" class=\"media-image\" height=\"768\" width=\"1024\" typeof=\"foaf:Image\" src=\"https:\/\/www.lugaresdenieve.com\/sites\/default\/files\/20180403064412-ascensiones-con-raquetas-de-nieve-en-el-vall-daran-1024x768.jpg\"\/><\/strong><\/p>\n<div class=\"wp-block-media-text alignwide has-media-on-the-right is-stacked-on-mobile\">\n<figure class=\"wp-block-media-text__media\">\u00a0<\/figure>\n<p><\/p>\n<div class=\"wp-block-media-text__content\">\n<p><strong>Salard\u00fa<\/strong> ser\u00e1 nuestro campamento base, y ser\u00e1 desde aqu\u00ed donde cada d\u00eda, tras un corto desplazamiento en veh\u00edculo realizaremos una ascensi\u00f3n. Por las noches disfrutaremos de una buena cena para cargar nuestro cuerpo de energ\u00eda para la pr\u00f3xima jornada.<\/p>\n<p>El <strong>Val d\u2019Aran<\/strong> es el \u00fanico valle de car\u00e1cter atl\u00e1ntico de <strong>Espa\u00f1a<\/strong> y una zona privilegiada por la cantidad de nieve que cada a\u00f1o recibe. Posee multitud de valles secundarios que ofrecen una gran variedad de posibilidades para la pr\u00e1ctica del excursionismo invernal. La proximidad del <strong>Parque Nacional de Aiguas Tortas y Lago de Sant Mauricio<\/strong> configura la zona como una de las m\u00e1s atractivas del <strong>Pirineo<\/strong>, ideales para poder descubrir el <strong>pirene\u00edsmo invernal<\/strong>, para una primera toma de contacto o bien para redescubir el monta\u00f1ismo m\u00e1s cl\u00e1sico y agradecido.<\/p>\n<p><a rel=\"nofollow noopener\" target=\"_blank\" href=\"https:\/\/www.muntania.com\/viaje\/ascensiones-con-raquetas-de-nieve-en-el-vall-daran\/\">Ascensiones con raquetas de nieve en el Vall d\u00b4Ar\u00e1n<\/a><\/p>\n<\/div>\n<\/div>\n<hr class=\"wp-block-separator\"\/>\n<p class=\"has-text-align-center\" style=\"font-size:40px\"><strong>BULGARIA<\/strong><\/p>\n<p class=\"has-text-align-center has-large-font-size\"><strong>3-RILA Y PIRIN<\/strong><\/p>\n<p class=\"has-text-align-center has-large-font-size\"><strong><img decoding=\"async\" alt=\"\" class=\"media-image\" height=\"768\" width=\"1024\" typeof=\"foaf:Image\" src=\"https:\/\/www.lugaresdenieve.com\/sites\/default\/files\/20180409102121-ascensiones-con-raquetas-en-bulgaria-rila-y-pirin-balcanes-scaled-1-1024x768.jpg\"\/><\/strong><\/p>\n<div class=\"wp-block-media-text alignwide is-stacked-on-mobile\">\n<figure class=\"wp-block-media-text__media\">\u00a0<\/figure>\n<p><\/p>\n<div class=\"wp-block-media-text__content\">\n<p>Un viaje de <strong>monta\u00f1a<\/strong> puede ser una excusa fant\u00e1stica para conocer <strong>Bulgaria<\/strong>. Los parques nacionales de <strong>Rila<\/strong> y <strong>Pirin<\/strong> son las monta\u00f1as perfectas donde disfrutar, no solo de unos d\u00edas magn\u00edficos de monta\u00f1a, sino tambi\u00e9n de la rica cultura de<strong> este pa\u00eds.<\/strong><\/p>\n<p>El viaje tiene dos partes bien diferenciadas. La primera, como base de operaciones en <strong>Samakov<\/strong>\/<strong>Borovetz <\/strong>nos permitir\u00e1 visitar las <strong>Monta\u00f1as de Rila ascendiendo al Malyovitza <\/strong>(2.792 m) y el c\u00e9lebre <strong>Mussala <\/strong>(2.792 m), la monta\u00f1a m\u00e1s alta de <strong>Bulgaria<\/strong>. \u00a0Posteriormente nos desplazaremos a <strong>Bansko <\/strong>para disfrutar de otras ascensiones como al<strong> Virhen<\/strong> (2.914 m) o el <strong>Todorca<\/strong> (2.740 m).<\/p>\n<p><strong>Sofia<\/strong>, la capital del pa\u00eds, y el <strong>Monasterio de Rila<\/strong>, fundado en el siglo X por San Juan de Rila y declarado <strong>Patrimonio de la Humanidad<\/strong> por la <strong>UNESCO<\/strong> en 1983, tambi\u00e9n merecer\u00e1n una visita.<\/p>\n<\/div>\n<\/div>\n<hr class=\"wp-block-separator\"\/>\n<p class=\"has-text-align-center\" style=\"font-size:40px\"><strong>FRANCIA<\/strong><\/p>\n<p class=\"has-text-align-center has-large-font-size\"><strong>4-VERCORS<\/strong><\/p>\n<p class=\"has-text-align-center has-large-font-size\"><img decoding=\"async\" alt=\"\" class=\"media-image\" height=\"681\" width=\"1024\" typeof=\"foaf:Image\" src=\"https:\/\/www.lugaresdenieve.com\/sites\/default\/files\/DSC_0086-scaled-1-1024x681.jpg\"\/><\/p>\n<div class=\"wp-block-media-text alignwide has-media-on-the-right is-stacked-on-mobile\">\n<figure class=\"wp-block-media-text__media\">\u00a0<\/figure>\n<p><\/p>\n<div class=\"wp-block-media-text__content\">\n<p>El <strong>macizo de Vercors<\/strong>, es un lugar fascinante situado a los pies de la ciudad francesa de Grenoble. Ya se considera parte de los Alpes.<\/p>\n<p>El V<strong>ercors<\/strong> presenta una geograf\u00eda compleja, con grandes monta\u00f1as, grandes extensiones forestales y profundos ca\u00f1ones. Los pueblos diseminados que se encuentran son tranquilos, bonito y muy genuinos. Como en muchos lugares de <strong>Francia<\/strong>, aqu\u00ed tambi\u00e9n se encuentra bien conservada la actividad rural con ganader\u00eda, producci\u00f3n de quesos y otros oficios rurales que permite que la poblaci\u00f3n pueda seguir viviendo fuera de las grandes ciudades.<\/p>\n<\/div>\n<\/div>\n<p class=\"has-text-align-center has-large-font-size\"><strong>5-JURA<\/strong><\/p>\n<p class=\"has-text-align-center has-large-font-size\"><img decoding=\"async\" alt=\"\" class=\"media-image\" height=\"681\" width=\"1024\" typeof=\"foaf:Image\" src=\"https:\/\/www.lugaresdenieve.com\/sites\/default\/files\/20200501151425-jura-excursiones-con-raquetas-de-nieve-en-el-corazn-de-europa-scaled-1-1024x681.jpg\"\/><\/p>\n<div class=\"wp-block-media-text alignwide is-stacked-on-mobile\">\n<div class=\"wp-block-media-text__content\">\n<p>El terreno de juego que ofrecen las <strong>Monta\u00f1as del Jura para las actividades al aire libre<\/strong> es una de las m\u00e1s interesantes de <strong>Francia<\/strong> y probablemente de <strong>Europa<\/strong>. Existen multitud de caminos entrelazados que se adentran en los bellos bosques y alcanzan peque\u00f1os pueblos en los departamentos franceses de <strong>Ain<\/strong>, <strong>Doubs<\/strong> y <strong>Jura<\/strong> en la regi\u00f3n del <strong>Franco Condado<\/strong>.<\/p>\n<p>En definitiva, en el Jura da igual c\u00f3mo nos planteemos la estancia, relajada o activamente, porque en cualquier caso disfrutaremos de la <strong>magia<\/strong> de sus <strong>paisajes<\/strong> y de sus <strong>pueblos<\/strong> de monta\u00f1a. Y claro est\u00e1, del sabor de la <strong>gastronom\u00eda <\/strong>del Franco Condado, con sus quesos (imposible no mencionar el <strong>Comt\u00e9<\/strong> o el <strong>Morbier<\/strong>), sus ahumados (embutidos, bac\u00f3n y jamones) sus vinos (con las denominaciones C\u00f4tes du Jura, L\u2019\u00c9toile, Arbois et Arbois-Pupillin y Ch\u00e2teau-Chalon) y sus postres.<\/p>\n<\/div>\n<\/div>\n<p class=\"has-text-align-center has-large-font-size\"><strong>6-SAINT LARY-SOULAN<\/strong><\/p>\n<p class=\"has-text-align-center has-large-font-size\"><strong><img decoding=\"async\" alt=\"\" class=\"media-image\" height=\"1371\" width=\"1827\" typeof=\"foaf:Image\" src=\"https:\/\/www.lugaresdenieve.com\/sites\/default\/files\/Imagen%201.jpg\"\/><\/strong><\/p>\n<div class=\"wp-block-media-text alignwide has-media-on-the-right is-stacked-on-mobile\">\n<figure class=\"wp-block-media-text__media\">\u00a0<\/figure>\n<p><\/p>\n<div class=\"wp-block-media-text__content\">\n<p>Presentamos un viaje de <strong>raquetas<\/strong> en los <strong>Pirineos Franceses<\/strong>. Con base en el valle de <strong>St-Lary-Soulan <\/strong>cada d\u00eda realizaremos itinerarios de una jornada de duraci\u00f3n en distintos valles y ascendiendo a diferentes cimas. Un viaje c\u00f3modo respecto a log\u00edstica e excellent para realizarlo desde principios de temporada.<\/p>\n<p>Situado en pleno coraz\u00f3n de las monta\u00f1as pirenaicas, el simp\u00e1tico pueblo de <strong>Saint-Lary-Soulan<\/strong> es una ciudad-balneario y una estaci\u00f3n de deportes de invierno y de verano. Un destino so\u00f1ado por todos los que desean combinar la puesta en forma y la pr\u00e1ctica de actividades deportivas al aire libre.<\/p>\n<\/div>\n<\/div>\n<hr class=\"wp-block-separator\"\/>\n<p class=\"has-text-align-center\" style=\"font-size:40px\"><strong>ITALIA<\/strong><\/p>\n<p class=\"has-text-align-center has-large-font-size\"><strong>7-VALLE DE AOSTA<\/strong><\/p>\n<p class=\"has-text-align-center has-large-font-size\"><strong><img decoding=\"async\" alt=\"\" class=\"media-image\" height=\"685\" width=\"1024\" typeof=\"foaf:Image\" src=\"https:\/\/www.lugaresdenieve.com\/sites\/default\/files\/aosta-1-1024x685.jpg\"\/><\/strong><\/p>\n<div class=\"wp-block-media-text alignwide has-media-on-the-right is-stacked-on-mobile\">\n<figure class=\"wp-block-media-text__media\">\u00a0<\/figure>\n<p><\/p>\n<div class=\"wp-block-media-text__content\">\n<p><strong>Aosta<\/strong> se presenta como un para\u00edso para las <strong>raquetas de nieve.<\/strong> Con sus grandes bosques, rodeados de impresionantes circos glaciares y coronados por escarpadas cimas hacen que el ambiente sea espectacular.<\/p>\n<p>Adem\u00e1s, estar rodeados del monta\u00f1as tan emblem\u00e1ticas como el <strong>Mt.Blanc<\/strong>, <strong>Grandes Jorasses<\/strong>, <strong>Monte Rosa<\/strong>, and so forth. hace que el ambiente sea muy alpino.<\/p>\n<p>Te proponemos un interesante viaje al <strong>Valle de Aosta<\/strong>, donde podr\u00e1s disfrutar de excelentes ascensiones de gran belleza, acompa\u00f1ado de un acogedor lodge rural donde podremos catar la gastronom\u00eda native.<\/p>\n<\/div>\n<\/div>\n<p><strong>8-DOLOMITAS<\/strong><\/p>\n<p class=\"has-text-align-center has-large-font-size\"><strong><img decoding=\"async\" alt=\"\" class=\"media-image\" height=\"569\" width=\"1024\" typeof=\"foaf:Image\" src=\"https:\/\/www.lugaresdenieve.com\/sites\/default\/files\/20171115141741-raquetas-de-nieve-en-dolomitas-excursiones-por-las-montanas-mas-bellas-del-mundo-e1664189637204-1024x569.jpeg\"\/><\/strong><\/p>\n<div class=\"wp-block-media-text alignwide is-stacked-on-mobile\">\n<figure class=\"wp-block-media-text__media\">\u00a0<\/figure>\n<p><\/p>\n<div class=\"wp-block-media-text__content\">\n<p>Los<strong> Dolomitas<\/strong> fueron declaradas por la <strong>UNESCO<\/strong> Patrimonio Pure de la Humanidad.<\/p>\n<p>Este viaje con <strong>raquetas de nieve<\/strong> \u00a0te permitir\u00e1 descubrir y disfrutar un entorno \u00fanico, no solo por sus paisajes de bosques alpinos desde los que se elevan impresionantes macizos de roca dolom\u00eda, sino tambi\u00e9n por los numerosos sitios de inter\u00e9s hist\u00f3rico y cultural. Los magn\u00edficos macizos de la <strong>Marmolada<\/strong>, <strong>Pelmo<\/strong>, <strong>Tofana de Rozes<\/strong> y <strong>Tres Cimas de Lavaredo<\/strong> son una excusa perfecta para visitar este rinc\u00f3n de <strong>Italia<\/strong>, conocer vestigios de la Primera Guerra Mundial o disfrutar de una gastronom\u00eda exquisita.<\/p>\n<p>\u00a0<\/p>\n<\/div>\n<\/div>\n<hr class=\"wp-block-separator\"\/>\n<p class=\"has-text-align-center\" style=\"font-size:41px\"><strong>NORUEGA<\/strong><\/p>\n<p class=\"has-text-align-center has-large-font-size\"><strong>9-ISLAS LOFOTEN<\/strong><\/p>\n<p class=\"has-text-align-center has-large-font-size\"><strong><img decoding=\"async\" alt=\"\" class=\"media-image\" height=\"768\" width=\"1024\" typeof=\"foaf:Image\" src=\"https:\/\/www.lugaresdenieve.com\/sites\/default\/files\/PHOTO-2022-04-11-23-04-03-1024x768.jpg\"\/><\/strong><\/p>\n<div class=\"wp-block-media-text alignwide has-media-on-the-right is-stacked-on-mobile\">\n<figure class=\"wp-block-media-text__media\">\u00a0<\/figure>\n<p><\/p>\n<div class=\"wp-block-media-text__content\">\n<p>Viajar a<strong> Lofoten<\/strong> es adentrarse en un paisaje \u00fanico, un laberinto de fiordos, monta\u00f1as y una abrupta costa.\u00a0 El conjunto de islas, la abundancia de cumbres que caen bruscamente al mar, el contraste del paisaje de monta\u00f1a con el oc\u00e9ano, las <strong>auroras boreales <\/strong>y la agradable y siempre atenta gente que uno encuentra por estas latitudes nos har\u00e1 disfrutar de unas magn\u00edficas jornadas en la naturaleza.<\/p>\n<p>Degustaremos <strong>pescado, <\/strong>principalmente <strong>bacalao<\/strong> y para el que guste el alcohol podr\u00e1 beber (a dosis moderadas\u2026) el aquavit.<\/p>\n<p>\u00a0Y si la suerte nos acompa\u00f1a, si las noches est\u00e1n despejadas, podremos disfrutar del espect\u00e1culo de las <strong>Auroras Boreales.<\/strong><\/p>\n<\/div>\n<\/div>\n<p class=\"has-text-align-center has-large-font-size\"><strong>10-LYNGEN<\/strong><\/p>\n<div class=\"wp-block-media-text alignwide is-stacked-on-mobile\">\n<figure class=\"wp-block-media-text__media\">\n<p>\u00a0<\/p>\n<p><img decoding=\"async\" alt=\"\" class=\"media-image\" height=\"693\" width=\"1024\" typeof=\"foaf:Image\" src=\"https:\/\/www.lugaresdenieve.com\/sites\/default\/files\/1-e1664191212224-1024x693.jpg\"\/><\/p>\n<\/figure>\n<p><\/p>\n<div class=\"wp-block-media-text__content\">\n<p>Te proponemos un viaje <strong>especial<\/strong> y sin duda una experiencia <strong>diferente<\/strong>. \u00bfTe imaginas hacer monta\u00f1a m\u00e1s all\u00e1 del <strong>c\u00edrculo polar \u00e1rtico<\/strong>, disfrutando de espectaculares cumbres y alcanzar el mar con tus raquetas de nieve?, \u00bfDisfrutar de un almuerzo en la orilla de una playa?, \u00bfDisfrutar de un c\u00f3modo alojamiento perdido en un fiordo?<\/p>\n<p>Los llamados<strong> Alpes de Lyngen <\/strong>se encuentra en el norte de <strong>Noruega<\/strong>, por encima del c\u00edrculo polar \u00e1rtico y con su cuarentena de cumbres de m\u00e1s de 1.000 metros que surgen directamente desde el mar y sus 150 glaciares, es sin duda un lugar <strong>excepcional <\/strong>en Europa para la pr\u00e1ctica de deportes de monta\u00f1a.<\/p>\n<\/div>\n<\/div>\n<p class=\"has-text-align-center\" style=\"font-size:41px\"><strong>ISLANDIA<\/strong><\/p>\n<p class=\"has-text-align-center has-large-font-size\"><strong>11-PEN\u00cdNSULA DE TROLL<\/strong><\/p>\n<p class=\"has-text-align-center has-large-font-size\"><strong><img decoding=\"async\" alt=\"\" class=\"media-image\" height=\"768\" width=\"1024\" typeof=\"foaf:Image\" src=\"https:\/\/www.lugaresdenieve.com\/sites\/default\/files\/20190818082704-islandia-ascensiones-en-la-pennsula-de-troll-scaled-1-1024x768.jpg\"\/><\/strong><\/p>\n<div class=\"wp-block-media-text alignwide has-media-on-the-right is-stacked-on-mobile\">\n<figure class=\"wp-block-media-text__media\">\u00a0<\/figure>\n<p><\/p>\n<div class=\"wp-block-media-text__content\">\n<p><strong>Islandia<\/strong>, sin lugar a dudas es un pa\u00eds singular en medio del oc\u00e9ano atl\u00e1ntico y eso de debe a que forma parte de la dorsal oce\u00e1nica que separa la placa tect\u00f3nica <strong>Euroasi\u00e1tica<\/strong> de la <strong>Americana<\/strong>.<\/p>\n<p>Viajaremos al norte de la isla, a la pen\u00ednsula de <strong>Troll \u201cTr\u00f6llaskagi\u201d <\/strong>muy cerca de la peque\u00f1a ciudad de<strong> Akureyri, <\/strong>para disfrutar de <strong>6 d\u00edas completos<\/strong> de monta\u00f1a. Desde las cumbres rodeadas de fiordos bajaremos hasta la orilla del mar para acabar la jornada disfrutando de relajantes ba\u00f1os en <strong>aguas termales<\/strong> originados por la gran actividad geotermal de la isla.<\/p>\n<p>Adem\u00e1s, visitaremos la <strong>Cascadas de Godafoss<\/strong>, la zona del Lago<strong> Myvatn<\/strong>, lasfumarolas de <strong>N\u00e1mafjall<\/strong> y la regi\u00f3n volc\u00e1nica de <strong>Krafla.<\/strong><\/p>\n<p>El nombre de <strong>Troll <\/strong>se debe a que existe una leyenda que cube que un campesino asesin\u00f3 ah\u00ed al \u00faltimo <strong>Troll<\/strong> porque hab\u00eda robado y luego se hab\u00eda comido una vaca.\u00a0 \u00a1As\u00ed que una pena que ya no podamos ver a un <strong>Troll <\/strong>por estas latitudes!\u00a0<\/p>\n<p><strong>JOSE ANTONIO U\u00d1A, Gu\u00eda de Media Monta\u00f1a UIMLA<\/strong><\/p>\n<p>\u00a0<\/p>\n<p><figure class=\"wp-block-image\">\u00a0<\/figure>\n<\/p>\n<\/div>\n<\/div>\n<p><img decoding=\"async\" alt=\"\" class=\"media-image\" height=\"138\" style=\"width: 350px; height: 110px;\" width=\"441\" typeof=\"foaf:Image\" src=\"https:\/\/www.lugaresdenieve.com\/sites\/default\/files\/logo-muntania.jpg\"\/><\/p>\n<p>\u00a0<\/p>\n<\/p><\/div>\n<p><script>jQuery.extend(Drupal.settings, {\"basePath\":\"\/\",\"pathPrefix\":\"es\/\",\"ajaxPageState\":{\"theme\":\"sky\",\"theme_token\":\"TWsZnRpY1p1F9LE6AdSYEuA6x9I3o6qKtShZ0rf43jI\",\"jquery_version\":\"1.7\",\"js\":{\"0\":1,\"1\":1,\"sites\/all\/modules\/jquery_update\/replace\/jquery\/1.7\/jquery.min.js\":1,\"misc\/jquery-extend-3.4.0.js\":1,\"misc\/jquery.once.js\":1,\"misc\/drupal.js\":1,\"sites\/all\/libraries\/shadowbox\/shadowbox.js\":1,\"sites\/all\/modules\/jquery_update\/replace\/ui\/external\/jquery.cookie.js\":1,\"sites\/all\/modules\/jquery_update\/replace\/misc\/jquery.form.min.js\":1,\"misc\/ajax.js\":1,\"sites\/all\/modules\/jquery_update\/js\/jquery_update.js\":1,\"sites\/all\/modules\/comment_notify\/comment_notify.js\":1,\"public:\/\/languages\/es_achZs-GBiuAU5gskWoVeH2AKWH-cVpO88_GbbMXp5_U.js\":1,\"misc\/vertical-tabs.js\":1,\"sites\/all\/libraries\/colorbox\/colorbox\/jquery.colorbox-min.js\":1,\"sites\/all\/modules\/colorbox\/js\/colorbox.js\":1,\"sites\/all\/modules\/colorbox\/styles\/default\/colorbox_default_style.js\":1,\"sites\/all\/modules\/colorbox\/js\/colorbox_load.js\":1,\"sites\/all\/modules\/colorbox_node\/colorbox_node.js\":1,\"misc\/progress.js\":1,\"sites\/all\/modules\/comment_abuse\/misc\/fancybox\/source\/jquery.fancybox.pack.js\":1,\"sites\/all\/modules\/comment_abuse\/misc\/comment_abuse.js\":1,\"misc\/jquery.form.js\":1,\"sites\/all\/modules\/fbconnect-2016-NOSEUSA\/fbconnect.js\":1,\"sites\/all\/modules\/panels\/js\/panels.js\":1,\"sites\/all\/modules\/quote\/quote.js\":1,\"sites\/all\/modules\/fivestar\/js\/fivestar.ajax.js\":1,\"sites\/all\/modules\/fivestar\/js\/fivestar.js\":1,\"sites\/all\/modules\/google_analytics\/googleanalytics.js\":1,\"2\":1,\"sites\/all\/modules\/finder\/plugins\/element_handler\/autocomplete.js\":1,\"3\":1,\"sites\/all\/themes\/adaptivetheme\/adaptivetheme\/js\/respond.js\":1,\"sites\/all\/themes\/sky\/js\/scripts.js\":1},\"css\":{\"modules\/system\/system.base.css\":1,\"modules\/system\/system.menus.css\":1,\"modules\/system\/system.messages.css\":1,\"modules\/system\/system.theme.css\":1,\"sites\/all\/libraries\/shadowbox\/shadowbox.css\":1,\"sites\/all\/modules\/comment_notify\/comment_notify.css\":1,\"modules\/comment\/comment.css\":1,\"sites\/all\/modules\/date\/date_api\/date.css\":1,\"sites\/all\/modules\/date\/date_popup\/themes\/datepicker.1.7.css\":1,\"sites\/all\/modules\/date\/date_repeat_field\/date_repeat_field.css\":1,\"modules\/field\/theme\/field.css\":1,\"modules\/node\/node.css\":1,\"modules\/search\/search.css\":1,\"modules\/user\/user.css\":1,\"modules\/forum\/forum.css\":1,\"sites\/all\/modules\/views\/css\/views.css\":1,\"sites\/all\/modules\/colorbox\/styles\/default\/colorbox_default_style.css\":1,\"sites\/all\/modules\/comment_abuse\/misc\/fancybox\/source\/jquery.fancybox.css\":1,\"sites\/all\/modules\/comment_abuse\/misc\/comment_abuse.css\":1,\"sites\/all\/modules\/ctools-20180316\/css\/ctools.css\":1,\"sites\/all\/modules\/fbconnect-2016-NOSEUSA\/fbconnect.css\":1,\"sites\/all\/modules\/panels\/css\/panels.css\":1,\"sites\/all\/modules\/quote\/quote.css\":1,\"sites\/all\/modules\/panels\/plugins\/layouts\/twocol_stacked\/twocol_stacked.css\":1,\"sites\/all\/modules\/fivestar\/css\/fivestar.css\":1,\"sites\/all\/modules\/finder\/finder.css\":1,\"sites\/all\/modules\/addtoany\/addtoany.css\":1,\"sites\/all\/themes\/adaptivetheme\/adaptivetheme\/css\/at.base.css\":1,\"sites\/all\/themes\/adaptivetheme\/adaptivetheme\/css\/at.layout.css\":1,\"sites\/all\/themes\/adaptivetheme\/adaptivetheme\/css\/at.messages.css\":1,\"sites\/all\/themes\/adaptivetheme\/adaptivetheme\/http:\/\/fonts.googleapis.com\/css?family=Questrial\":1,\"sites\/all\/themes\/sky\/css\/html-elements.css\":1,\"sites\/all\/themes\/sky\/css\/forms.css\":1,\"sites\/all\/themes\/sky\/css\/tables.css\":1,\"sites\/all\/themes\/sky\/css\/page.css\":1,\"sites\/all\/themes\/sky\/css\/articles.css\":1,\"sites\/all\/themes\/sky\/css\/comments.css\":1,\"sites\/all\/themes\/sky\/css\/fields.css\":1,\"sites\/all\/themes\/sky\/css\/blocks.css\":1,\"sites\/all\/themes\/sky\/css\/navigation.css\":1,\"sites\/all\/themes\/sky\/color\/colors.css\":1,\"sites\/all\/themes\/sky\/css\/sky.settings.style.css\":1,\"sites\/all\/themes\/sky\/css\/print.css\":1,\"public:\/\/at_css\/sky.responsive.layout.css\":1,\"sites\/all\/themes\/sky\/css\/sky.responsive.style.css\":1,\"sites\/all\/themes\/sky\/css\/sky.responsive.gpanels.css\":1}},\"colorbox\":{\"opacity\":\"0.85\",\"current\":\"{current} of {total}\",\"previous\":\"u00ab Prev\",\"next\":\"Next u00bb\",\"close\":\"Close\",\"maxWidth\":\"100%\",\"maxHeight\":\"100%\",\"fixed\":true,\"__drupal_alter_by_ref\":[\"default\"]},\"fbconnect\":{\"user_pictures\":\"allow\",\"language_code\":\"es_ES\",\"app_id\":\"583549225058899\",\"debug\":0,\"connect_js\":\"document.location.protocol + u0027\/\/connect.facebook.net\/es_ES\/sdk.jsu0027\",\"loginout_mode\":\"manual\",\"invite_name\":\"Lugares de Nieve\",\"fast_reg_mode\":0,\"fast_reg_autoname\":0,\"fbuid\":null,\"user\":{\"uid\":0}},\"quote_nest\":\"2\",\"shadowbox\":{\"animate\":1,\"animateFade\":1,\"animSequence\":\"wh\",\"auto_enable_all_images\":0,\"auto_gallery\":0,\"autoplayMovies\":true,\"continuous\":0,\"counterLimit\":\"10\",\"counterType\":\"default\",\"displayCounter\":0,\"displayNav\":1,\"enableKeys\":0,\"fadeDuration\":\"0.35\",\"handleOversize\":\"resize\",\"handleUnsupported\":\"link\",\"initialHeight\":160,\"initialWidth\":320,\"language\":\"es\",\"modal\":false,\"overlayColor\":\"#000\",\"overlayOpacity\":\"0.85\",\"resizeDuration\":\"0.35\",\"showMovieControls\":1,\"slideshowDelay\":\"0\",\"viewportPadding\":20,\"useSizzle\":0},\"ajax\":{\"edit-vote--2\":{\"callback\":\"fivestar_ajax_submit\",\"event\":\"change\",\"url\":\"\/?q=es\/system\/ajax\",\"submit\":{\"_triggering_element_name\":\"vote\"}}},\"urlIsAjaxTrusted\":{\"\/?q=es\/system\/ajax\":true,\"\/?q=es\/entrada-blog\/los-mejores-destinos-de-raquetas-de-nieve-de-europa\":true,\"\/?q=es\/buscador_estaciones\":true},\"googleanalytics\":jpe?g,\"finder_autocomplete\":{\"edit-nombre-de-estaci-n\":{\"autosubmit\":true}}});<\/script><script>\n!function(f,b,e,v,n,t,s)\n{if(f.fbq)return;n=f.fbq=function(){n.callMethod?\nn.callMethod.apply(n,arguments):n.queue.push(arguments)};\nif(!f._fbq)f._fbq=n;n.push=n;n.loaded=!0;n.version='2.0';\nn.queue=[];t=b.createElement(e);t.async=!0;\nt.src=v;s=b.getElementsByTagName(e)[0];\ns.parentNode.insertBefore(t,s)}(window,document,'script',\n'https:\/\/connect.facebook.net\/en_US\/fbevents.js'\n);\n fbq('init', '447357985683185'); \nfbq('track', 'PageView');\n<\/script><script type=\"text\/javascript\">\n        window.fbAsyncInit = function() {\n          FB.init({\n            appId : '583549225058899',\n            cookie : true, \/\/ enable cookies to allow the server to access the session\n            xfbml : true,\n            logging: '0',\n            channelURL: 'http:\/\/www.lugaresdenieve.com\/sites\/all\/modules\/fbconnect-2016-NOSEUSA\/channel.html',\n            oauth  : true,\n            frictionlessRequests: true,\n            status     : true,\n            version    : 'v2.3'\n          });\n          \/\/ whenever the user logs in, we tell our login service\n          FB.Event.subscribe('auth.login', function() {\n            var token = FB.getAccessToken();\n            if (token) {\n              document.cookie=\"fbconnect_token_583549225058899=\" + token;\n            }\n            else {\n              window.location.reload(true);\n            }\n          });\n          FB.Event.subscribe('auth.authResponseChange', function(response) {\n            if (response.status === 'connected') {\n              var token = FB.getAccessToken();\n              if (token) {\n                document.cookie=\"fbconnect_token_583549225058899=\" + token;\n              }\n            }\n          });\n          FB.Event.subscribe('auth.logout', function(response) {\n            document.cookie=\"fbconnect_token_583549225058899=\";\n            window.location.reload(true);\n          });\n          jQuery(document).trigger('fb:init');\n        };\n        (function() {\n          var e = document.createElement('script');\n          e.src = document.location.protocol + '\/\/connect.facebook.net\/es_ES\/sdk.js';\n          e.async = true;\n          document.getElementById('fb-root').appendChild(e);\n        }());\n      <\/script><br \/>\n<br \/><\/p>\n<p><em> &#8221; Fuentes news.google.com &#8221; <\/em><\/p>\n","protected":false},"excerpt":{"rendered":"<p>Las raquetas de nieve nos permiten desplazarnos con facilidad por encima de las superficies nevadas descubriendo espacios de gran belleza paisaj\u00edstica de una forma divertida y c\u00f3moda. Cuando llega el invierno, el uso de raquetas se hace imprescindible para progresar por la nieve de forma c\u00f3moda y eficaz por nuestras monta\u00f1as. Gracias a su facilidad [&hellip;]<\/p>\n","protected":false},"author":4,"featured_media":410943,"comment_status":"open","ping_status":"closed","sticky":false,"template":"","format":"standard","meta":{"om_disable_all_campaigns":false,"jnews-multi-image_gallery":[],"jnews_single_post":[],"jnews_primary_category":[],"jnews_social_meta":[],"footnotes":""},"categories":[39],"tags":[1228,1653,2830,7284,55816],"class_list":["post-410942","post","type-post","status-publish","format-standard","has-post-thumbnail","hentry","category-viajes","tag-destinos","tag-europa","tag-mejores","tag-nieve","tag-raquetas"],"_links":{"self":[{"href":"https:\/\/dimensionturistica.com\/es\/wp-json\/wp\/v2\/posts\/410942","targetHints":{"allow":["GET"]}}],"collection":[{"href":"https:\/\/dimensionturistica.com\/es\/wp-json\/wp\/v2\/posts"}],"about":[{"href":"https:\/\/dimensionturistica.com\/es\/wp-json\/wp\/v2\/types\/post"}],"author":[{"embeddable":true,"href":"https:\/\/dimensionturistica.com\/es\/wp-json\/wp\/v2\/users\/4"}],"replies":[{"embeddable":true,"href":"https:\/\/dimensionturistica.com\/es\/wp-json\/wp\/v2\/comments?post=410942"}],"version-history":[{"count":0,"href":"https:\/\/dimensionturistica.com\/es\/wp-json\/wp\/v2\/posts\/410942\/revisions"}],"wp:featuredmedia":[{"embeddable":true,"href":"https:\/\/dimensionturistica.com\/es\/wp-json\/wp\/v2\/media\/410943"}],"wp:attachment":[{"href":"https:\/\/dimensionturistica.com\/es\/wp-json\/wp\/v2\/media?parent=410942"}],"wp:term":[{"taxonomy":"category","embeddable":true,"href":"https:\/\/dimensionturistica.com\/es\/wp-json\/wp\/v2\/categories?post=410942"},{"taxonomy":"post_tag","embeddable":true,"href":"https:\/\/dimensionturistica.com\/es\/wp-json\/wp\/v2\/tags?post=410942"}],"curies":[{"name":"wp","href":"https:\/\/api.w.org\/{rel}","templated":true}]}}