{"id":410828,"date":"2022-10-22T10:29:09","date_gmt":"2022-10-22T10:29:09","guid":{"rendered":"https:\/\/dimensionturistica.com\/es\/?p=410828"},"modified":"2022-10-22T10:29:10","modified_gmt":"2022-10-22T10:29:10","slug":"abinader-en-feria-de-cruceros-aqui-tendran-los-mejores-destinos-y-las-mejores-oportunidades-de-negocio-2","status":"publish","type":"post","link":"https:\/\/dimensionturistica.com\/es\/abinader-en-feria-de-cruceros-aqui-tendran-los-mejores-destinos-y-las-mejores-oportunidades-de-negocio-2\/","title":{"rendered":"Abinader en feria de cruceros: Aqu\u00ed tendr\u00e1n los mejores destinos y las mejores oportunidades de negocio"},"content":{"rendered":"<p> <br \/>\n<\/p>\n<div id=\"ArticleBody\" style=\"margin-top:10px;\">\n<p>La ma\u00f1ana de este mi\u00e9rcoles el presidente de la Rep\u00fablica, <strong>Luis Abinader<\/strong> y el ministro de Turismo,<strong> <\/strong>David Collado, dieron inicio oficial a la edici\u00f3n n\u00famero 28 de la conferencia de <strong>Florida Caribbean Cruise Affiliation (FCCA)<\/strong> que se celebra por segunda ocasi\u00f3n en suelo dominicano.\u00a0<\/p>\n<p>En este evento, que se llevar\u00e1 a cabo desde el 11 al 14 de octubre en el resort Jaragua, participan 500 representantes de 40 pa\u00edses, 14 empresas navieras de los 23 miembros que conforman la FCCA, y m\u00e1s de 60 ejecutivos de cruceros, entre presidentes, CEO y miembros platinium.<\/p>\n<p>El jefe de estado dominicano agradeci\u00f3 el inter\u00e9s de unir lazos que han demostrado todos los representantes de los pa\u00edses que conforman el Caribe.\u00a0<\/p>\n<p>\u201cComo presidente de la Rep\u00fablica, quiero agradecer el inter\u00e9s y el esfuerzo de todos ustedes para fortalecer nuestros lazos, seguir trabajando juntos y completar esta traves\u00eda de \u00e9xito\u201d, extern\u00f3 Abinader\u00a0.<\/p>\n<p>&#8220;Nuestro pa\u00eds es hoy l\u00edder en crecimiento econ\u00f3mico en la regi\u00f3n, tenemos los niveles de inversi\u00f3n extranjera m\u00e1s altos de nuestra historia, mes tras mes rompemos los r\u00e9cords de visitantes. Gozamos de un clima de estabilidad institucional, econ\u00f3mico y social que pocos pa\u00edses pueden exhibir en la regi\u00f3n en estos momentos\u201d, asegur\u00f3.<\/p>\n<p>y agreg\u00f3: &#8220;Aqu\u00ed encontrar\u00e1n los mejores destinos y tambi\u00e9n las mejores oportunidades de negocio&#8221;.<\/p>\n<p>Destac\u00f3 que<strong>\u00a0Caribbean Cruise Affiliation<\/strong> es una organizaci\u00f3n comercial l\u00edder, sin fines de lucro y est\u00e1 compuesta por 22 Empresas de cruceros afiliadas, las cuales operan m\u00e1s de cien barcos, por lo cual es \u201csigno de excelencia con una hoja de ruta intachable en favor del <a rel=\"nofollow noopener\" target=\"_blank\" href=\"https:\/\/listindiario.com\/economia\/2022\/10\/04\/741878\/por-que-los-turistas-extranjeros-visitan-republica-dominicana\"><span style=\"color:#0000FF\"><strong>turismo<\/strong><\/span><\/a>\u201d.\u00a0<\/p>\n<p>Asimismo, David Collado destac\u00f3 la importancia de esa &#8220;cumbre de Cruceros&#8221; para fortalecimiento de ese segmento tur\u00edstico en el pa\u00eds, que viene registrando un sostenido crecimiento.<\/p>\n<p>&#8220;Esta reuni\u00f3n de la FCCA en nuestro pa\u00eds de seguro que marcar\u00e1 un antes y un despu\u00e9s en la llegada en la <strong>industria de cruceros<\/strong> en la Rep\u00fablica Dominicana, especialmente con la llegada de m\u00e1s turistas por la v\u00eda mar\u00edtima&#8221;, dijo el ministro Collado.<\/p>\n<p>Afirm\u00f3 que cada vez m\u00e1s cruceristas siguen llegando a la Rep\u00fablica Dominicana y se\u00f1al\u00f3 el impacto econ\u00f3mico que tiene su presencia en los distintos destinos.<\/p>\n<h2><strong>El presidente<\/strong><\/h2>\n<p>Abinader les asegur\u00f3 que nadie se arrepentir\u00e1 de llegar a Rep\u00fablica Dominicana. Dijo que el pa\u00eds \u00a0est\u00e1 de moda y \u201chemos vuelto para conquistar el mundo desde nuestras costas y puertos\u201d.<\/p>\n<p>\u201cSiempre lo digo, y el tiempo y el trabajo me dar\u00e1 la raz\u00f3n; lo mejor est\u00e1 por venir, y lo haremos con todos ustedes como aliados&#8221;, concluy\u00f3 el presidente Abinader.<\/p>\n<p>Asistieron al acto el ministro<strong> Administrativo de la Presidencia Jos\u00e9 Ignacio Paliza;<\/strong> el director basic de la Autoridad Portuaria Dominicana, Jean Luis Rodr\u00edguez; el administrador basic del Banco de Reservas, Samuel Pereyra y el director de Politur, basic de brigada Minoru Matsunaga.<\/p>\n<p>De igual forma, el presidente de FCCA, Adam Cecerano; Los ministros de <strong>Turismo <\/strong>de Honduras, Yadira G\u00f3mez; de Santa Luc\u00eda, Ernest Hilaire; de San Vicente y Granadinas, Carlos James; de San Martin, Omar Ottley; de Saint Kitts, Marsha Henderson; de Barbados, Lisa Cummings; de Islas Caim\u00e1n, Kenneth Bryan y de Jamaica, Edmund Bartlett.<\/p>\n<p>Tambi\u00e9n, el ministro de Desarrollo Econ\u00f3mico, Ruisandro Cijntje; el gobernador de Sinaloa, M\u00e9xico, Rub\u00e9n Rocha; la Secretaria de Turismo de Sinaloa, M\u00e9xico, Rosario Torres; el secretario Parlamentario de Bahamas, John Pinder II: el presidente de la Comisi\u00f3n Ejecutiva Portuaria de El Salvador, Federico Anliker L\u00f3pez; el Comisionado de Turismo de Islas V\u00edrgenes, Joseph Boschulte y el director ejecutivo de la Compa\u00f1\u00eda de Turismo de Puerto Rico, Carlos Mercado.<\/p>\n<p>Adem\u00e1s, directivos de los puertos tur\u00edsticos Romana Port, Sans Souci, Amber Cove, Ta\u00edno Bay, entre otros.<\/p>\n<p>\u00a0<\/p>\n<p><iframe loading=\"lazy\" allowfullscreen=\"\" frameborder=\"0\" height=\"100%\" src=\"https:\/\/www.dailymotion.com\/embed\/video\/x8efd3a\" style=\"width:100%;height:100%;position:absolute;left:0px;top:0px;overflow:hidden\" width=\"100%\"><\/iframe><\/p>\n<p>\u00a0<\/p>\n<div class=\"jeg_video_container jeg_video_content\"><iframe loading=\"lazy\" title=\"RD como destino tur\u00edstico\" width=\"500\" height=\"281\" src=\"https:\/\/www.youtube.com\/embed\/snv30dY7AvY?feature=oembed\" frameborder=\"0\" allow=\"accelerometer; autoplay; clipboard-write; encrypted-media; gyroscope; picture-in-picture; web-share\" referrerpolicy=\"strict-origin-when-cross-origin\" allowfullscreen><\/iframe><\/div><\/div>\n<p><script>\n        !function (f, b, e, v, n, t, s) {\n            if (f.fbq) return; n = f.fbq = function () {\n                n.callMethod ?\n                n.callMethod.apply(n, arguments) : n.queue.push(arguments)\n            }; if (!f._fbq) f._fbq = n;\n            n.push = n; n.loaded = !0; n.version = '2.0'; n.queue = []; t = b.createElement(e); t.async = !0;\n            t.src = v; s = b.getElementsByTagName(e)[0]; s.parentNode.insertBefore(t, s)\n        }(window,\n        document, 'script', 'https:\/\/connect.facebook.net\/en_US\/fbevents.js');\n        fbq('init', '336505603402465', {\n        });\n        fbq('track', 'PageView');\n    <\/script><script>\n        !function (f, b, e, v, n, t, s) {\n            if (f.fbq) return; n = f.fbq = function () {\n                n.callMethod ?\n                n.callMethod.apply(n, arguments) : n.queue.push(arguments)\n            }; if (!f._fbq) f._fbq = n;\n            n.push = n; n.loaded = !0; n.version = '2.0'; n.queue = []; t = b.createElement(e); t.async = !0;\n            t.src = v; s = b.getElementsByTagName(e)[0]; s.parentNode.insertBefore(t, s)\n        }(window,\n        document, 'script', 'https:\/\/connect.facebook.net\/en_US\/fbevents.js');\n        fbq('init', '871551932912625', {\n        });\n        fbq('track', 'PageView');\n    <\/script><script>\n    window.fbAsyncInit = function () {\n        FB.init({\n            appId: '482294438637972',\n            xfbml: true,\n            version: 'v2.7'\n        });\n    };\n    (function (d, s, id) {\n        var js, fjs = d.getElementsByTagName(s)[0];\n        if (d.getElementById(id)) { return; }\n        js = d.createElement(s); js.id = id;\n        js.src = \"https:\/\/connect.facebook.net\/en_US\/sdk.js\";\n        fjs.parentNode.insertBefore(js, fjs);\n    }(document, 'script', 'facebook-jssdk'));\n<\/script><br \/>\n<br \/><\/p>\n<p><em> &#8221; Fuentes news.google.com &#8221; <\/em><\/p>\n","protected":false},"excerpt":{"rendered":"<p>La ma\u00f1ana de este mi\u00e9rcoles el presidente de la Rep\u00fablica, Luis Abinader y el ministro de Turismo, David Collado, dieron inicio oficial a la edici\u00f3n n\u00famero 28 de la conferencia de Florida Caribbean Cruise Affiliation (FCCA) que se celebra por segunda ocasi\u00f3n en suelo dominicano.\u00a0 En este evento, que se llevar\u00e1 a cabo desde el [&hellip;]<\/p>\n","protected":false},"author":4,"featured_media":410829,"comment_status":"open","ping_status":"closed","sticky":false,"template":"","format":"standard","meta":{"om_disable_all_campaigns":false,"jnews-multi-image_gallery":[],"jnews_single_post":[],"jnews_primary_category":[],"jnews_social_meta":[],"footnotes":""},"categories":[39],"tags":[547,1431,1432,1433,229,1427,705,1428,1136,1430,1429],"class_list":["post-410828","post","type-post","status-publish","format-standard","has-post-thumbnail","hentry","category-viajes","tag-informacion","tag-listin","tag-listin-diario","tag-listin-digital","tag-news","tag-newspaper","tag-noticias","tag-periodicos","tag-prensa","tag-republica-dominicana","tag-santo-domingo"],"_links":{"self":[{"href":"https:\/\/dimensionturistica.com\/es\/wp-json\/wp\/v2\/posts\/410828","targetHints":{"allow":["GET"]}}],"collection":[{"href":"https:\/\/dimensionturistica.com\/es\/wp-json\/wp\/v2\/posts"}],"about":[{"href":"https:\/\/dimensionturistica.com\/es\/wp-json\/wp\/v2\/types\/post"}],"author":[{"embeddable":true,"href":"https:\/\/dimensionturistica.com\/es\/wp-json\/wp\/v2\/users\/4"}],"replies":[{"embeddable":true,"href":"https:\/\/dimensionturistica.com\/es\/wp-json\/wp\/v2\/comments?post=410828"}],"version-history":[{"count":0,"href":"https:\/\/dimensionturistica.com\/es\/wp-json\/wp\/v2\/posts\/410828\/revisions"}],"wp:featuredmedia":[{"embeddable":true,"href":"https:\/\/dimensionturistica.com\/es\/wp-json\/wp\/v2\/media\/410829"}],"wp:attachment":[{"href":"https:\/\/dimensionturistica.com\/es\/wp-json\/wp\/v2\/media?parent=410828"}],"wp:term":[{"taxonomy":"category","embeddable":true,"href":"https:\/\/dimensionturistica.com\/es\/wp-json\/wp\/v2\/categories?post=410828"},{"taxonomy":"post_tag","embeddable":true,"href":"https:\/\/dimensionturistica.com\/es\/wp-json\/wp\/v2\/tags?post=410828"}],"curies":[{"name":"wp","href":"https:\/\/api.w.org\/{rel}","templated":true}]}}