{"id":410781,"date":"2022-10-22T08:51:48","date_gmt":"2022-10-22T08:51:48","guid":{"rendered":"https:\/\/dimensionturistica.com\/es\/?p=410781"},"modified":"2022-10-22T08:51:49","modified_gmt":"2022-10-22T08:51:49","slug":"las-casas-mexicanas-llevan-anos-prediciendo-las-nuevas-tendencias-que-podemos-aprender-de-ellas","status":"publish","type":"post","link":"https:\/\/dimensionturistica.com\/es\/las-casas-mexicanas-llevan-anos-prediciendo-las-nuevas-tendencias-que-podemos-aprender-de-ellas\/","title":{"rendered":"Las casas mexicanas llevan a\u00f1os prediciendo las nuevas tendencias: \u00bfqu\u00e9 podemos aprender de ellas?"},"content":{"rendered":"<p> <br \/>\n<\/p>\n<div>\n<p>Paredes desnudas; maderas nobles; grandes aperturas que conectan inside y exterior; minimalismo pure y elegante; <a rel=\"nofollow noopener\" target=\"_blank\" href=\"https:\/\/www.revistaad.es\/decoracion\/articulos\/muebles-obra-favor-o-contra\/25344\">muebles de obra<\/a> y <a rel=\"nofollow noopener\" target=\"_blank\" href=\"https:\/\/www.revistaad.es\/decoracion\/articulos\/alerta-tendencia-hora-los-muebles-a-medida\/25269\">a medida<\/a>, piezas de artesan\u00eda\u2026 \u00bfQu\u00e9 pasa en las mejores <strong>casas mexicanas de las zonas rurales y costeras,<\/strong> y por qu\u00e9 lleva a\u00f1os prediciendo las <a rel=\"nofollow noopener\" target=\"_blank\" href=\"https:\/\/www.revistaad.es\/decoracion\/articulos\/tendencias-decoracion-nuevas\"><strong>grandes tendencias de interiorismo<\/strong><\/a> que luego se exportan a todo el mundo?\u00a0<\/p>\n<p>Las razones son muchas y variadas, y su profundidad es tal que no se podr\u00eda abarcar en un solo art\u00edculo. Sin embargo, podr\u00edamos resumir con que tiene que ver con un <strong>esp\u00edritu nacionalista bien entendido,<\/strong> que honra la arquitectura tradicional y la reimagina poniendo el foco en el <strong>funcionalismo<\/strong> de los grandes maestros del siglo XX.\u00a0<\/p>\n<p>Sus aciertos tambi\u00e9n tienen que ver con la capacidad de <strong>hacer de la necesidad, virtud:<\/strong> si en mitad de la selva, o a la orilla del Pac\u00edfico, no hay forma de importar materiales con comodidad, \u00bfpor qu\u00e9 no fijar la vista en las <strong>materias primas que s\u00ed existen,<\/strong> y en abundancia, en cada zona?<\/p>\n<div class=\"InstagramEmbedContainer-ZddGd jnZyPg\">\n<div class=\"MessageBannerWrapper-fxHHQZ kgatiO ConsentBannerWrapper-fjhTDA dnUhDa\" data-testid=\"message-banner\">\n<div class=\"BaseWrap-sc-UABmB BaseText-fETRLB MessageBannerContent-gbOyDT hkSZSE fPPhnn gPHDfG\">\n<h4 class=\"ConsentBannerTitle-gQXSfz dxOYDA\">Instagram content material<\/h4>\n<p>This content material can be seen on the positioning it <a rel=\"nofollow noopener\" target=\"_blank\" href=\"https:\/\/www.instagram.com\/p\/CiIc2TXOl56\" class=\"BaseWrap-sc-UABmB BaseText-fETRLB BaseLink-hawaGs ConsentBannerLink-gnxXBr hkSZSE fPPhnn hKtePL\">originates<\/a> from.<\/p>\n<\/div>\n<\/div>\n<\/div>\n<p>\u201cEl \u00e1mbito rural fue invadido por nuevas edificaciones que <strong>importaban materiales y f\u00f3rmulas constructivas inadecuadas<\/strong>, sin que nadie se preocupara de establecer una s\u00edntesis factible entre la riqu\u00edsima tradici\u00f3n vern\u00e1cula y las novedades democratizadoras y de confortabilidad de los procesos industriales\u201d.\u00a0<\/p>\n<p>La cita es de <em><strong>Espa\u00f1a fea.<\/strong> El caos urbano, el mayor fracaso de la democracia<\/em> (Debate, 2022), y reflejando las desgracias arquitect\u00f3nicas que tuvieron lugar en Espa\u00f1a a partir de los a\u00f1os 60, ilustra todo lo que, afortunadamente, no est\u00e1 ocurriendo con la <strong>mejor arquitectura mexicana hoy en d\u00eda.<\/strong><\/p>\n<div class=\"InstagramEmbedContainer-ZddGd jnZyPg\">\n<div class=\"MessageBannerWrapper-fxHHQZ kgatiO ConsentBannerWrapper-fjhTDA dnUhDa\" data-testid=\"message-banner\">\n<div class=\"BaseWrap-sc-UABmB BaseText-fETRLB MessageBannerContent-gbOyDT hkSZSE fPPhnn gPHDfG\">\n<h4 class=\"ConsentBannerTitle-gQXSfz dxOYDA\">Instagram content material<\/h4>\n<p>This content material can be seen on the positioning it <a rel=\"nofollow noopener\" target=\"_blank\" href=\"https:\/\/www.instagram.com\/p\/CgM7u80uxxT\" class=\"BaseWrap-sc-UABmB BaseText-fETRLB BaseLink-hawaGs ConsentBannerLink-gnxXBr hkSZSE fPPhnn hKtePL\">originates<\/a> from.<\/p>\n<\/div>\n<\/div>\n<\/div>\n<h2>Inspiraci\u00f3n vern\u00e1cula<\/h2>\n<p>&#8220;Hoy la gente busca autenticidad&#8221;, afirma Carlos Couturier, fundador de <a rel=\"nofollow noopener\" target=\"_blank\" data-offer-url=\"https:\/\/www.grupohabita.mx\/\" class=\"external-link\" data-event-click=\"{&quot;element&quot;:&quot;ExternalLink&quot;,&quot;outgoingURL&quot;:&quot;https:\/\/www.grupohabita.mx\/&quot;}\" href=\"https:\/\/www.grupohabita.mx\/\">Grupo Habita<\/a> junto a los hermanos Mois\u00e9s, Jaime y Rafael Micha. La empresa lleva m\u00e1s de dos d\u00e9cadas implementando en el pa\u00eds su concept de <strong>hoteles despojados y, a la vez, acogedores<\/strong>, que se funden con el paisaje y beben de <strong>tradiciones milenarias.<\/strong><\/p>\n<\/div>\n<p><script async defer src=\"https:\/\/platform.instagram.com\/en_US\/embeds.js\"><\/script><br \/>\n<br \/><\/p>\n<p><em> &#8221; Fuentes news.google.com &#8221; <\/em><\/p>\n","protected":false},"excerpt":{"rendered":"<p>Paredes desnudas; maderas nobles; grandes aperturas que conectan inside y exterior; minimalismo pure y elegante; muebles de obra y a medida, piezas de artesan\u00eda\u2026 \u00bfQu\u00e9 pasa en las mejores casas mexicanas de las zonas rurales y costeras, y por qu\u00e9 lleva a\u00f1os prediciendo las grandes tendencias de interiorismo que luego se exportan a todo el [&hellip;]<\/p>\n","protected":false},"author":4,"featured_media":410782,"comment_status":"open","ping_status":"closed","sticky":false,"template":"","format":"standard","meta":{"om_disable_all_campaigns":false,"jnews-multi-image_gallery":[],"jnews_single_post":[],"jnews_primary_category":[],"jnews_social_meta":[],"footnotes":""},"categories":[39],"tags":[769],"class_list":["post-410781","post","type-post","status-publish","format-standard","has-post-thumbnail","hentry","category-viajes","tag-mexico"],"_links":{"self":[{"href":"https:\/\/dimensionturistica.com\/es\/wp-json\/wp\/v2\/posts\/410781","targetHints":{"allow":["GET"]}}],"collection":[{"href":"https:\/\/dimensionturistica.com\/es\/wp-json\/wp\/v2\/posts"}],"about":[{"href":"https:\/\/dimensionturistica.com\/es\/wp-json\/wp\/v2\/types\/post"}],"author":[{"embeddable":true,"href":"https:\/\/dimensionturistica.com\/es\/wp-json\/wp\/v2\/users\/4"}],"replies":[{"embeddable":true,"href":"https:\/\/dimensionturistica.com\/es\/wp-json\/wp\/v2\/comments?post=410781"}],"version-history":[{"count":0,"href":"https:\/\/dimensionturistica.com\/es\/wp-json\/wp\/v2\/posts\/410781\/revisions"}],"wp:featuredmedia":[{"embeddable":true,"href":"https:\/\/dimensionturistica.com\/es\/wp-json\/wp\/v2\/media\/410782"}],"wp:attachment":[{"href":"https:\/\/dimensionturistica.com\/es\/wp-json\/wp\/v2\/media?parent=410781"}],"wp:term":[{"taxonomy":"category","embeddable":true,"href":"https:\/\/dimensionturistica.com\/es\/wp-json\/wp\/v2\/categories?post=410781"},{"taxonomy":"post_tag","embeddable":true,"href":"https:\/\/dimensionturistica.com\/es\/wp-json\/wp\/v2\/tags?post=410781"}],"curies":[{"name":"wp","href":"https:\/\/api.w.org\/{rel}","templated":true}]}}