{"id":410570,"date":"2022-10-22T01:02:39","date_gmt":"2022-10-22T01:02:39","guid":{"rendered":"https:\/\/dimensionturistica.com\/es\/?p=410570"},"modified":"2022-10-22T01:02:39","modified_gmt":"2022-10-22T01:02:39","slug":"a-coruna-presenta-su-oferta-gastronomica-de-ocio-y-cultural-en-lisboa","status":"publish","type":"post","link":"https:\/\/dimensionturistica.com\/es\/a-coruna-presenta-su-oferta-gastronomica-de-ocio-y-cultural-en-lisboa\/","title":{"rendered":"A Coru\u00f1a presenta su oferta gastron\u00f3mica, de ocio y cultural en Lisboa"},"content":{"rendered":"<p> <br \/>\n<\/p>\n<div>\n<p>El Ayuntamiento de A Coru\u00f1a, a trav\u00e9s del Consorcio de Turismo y Congresos, present\u00f3 su potencial tur\u00edstico en un acto celebrado en la Casa de Galicia de Lisboa. Agentes del sector tur\u00edstico de Portugal conocieron de primera mano la oferta gastron\u00f3mica, cultural, patrimonial, art\u00edstica y comercial de la ciudad gallega. Las agencias del pa\u00eds vecino pudieron comprobar la experiencia de la urbe herculina en la organizaci\u00f3n de grandes congresos, as\u00ed como la capacidad de sus infraestructuras dedicadas al sector MICE.<\/p>\n<p>El operador de turismo gallego Interr\u00edas fue el accomplice principal de A Coru\u00f1a en la presentaci\u00f3n ante agentes de Lisboa y por primera vez se present\u00f3 un cat\u00e1logo espec\u00edfico de A Coru\u00f1a para las agencias de viajes. El acto cont\u00f3 con la participaci\u00f3n del director del Museo Mega Estrella Galicia, Rodrigo Burgos.<\/p>\n<p>La oferta cultural en A Coru\u00f1a es amplia y abarca historia y arte de los m\u00e1s de 800 a\u00f1os de la ciudad. Es ocio y tambi\u00e9n historia, patrimonio y arquitectura. La Torre de H\u00e9rcules, con unos 50 metros de altitud, es conocida en todo el mundo por ser el faro romano m\u00e1s antiguo en funcionamiento. La Plaza de Mar\u00eda Pita, con un monumento a esta hero\u00edna que en su d\u00eda salv\u00f3 a la ciudad, uno de los ayuntamientos con m\u00e1s historia de Espa\u00f1a, las fachadas modernistas o las Galer\u00edas de la Marina son puntos de inter\u00e9s para los visitantes.<\/p>\n<p>A Coru\u00f1a tiene capacidad para albergar grandes eventos musicales con espacios excepcionales como el Coliseo, el estadio de Riazor, la playa, ubicada en el propio centro urbano, o el palacio de la \u00d3pera, sede de una de las mejores orquestas sinf\u00f3nicas de Europa. El pasado verano estos espacios albergaron grandes conciertos y fueron escenario de los mejores grupos internacionales como Black Eyed Peace, Rosal\u00eda, Maluma o UB40. Durante todo el a\u00f1o la ciudad disfruta de estos eventos musicales, pero tambi\u00e9n de los mejores espect\u00e1culos de danza y teatro que eligen el Teatro Rosal\u00eda o el Col\u00f3n para abrir sus giras internacionales.<\/p>\n<p><strong>Picasso<\/strong><\/p>\n<p>La ciudad que vio crecer a Picasso, la que vio su primera exposici\u00f3n y en la que dej\u00f3 una gran impronta el artista common est\u00e1 el pr\u00f3ximo a\u00f1o de aniversario. Se cumplen 50 a\u00f1os de la muerte de Picasso y es por ello que A Coru\u00f1a acoger\u00e1 varios eventos culturales de gran relevancia en el panorama europeo. Pero, tal y como se expuso en la Casa de Galicia de la capital lisboeta, la ciudad no para, est\u00e1 en constante movimiento. Su car\u00e1cter de vanguardia se podr\u00e1 constatar el pr\u00f3ximo mes de noviembre. A Coru\u00f1a se convertir\u00e1 este oto\u00f1o en el escenario de otra extraordinaria muestra fotogr\u00e1fica: Steven Meisel 1993 a 12 months in Images.<\/p>\n<p>La moda es otro de los reclamos de esta ciudad, un referente en el mundo textil, con grandes firmas de la industria de la moda. En definitiva, una urbe que marca tendencia, con mucho estilo.<\/p>\n<p>Por otro lado, las agencias de viajes lusas pudieron comprobar el enorme potencial de la gastronom\u00eda atl\u00e1ntica coru\u00f1esa. Sus fogones conjugan la cocina de vanguardia con la tradicional con productos de calidad que llegan directamente del mar y de las huertas del \u00e1rea metropolitana. Tal vez por ello la lonja coru\u00f1esa es una de las m\u00e1s afamadas de Europa y muchos proveedores llegan a la ciudad en busca de los mejores pescados y mariscos de ultramar.<\/p>\n<p>El Consorcio de Turismo expuso a agentes del sector tur\u00edstico de Portugal las posibilidades de uno de los grandes reclamos tur\u00edsticos del noroeste de Espa\u00f1a. Una ciudad cosmopolita, con personalidad y, al mismo tiempo, muy acogedora.<\/p>\n<p><strong>Womex 2023<\/strong><\/p>\n<p>A Coru\u00f1a participa estos d\u00edas en Womex 2022, que se celebra en la capital lusa, con un stand propio en el que expone la oferta musical. Precisamente, el pr\u00f3ximo a\u00f1o, A Coru\u00f1a ser\u00e1 la sede de Womex 2023, el mayor evento de m\u00fasicas del mundo, que congrega cada a\u00f1o a m\u00e1s de 3.000 personas vinculadas al sector y a la industria musical.<\/p>\n<div class=\"wysiwyg-photo\"><img decoding=\"async\" src=\"https:\/\/static.hosteltur.com\/app\/public\/uploads\/img\/releases\/2022\/10\/21\/L_181914_lisbon2.jpg\" alt=\"Imagen nota de prensa Hosteltur\" width=\"1600\" height=\"1200\"\/><\/div>\n<div class=\"wysiwyg-photo\">\n<div class=\"wysiwyg-photo\"><img decoding=\"async\" src=\"https:\/\/static.hosteltur.com\/app\/public\/uploads\/img\/releases\/2022\/10\/21\/L_181932_lisbon3.jpg\" alt=\"Imagen nota de prensa Hosteltur\" width=\"1024\" height=\"768\"\/><\/div><\/div><\/div>\n\n<p><em> &#8221; Fuentes news.google.com &#8221; <\/em><\/p>\n","protected":false},"excerpt":{"rendered":"<p>El Ayuntamiento de A Coru\u00f1a, a trav\u00e9s del Consorcio de Turismo y Congresos, present\u00f3 su potencial tur\u00edstico en un acto celebrado en la Casa de Galicia de Lisboa. Agentes del sector tur\u00edstico de Portugal conocieron de primera mano la oferta gastron\u00f3mica, cultural, patrimonial, art\u00edstica y comercial de la ciudad gallega. Las agencias del pa\u00eds vecino [&hellip;]<\/p>\n","protected":false},"author":4,"featured_media":410571,"comment_status":"open","ping_status":"closed","sticky":false,"template":"","format":"standard","meta":{"om_disable_all_campaigns":false,"jnews-multi-image_gallery":[],"jnews_single_post":[],"jnews_primary_category":[],"jnews_social_meta":[],"footnotes":""},"categories":[40],"tags":[1140],"class_list":["post-410570","post","type-post","status-publish","format-standard","has-post-thumbnail","hentry","category-industria","tag-hoteles-y-alojamientos"],"_links":{"self":[{"href":"https:\/\/dimensionturistica.com\/es\/wp-json\/wp\/v2\/posts\/410570","targetHints":{"allow":["GET"]}}],"collection":[{"href":"https:\/\/dimensionturistica.com\/es\/wp-json\/wp\/v2\/posts"}],"about":[{"href":"https:\/\/dimensionturistica.com\/es\/wp-json\/wp\/v2\/types\/post"}],"author":[{"embeddable":true,"href":"https:\/\/dimensionturistica.com\/es\/wp-json\/wp\/v2\/users\/4"}],"replies":[{"embeddable":true,"href":"https:\/\/dimensionturistica.com\/es\/wp-json\/wp\/v2\/comments?post=410570"}],"version-history":[{"count":0,"href":"https:\/\/dimensionturistica.com\/es\/wp-json\/wp\/v2\/posts\/410570\/revisions"}],"wp:featuredmedia":[{"embeddable":true,"href":"https:\/\/dimensionturistica.com\/es\/wp-json\/wp\/v2\/media\/410571"}],"wp:attachment":[{"href":"https:\/\/dimensionturistica.com\/es\/wp-json\/wp\/v2\/media?parent=410570"}],"wp:term":[{"taxonomy":"category","embeddable":true,"href":"https:\/\/dimensionturistica.com\/es\/wp-json\/wp\/v2\/categories?post=410570"},{"taxonomy":"post_tag","embeddable":true,"href":"https:\/\/dimensionturistica.com\/es\/wp-json\/wp\/v2\/tags?post=410570"}],"curies":[{"name":"wp","href":"https:\/\/api.w.org\/{rel}","templated":true}]}}