{"id":409592,"date":"2022-10-20T19:58:51","date_gmt":"2022-10-20T19:58:51","guid":{"rendered":"https:\/\/dimensionturistica.com\/es\/?p=409592"},"modified":"2022-10-20T19:58:51","modified_gmt":"2022-10-20T19:58:51","slug":"amr-collection-anfitrion-del-cancun-travel-mart-2022","status":"publish","type":"post","link":"https:\/\/dimensionturistica.com\/es\/amr-collection-anfitrion-del-cancun-travel-mart-2022\/","title":{"rendered":"AMR Collection anfitri\u00f3n del Canc\u00fan Travel Mart 2022"},"content":{"rendered":"<p>AMR&#x2122; Collection, una empresa l\u00edder en gesti\u00f3n de marcas de hoteles en Norteam\u00e9rica, parte de<img decoding=\"async\" class=\"size-medium wp-image-409638 alignright\" src=\"https:\/\/dimensionturistica.com\/es\/wp-content\/uploads\/2022\/10\/CTM2-1-298x300.jpeg\" alt=\"\" width=\"298\" height=\"300\" srcset=\"https:\/\/dimensionturistica.com\/es\/wp-content\/uploads\/2022\/10\/CTM2-1-298x300.jpeg 298w, https:\/\/dimensionturistica.com\/es\/wp-content\/uploads\/2022\/10\/CTM2-1-150x150.jpeg 150w, https:\/\/dimensionturistica.com\/es\/wp-content\/uploads\/2022\/10\/CTM2-1-768x773.jpeg 768w, https:\/\/dimensionturistica.com\/es\/wp-content\/uploads\/2022\/10\/CTM2-1-75x75.jpeg 75w, https:\/\/dimensionturistica.com\/es\/wp-content\/uploads\/2022\/10\/CTM2-1-750x755.jpeg 750w, https:\/\/dimensionturistica.com\/es\/wp-content\/uploads\/2022\/10\/CTM2-1.jpeg 1017w\" sizes=\"(max-width: 298px) 100vw, 298px\" \/> Hyatt, con siete marcas galardonadas a trav\u00e9s de M\u00e9xico, el Caribe, Centroam\u00e9rica, Espa\u00f1a y Grecia, mediante el Breathles Cancun Soul Resort &amp; Spa, fue el anfitri\u00f3n del cocktail de inauguraci\u00f3n de la 34 edici\u00f3n del Cancun Travel Mart (CTM) Mexico Summit.<br \/>\nDurante el discurso de bienvenida, Gonzalo del Pe\u00f3n, Group President AMResorts Americas &amp; Global Commercial de AMResorts, agradeci\u00f3 la presencia de empresarios y prestadores de la industria tur\u00edstica, as\u00ed como autoridades de los tres \u00f3rdenes de gobierno de Quintana Roo y el Gobierno de M\u00e9xico a la apertura oficial de CTM 2022.<br \/>\nDel Pe\u00f3n expres\u00f3 que el Caribe Mexicano es y seguir\u00e1 siendo escencial para la operaci\u00f3n de la compa\u00f1\u00eda \u201cnuestra presencia actual en de 25 hoteles con 8 mil 549 habitaciones. Y en diciembre pr\u00f3ximo estaremos abriendo Secrets Impresion Moxch\u00e9, y para 2023 Secrets Impresi\u00f3n Isla Mujeres y Secrets Tulum Resorts &amp; Spa. Y estamos trabajando para continuar posicionando nuestras<img decoding=\"async\" class=\"size-medium wp-image-409643 alignright\" src=\"https:\/\/dimensionturistica.com\/es\/wp-content\/uploads\/2022\/10\/CTM4-300x198.jpg\" alt=\"\" width=\"300\" height=\"198\" srcset=\"https:\/\/dimensionturistica.com\/es\/wp-content\/uploads\/2022\/10\/CTM4-300x198.jpg 300w, https:\/\/dimensionturistica.com\/es\/wp-content\/uploads\/2022\/10\/CTM4.jpg 500w\" sizes=\"(max-width: 300px) 100vw, 300px\" \/> marcas\u201d.<br \/>\nJes\u00fas Almaguer, Presidente de la Asociaci\u00f3n de Hoteles de Canc\u00fan, Puerto Morelos e Isla Mujeres agradeci\u00f3 a toda la cadena productiva del sector turismo por el apoyo otorgado en los pasados 2 a\u00f1os que fueron complicados por temas como el Covid-19 y la presencia de huracanes en la zona. Y asegur\u00f3 que Quintana Roo est\u00e1 recuperado.<br \/>\nCon la representaci\u00f3n del Lic. Miguel Torruco Marqu\u00e9s, Secretario de Turismo de M\u00e9xico, Humberto Hern\u00e1ndez Haddad, Subsecretario de Turismo de la Sectur, reconoci\u00f3 que la competencia por mostrar la oferta tur\u00edstica es ampl\u00edsima, por ello consider\u00f3 que el CTM es un lugar adecuado para pedirle a los trabajadores seguir dando servicios de calidad y excelencia, y a los empresarios en mantener est\u00e1ndares de calidad y seguridad.<br \/>\n\u201cPorque el turismo est\u00e1 llamado a ser uno de los pilares econ\u00f3micos fundamentales de nuestro pa\u00eds. Los yacimientos de petr\u00f3leo se extinguen las minas de oro y plata alg\u00fan d\u00eda se acaba, pero ustedes en Quintana Roo tienen un yacimiento una mina, que es inagotable que es el turismo bien gestionado\u201d, indic\u00f3.<img decoding=\"async\" class=\"size-medium wp-image-409640 alignright\" src=\"https:\/\/dimensionturistica.com\/es\/wp-content\/uploads\/2022\/10\/CTM3-1-300x265.jpeg\" alt=\"\" width=\"300\" height=\"265\" srcset=\"https:\/\/dimensionturistica.com\/es\/wp-content\/uploads\/2022\/10\/CTM3-1-300x265.jpeg 300w, https:\/\/dimensionturistica.com\/es\/wp-content\/uploads\/2022\/10\/CTM3-1-768x678.jpeg 768w, https:\/\/dimensionturistica.com\/es\/wp-content\/uploads\/2022\/10\/CTM3-1-750x662.jpeg 750w, https:\/\/dimensionturistica.com\/es\/wp-content\/uploads\/2022\/10\/CTM3-1.jpeg 1024w\" sizes=\"(max-width: 300px) 100vw, 300px\" \/><br \/>\nPor su parte, Bernardo Cueto, Secretario de Turismo de Quintana Roo, con la representaci\u00f3n de la Lic. Mara Lezama, Gobernadora del Estado de Quintana Roo, resalt\u00f3 que a octubre de 2022 Quintana Roo ha recibido m\u00e1s de 13 mill de turistas lo que representa un 14 por ciento por encima de lo registrado en 2019, y es la totalidad de turistas que llegaron en 2021, convirti\u00e9ndose en los pocos destinos en el mundo que pueden hablar de que tienen un crecimiento real.<br \/>\n<img decoding=\"async\" class=\"size-medium wp-image-409637 alignleft\" src=\"https:\/\/dimensionturistica.com\/es\/wp-content\/uploads\/2022\/10\/CTM1-1-300x196.jpeg\" alt=\"\" width=\"300\" height=\"196\" srcset=\"https:\/\/dimensionturistica.com\/es\/wp-content\/uploads\/2022\/10\/CTM1-1-300x196.jpeg 300w, https:\/\/dimensionturistica.com\/es\/wp-content\/uploads\/2022\/10\/CTM1-1.jpeg 500w\" sizes=\"(max-width: 300px) 100vw, 300px\" \/>Cueto afirm\u00f3 que eventos como CTM coadyuvan en la recuperaci\u00f3n y consolidaci\u00f3n del crecimiento econ\u00f3mico de Quintana Roo, y en tener un estado que genera el 5 por ciento de las divisas que registra M\u00e9xico como pa\u00eds en actividades relativas al turismo.<br \/>\nEn el evento, estuvieron presentes la Alcaldesa del Municipio de Puerto Morelos, Blanca Merari Tziu Mu\u00f1oz y Arturo Abreu Mar\u00edn, Delegado de los Programas de Bienestar en Quintana Roo, Antonio Chaves, Presidente de la Asociaci\u00f3n de Hoteles de la Riviera Maya (AHRM) y David Ortiz Mena, Presidente de la Asociaci\u00f3n de Hoteles de Tulum (AHT).<\/p>\n","protected":false},"excerpt":{"rendered":"<p>AMR&#x2122; Collection, una empresa l\u00edder en gesti\u00f3n de marcas de hoteles en Norteam\u00e9rica, parte de Hyatt, con siete marcas galardonadas a trav\u00e9s de M\u00e9xico, el Caribe, Centroam\u00e9rica, Espa\u00f1a y Grecia, mediante el Breathles Cancun Soul Resort &amp; Spa, fue el anfitri\u00f3n del cocktail de inauguraci\u00f3n de la 34 edici\u00f3n del Cancun Travel Mart (CTM) Mexico [&hellip;]<\/p>\n","protected":false},"author":1,"featured_media":409645,"comment_status":"open","ping_status":"closed","sticky":false,"template":"","format":"standard","meta":{"om_disable_all_campaigns":false,"jnews-multi-image_gallery":[],"jnews_single_post":{"source_name":"","source_url":"","via_name":"","via_url":"","override_template":"0","override":[{"template":"1","single_blog_custom":"","parallax":"1","fullscreen":"1","layout":"right-sidebar","sidebar":"default-sidebar","second_sidebar":"default-sidebar","sticky_sidebar":"1","share_position":"top","share_float_style":"share-monocrhome","show_share_counter":"1","show_view_counter":"1","show_featured":"1","show_post_meta":"1","show_post_author":"1","show_post_author_image":"1","show_post_date":"1","post_date_format":"default","post_date_format_custom":"Y\/m\/d","show_post_category":"1","show_post_reading_time":"0","post_reading_time_wpm":"300","show_zoom_button":"0","zoom_button_out_step":"2","zoom_button_in_step":"3","show_post_tag":"1","show_prev_next_post":"1","show_popup_post":"1","number_popup_post":"1","show_author_box":"0","show_post_related":"0","show_inline_post_related":"0"}],"override_image_size":"0","image_override":[{"single_post_thumbnail_size":"crop-500","single_post_gallery_size":"crop-500"}],"trending_post":"0","trending_post_position":"meta","trending_post_label":"Trending","sponsored_post":"0","sponsored_post_label":"Sponsored by","sponsored_post_name":"","sponsored_post_url":"","sponsored_post_logo_enable":"0","sponsored_post_logo":"","sponsored_post_desc":"","disable_ad":"0"},"jnews_primary_category":{"id":"","hide":""},"jnews_social_meta":{"fb_title":"","fb_description":"","fb_image":"","twitter_title":"","twitter_description":"","twitter_image":""},"footnotes":""},"categories":[39],"tags":[],"class_list":["post-409592","post","type-post","status-publish","format-standard","has-post-thumbnail","hentry","category-viajes"],"_links":{"self":[{"href":"https:\/\/dimensionturistica.com\/es\/wp-json\/wp\/v2\/posts\/409592","targetHints":{"allow":["GET"]}}],"collection":[{"href":"https:\/\/dimensionturistica.com\/es\/wp-json\/wp\/v2\/posts"}],"about":[{"href":"https:\/\/dimensionturistica.com\/es\/wp-json\/wp\/v2\/types\/post"}],"author":[{"embeddable":true,"href":"https:\/\/dimensionturistica.com\/es\/wp-json\/wp\/v2\/users\/1"}],"replies":[{"embeddable":true,"href":"https:\/\/dimensionturistica.com\/es\/wp-json\/wp\/v2\/comments?post=409592"}],"version-history":[{"count":0,"href":"https:\/\/dimensionturistica.com\/es\/wp-json\/wp\/v2\/posts\/409592\/revisions"}],"wp:featuredmedia":[{"embeddable":true,"href":"https:\/\/dimensionturistica.com\/es\/wp-json\/wp\/v2\/media\/409645"}],"wp:attachment":[{"href":"https:\/\/dimensionturistica.com\/es\/wp-json\/wp\/v2\/media?parent=409592"}],"wp:term":[{"taxonomy":"category","embeddable":true,"href":"https:\/\/dimensionturistica.com\/es\/wp-json\/wp\/v2\/categories?post=409592"},{"taxonomy":"post_tag","embeddable":true,"href":"https:\/\/dimensionturistica.com\/es\/wp-json\/wp\/v2\/tags?post=409592"}],"curies":[{"name":"wp","href":"https:\/\/api.w.org\/{rel}","templated":true}]}}