{"id":409524,"date":"2022-10-20T18:10:04","date_gmt":"2022-10-20T18:10:04","guid":{"rendered":"https:\/\/dimensionturistica.com\/es\/?p=409524"},"modified":"2022-10-20T18:10:04","modified_gmt":"2022-10-20T18:10:04","slug":"pricetravel-holding-reconoce-a-los-top-producer-del-turismo","status":"publish","type":"post","link":"https:\/\/dimensionturistica.com\/es\/pricetravel-holding-reconoce-a-los-top-producer-del-turismo\/","title":{"rendered":"Pricetravel Holding reconoce a los \u201cTop Producer\u201d del turismo"},"content":{"rendered":"<p><img decoding=\"async\" class=\"size-medium wp-image-409526 alignright\" src=\"https:\/\/dimensionturistica.com\/es\/wp-content\/uploads\/2022\/10\/unnamed-3-6-300x200.jpg\" alt=\"\" width=\"300\" height=\"200\" srcset=\"https:\/\/dimensionturistica.com\/es\/wp-content\/uploads\/2022\/10\/unnamed-3-6-300x200.jpg 300w, https:\/\/dimensionturistica.com\/es\/wp-content\/uploads\/2022\/10\/unnamed-3-6-1024x682.jpg 1024w, https:\/\/dimensionturistica.com\/es\/wp-content\/uploads\/2022\/10\/unnamed-3-6-768x512.jpg 768w, https:\/\/dimensionturistica.com\/es\/wp-content\/uploads\/2022\/10\/unnamed-3-6-1536x1023.jpg 1536w, https:\/\/dimensionturistica.com\/es\/wp-content\/uploads\/2022\/10\/unnamed-3-6-750x500.jpg 750w, https:\/\/dimensionturistica.com\/es\/wp-content\/uploads\/2022\/10\/unnamed-3-6-1140x760.jpg 1140w, https:\/\/dimensionturistica.com\/es\/wp-content\/uploads\/2022\/10\/unnamed-3-6.jpg 1600w\" sizes=\"(max-width: 300px) 100vw, 300px\" \/>\u00a0PriceTravel Holding reconoci\u00f3 a los mayores exponentes de la industria de viajes y turismo, mediante su tradicional entrega de reconocimientos EVM Awards, en esta edici\u00f3n su CEO, Jorge Restrepo y COO, Rafael Durand, hicieron entrega de una placa conmemorativa para agradecer el gran compromiso y trabajo a favor del crecimiento tur\u00edstico.<br \/>\nLos galardonados fueron seleccionados con base en su producci\u00f3n de ventas, divididos en diferentes categor\u00edas: Top producer hoteles, cadenas<img decoding=\"async\" class=\"size-medium wp-image-409525 alignright\" src=\"https:\/\/dimensionturistica.com\/es\/wp-content\/uploads\/2022\/10\/unnamed-4-3-300x246.jpg\" alt=\"\" width=\"300\" height=\"246\" srcset=\"https:\/\/dimensionturistica.com\/es\/wp-content\/uploads\/2022\/10\/unnamed-4-3-300x246.jpg 300w, https:\/\/dimensionturistica.com\/es\/wp-content\/uploads\/2022\/10\/unnamed-4-3-768x630.jpg 768w, https:\/\/dimensionturistica.com\/es\/wp-content\/uploads\/2022\/10\/unnamed-4-3-750x615.jpg 750w, https:\/\/dimensionturistica.com\/es\/wp-content\/uploads\/2022\/10\/unnamed-4-3.jpg 833w\" sizes=\"(max-width: 300px) 100vw, 300px\" \/> hoteleras, tours y experiencias, tour operadores y aerol\u00edneas, nacionales e internacionales, as\u00ed como a los mejores revenue manager y mejores campa\u00f1as de marketing.<br \/>\n\u201cCon esta entrega de reconocimientos EVM Awards 2022, PriceTravel Holding reafirma su compromiso con el sector de viajes y turismo y con quienes participan en \u00e9l. Y como la compa\u00f1\u00eda de distribuci\u00f3n m\u00e1s importante de Latinoam\u00e9rica, nos llena de orgullo reconocer el profesionalismo y la <img decoding=\"async\" class=\"wp-image-409531 alignleft\" src=\"https:\/\/dimensionturistica.com\/es\/wp-content\/uploads\/2022\/10\/unnamed-15-300x143.png\" alt=\"\" width=\"464\" height=\"221\" srcset=\"https:\/\/dimensionturistica.com\/es\/wp-content\/uploads\/2022\/10\/unnamed-15-300x143.png 300w, https:\/\/dimensionturistica.com\/es\/wp-content\/uploads\/2022\/10\/unnamed-15.png 706w\" sizes=\"(max-width: 464px) 100vw, 464px\" \/>calidad en la industria.\u201d, comenta Jorge Restrepo, CEO de PriceTravel Holding.<br \/>\nPor su parte, Rafael Durand, COO del holding, expres\u00f3 que han trabajado para ampliar los mercados de origen a trav\u00e9s de las diferentes<img decoding=\"async\" class=\"wp-image-409530 alignright\" src=\"https:\/\/dimensionturistica.com\/es\/wp-content\/uploads\/2022\/10\/unnamed-1-3-300x173.png\" alt=\"\" width=\"461\" height=\"266\" srcset=\"https:\/\/dimensionturistica.com\/es\/wp-content\/uploads\/2022\/10\/unnamed-1-3-300x173.png 300w, https:\/\/dimensionturistica.com\/es\/wp-content\/uploads\/2022\/10\/unnamed-1-3.png 704w\" sizes=\"(max-width: 461px) 100vw, 461px\" \/> l\u00edneas de negocio. Por otra parte, el foco de contrataci\u00f3n se concentra en generar m\u00e1s y mejores acuerdos con los socios comerciales, conectando con los diferentes segmentos, siendo parte integral de la propuesta de valor hacia los diferentes partners de la <img decoding=\"async\" class=\"alignnone  wp-image-409529\" src=\"https:\/\/dimensionturistica.com\/es\/wp-content\/uploads\/2022\/10\/unnamed-2-2-300x65.png\" alt=\"\" width=\"900\" height=\"195\" srcset=\"https:\/\/dimensionturistica.com\/es\/wp-content\/uploads\/2022\/10\/unnamed-2-2-300x65.png 300w, https:\/\/dimensionturistica.com\/es\/wp-content\/uploads\/2022\/10\/unnamed-2-2.png 705w\" sizes=\"(max-width: 900px) 100vw, 900px\" \/>industria.<br \/>\nCon acciones como esta, PriceTravel Holding contin\u00faa incentivando a mantener altos est\u00e1ndares de calidad en la industria tur\u00edstica y acent\u00faa la trayectoria y compromiso de sus l\u00edderes, promoviendo as\u00ed la competitividad que permitir\u00e1 perfeccionar la oferta tur\u00edstica a nivel nacional e internacional.<br \/>\nListado de ganadores:<\/p>\n","protected":false},"excerpt":{"rendered":"<p>\u00a0PriceTravel Holding reconoci\u00f3 a los mayores exponentes de la industria de viajes y turismo, mediante su tradicional entrega de reconocimientos EVM Awards, en esta edici\u00f3n su CEO, Jorge Restrepo y COO, Rafael Durand, hicieron entrega de una placa conmemorativa para agradecer el gran compromiso y trabajo a favor del crecimiento tur\u00edstico. Los galardonados fueron seleccionados [&hellip;]<\/p>\n","protected":false},"author":1,"featured_media":409528,"comment_status":"open","ping_status":"closed","sticky":false,"template":"","format":"standard","meta":{"om_disable_all_campaigns":false,"jnews-multi-image_gallery":[],"jnews_single_post":{"source_name":"","source_url":"","via_name":"","via_url":"","override_template":"0","override":[{"template":"1","single_blog_custom":"","parallax":"1","fullscreen":"1","layout":"right-sidebar","sidebar":"default-sidebar","second_sidebar":"default-sidebar","sticky_sidebar":"1","share_position":"top","share_float_style":"share-monocrhome","show_share_counter":"1","show_view_counter":"1","show_featured":"1","show_post_meta":"1","show_post_author":"1","show_post_author_image":"1","show_post_date":"1","post_date_format":"default","post_date_format_custom":"Y\/m\/d","show_post_category":"1","show_post_reading_time":"0","post_reading_time_wpm":"300","show_zoom_button":"0","zoom_button_out_step":"2","zoom_button_in_step":"3","show_post_tag":"1","show_prev_next_post":"1","show_popup_post":"1","number_popup_post":"1","show_author_box":"0","show_post_related":"0","show_inline_post_related":"0"}],"override_image_size":"0","image_override":[{"single_post_thumbnail_size":"crop-500","single_post_gallery_size":"crop-500"}],"trending_post":"0","trending_post_position":"meta","trending_post_label":"Trending","sponsored_post":"0","sponsored_post_label":"Sponsored by","sponsored_post_name":"","sponsored_post_url":"","sponsored_post_logo_enable":"0","sponsored_post_logo":"","sponsored_post_desc":"","disable_ad":"0"},"jnews_primary_category":{"id":"","hide":""},"jnews_social_meta":{"fb_title":"","fb_description":"","fb_image":"","twitter_title":"","twitter_description":"","twitter_image":""},"footnotes":""},"categories":[39],"tags":[],"class_list":["post-409524","post","type-post","status-publish","format-standard","has-post-thumbnail","hentry","category-viajes"],"_links":{"self":[{"href":"https:\/\/dimensionturistica.com\/es\/wp-json\/wp\/v2\/posts\/409524","targetHints":{"allow":["GET"]}}],"collection":[{"href":"https:\/\/dimensionturistica.com\/es\/wp-json\/wp\/v2\/posts"}],"about":[{"href":"https:\/\/dimensionturistica.com\/es\/wp-json\/wp\/v2\/types\/post"}],"author":[{"embeddable":true,"href":"https:\/\/dimensionturistica.com\/es\/wp-json\/wp\/v2\/users\/1"}],"replies":[{"embeddable":true,"href":"https:\/\/dimensionturistica.com\/es\/wp-json\/wp\/v2\/comments?post=409524"}],"version-history":[{"count":0,"href":"https:\/\/dimensionturistica.com\/es\/wp-json\/wp\/v2\/posts\/409524\/revisions"}],"wp:featuredmedia":[{"embeddable":true,"href":"https:\/\/dimensionturistica.com\/es\/wp-json\/wp\/v2\/media\/409528"}],"wp:attachment":[{"href":"https:\/\/dimensionturistica.com\/es\/wp-json\/wp\/v2\/media?parent=409524"}],"wp:term":[{"taxonomy":"category","embeddable":true,"href":"https:\/\/dimensionturistica.com\/es\/wp-json\/wp\/v2\/categories?post=409524"},{"taxonomy":"post_tag","embeddable":true,"href":"https:\/\/dimensionturistica.com\/es\/wp-json\/wp\/v2\/tags?post=409524"}],"curies":[{"name":"wp","href":"https:\/\/api.w.org\/{rel}","templated":true}]}}