{"id":409491,"date":"2022-10-20T17:41:06","date_gmt":"2022-10-20T17:41:06","guid":{"rendered":"https:\/\/dimensionturistica.com\/es\/?p=409491"},"modified":"2022-10-20T17:41:06","modified_gmt":"2022-10-20T17:41:06","slug":"volaris-recibe-su-avion-115-e-impulsa-la-equidad-de-genero","status":"publish","type":"post","link":"https:\/\/dimensionturistica.com\/es\/volaris-recibe-su-avion-115-e-impulsa-la-equidad-de-genero\/","title":{"rendered":"Volaris recibe su avi\u00f3n 115 e impulsa la equidad de g\u00e9nero"},"content":{"rendered":"<p>Volaris, la aerol\u00ednea de ultra bajo costo que opera en M\u00e9xico, Estados Unidos, Centro y Sudam\u00e9rica, recibi\u00f3 su avi\u00f3n n\u00famero 115 y aprovech\u00f3 para reforzar su compromiso de impulsar acciones que<img decoding=\"async\" class=\"size-medium wp-image-409497 alignright\" src=\"https:\/\/dimensionturistica.com\/es\/wp-content\/uploads\/2022\/10\/VOI1-300x224.jpeg\" alt=\"\" width=\"300\" height=\"224\" srcset=\"https:\/\/dimensionturistica.com\/es\/wp-content\/uploads\/2022\/10\/VOI1-300x224.jpeg 300w, https:\/\/dimensionturistica.com\/es\/wp-content\/uploads\/2022\/10\/VOI1-768x573.jpeg 768w, https:\/\/dimensionturistica.com\/es\/wp-content\/uploads\/2022\/10\/VOI1-750x559.jpeg 750w, https:\/\/dimensionturistica.com\/es\/wp-content\/uploads\/2022\/10\/VOI1.jpeg 955w\" sizes=\"(max-width: 300px) 100vw, 300px\" \/> sensibilicen sobre la importancia de la inclusi\u00f3n en una de las industrias con menor representaci\u00f3n de mujeres.<br \/>\nComo parte de su cultura organizacional centrada en las personas, la aerol\u00ednea llev\u00f3 a cabo todo el proceso de entrega de la aeronave con un equipo administrativo, de mec\u00e1nicas y pilotos compuesto por mujeres.<br \/>\nLa aeronave A321neo, matr\u00edcula XA-VSR, fue trasladada del Delivery Center de Airbus en Hamburgo, Alemania, en un trayecto que pas\u00f3 por Keflavik, Islandia, y Gander, Canad\u00e1, hasta su destino final en el Aeropuerto Internacional de la Ciudad de M\u00e9xico.<br \/>\n\u201cEs una experiencia indescriptible, por la emoci\u00f3n de traer el avi\u00f3n 115 y porque tenemos la oportunidad de escribir un \u2018pedacito\u2019 de la gran historia Volaris. Es un honor crecer al lado de mujeres que, con su liderazgo y profesionalismo, van sembrando un precedente muy importante en nuestra industria,\u201d coment\u00f3 la Capitana Viridiana Ram\u00edrez, piloto con m\u00e1s de 16 a\u00f1os de experiencia en Volaris.<br \/>\nEn promedio, la aerol\u00ednea tiene una capitana cada dos aeronaves. El total de mujeres pilotos representa alrededor de cinco por ciento, cifra similar a la de aerol\u00edneas internacionales como American Airlines y Air New Zealand, y arriba del promedio de la industria en M\u00e9xico (2.1 por<img decoding=\"async\" class=\"size-medium wp-image-409495 alignright\" src=\"https:\/\/dimensionturistica.com\/es\/wp-content\/uploads\/2022\/10\/VOI3-300x226.jpeg\" alt=\"\" width=\"300\" height=\"226\" srcset=\"https:\/\/dimensionturistica.com\/es\/wp-content\/uploads\/2022\/10\/VOI3-300x226.jpeg 300w, https:\/\/dimensionturistica.com\/es\/wp-content\/uploads\/2022\/10\/VOI3-768x578.jpeg 768w, https:\/\/dimensionturistica.com\/es\/wp-content\/uploads\/2022\/10\/VOI3-750x565.jpeg 750w, https:\/\/dimensionturistica.com\/es\/wp-content\/uploads\/2022\/10\/VOI3.jpeg 951w\" sizes=\"(max-width: 300px) 100vw, 300px\" \/> ciento). De igual forma, 87 por ciento de los mandos operativos son ocupados por mujeres y 26 por ciento de los puestos de liderazgo los representan tambi\u00e9n mujeres.<br \/>\nVolaris es el primer operador de bajo costo en M\u00e9xico con una flota de 115 aviones. De estos equipos, 110 estar\u00e1n dedicados al mercado mexicano y estadounidense, y cinco al de Centro y Sudam\u00e9rica.<\/p>\n","protected":false},"excerpt":{"rendered":"<p>Volaris, la aerol\u00ednea de ultra bajo costo que opera en M\u00e9xico, Estados Unidos, Centro y Sudam\u00e9rica, recibi\u00f3 su avi\u00f3n n\u00famero 115 y aprovech\u00f3 para reforzar su compromiso de impulsar acciones que sensibilicen sobre la importancia de la inclusi\u00f3n en una de las industrias con menor representaci\u00f3n de mujeres. Como parte de su cultura organizacional centrada [&hellip;]<\/p>\n","protected":false},"author":1,"featured_media":409496,"comment_status":"open","ping_status":"closed","sticky":false,"template":"","format":"standard","meta":{"om_disable_all_campaigns":false,"jnews-multi-image_gallery":[],"jnews_single_post":{"source_name":"","source_url":"","via_name":"","via_url":"","override_template":"0","override":[{"template":"1","single_blog_custom":"","parallax":"1","fullscreen":"1","layout":"right-sidebar","sidebar":"default-sidebar","second_sidebar":"default-sidebar","sticky_sidebar":"1","share_position":"top","share_float_style":"share-monocrhome","show_share_counter":"1","show_view_counter":"1","show_featured":"1","show_post_meta":"1","show_post_author":"1","show_post_author_image":"1","show_post_date":"1","post_date_format":"default","post_date_format_custom":"Y\/m\/d","show_post_category":"1","show_post_reading_time":"0","post_reading_time_wpm":"300","show_zoom_button":"0","zoom_button_out_step":"2","zoom_button_in_step":"3","show_post_tag":"1","show_prev_next_post":"1","show_popup_post":"1","number_popup_post":"1","show_author_box":"0","show_post_related":"0","show_inline_post_related":"0"}],"override_image_size":"0","image_override":[{"single_post_thumbnail_size":"crop-500","single_post_gallery_size":"crop-500"}],"trending_post":"0","trending_post_position":"meta","trending_post_label":"Trending","sponsored_post":"0","sponsored_post_label":"Sponsored by","sponsored_post_name":"","sponsored_post_url":"","sponsored_post_logo_enable":"0","sponsored_post_logo":"","sponsored_post_desc":"","disable_ad":"0"},"jnews_primary_category":{"id":"","hide":""},"jnews_social_meta":{"fb_title":"","fb_description":"","fb_image":"","twitter_title":"","twitter_description":"","twitter_image":""},"footnotes":""},"categories":[39],"tags":[],"class_list":["post-409491","post","type-post","status-publish","format-standard","has-post-thumbnail","hentry","category-viajes"],"_links":{"self":[{"href":"https:\/\/dimensionturistica.com\/es\/wp-json\/wp\/v2\/posts\/409491","targetHints":{"allow":["GET"]}}],"collection":[{"href":"https:\/\/dimensionturistica.com\/es\/wp-json\/wp\/v2\/posts"}],"about":[{"href":"https:\/\/dimensionturistica.com\/es\/wp-json\/wp\/v2\/types\/post"}],"author":[{"embeddable":true,"href":"https:\/\/dimensionturistica.com\/es\/wp-json\/wp\/v2\/users\/1"}],"replies":[{"embeddable":true,"href":"https:\/\/dimensionturistica.com\/es\/wp-json\/wp\/v2\/comments?post=409491"}],"version-history":[{"count":0,"href":"https:\/\/dimensionturistica.com\/es\/wp-json\/wp\/v2\/posts\/409491\/revisions"}],"wp:featuredmedia":[{"embeddable":true,"href":"https:\/\/dimensionturistica.com\/es\/wp-json\/wp\/v2\/media\/409496"}],"wp:attachment":[{"href":"https:\/\/dimensionturistica.com\/es\/wp-json\/wp\/v2\/media?parent=409491"}],"wp:term":[{"taxonomy":"category","embeddable":true,"href":"https:\/\/dimensionturistica.com\/es\/wp-json\/wp\/v2\/categories?post=409491"},{"taxonomy":"post_tag","embeddable":true,"href":"https:\/\/dimensionturistica.com\/es\/wp-json\/wp\/v2\/tags?post=409491"}],"curies":[{"name":"wp","href":"https:\/\/api.w.org\/{rel}","templated":true}]}}