{"id":409174,"date":"2022-10-20T10:24:44","date_gmt":"2022-10-20T10:24:44","guid":{"rendered":"https:\/\/dimensionturistica.com\/es\/?p=409174"},"modified":"2022-10-20T10:24:44","modified_gmt":"2022-10-20T10:24:44","slug":"viajes-national-geographic-272","status":"publish","type":"post","link":"https:\/\/dimensionturistica.com\/es\/viajes-national-geographic-272\/","title":{"rendered":"Viajes National Geographic 272"},"content":{"rendered":"<p> <br \/>\n<\/p>\n<div id=\"article-text\">\n<div class=\"txt\">\n<aside class=\"subscription-highlighted\">\n<div class=\"subscription-container\">\n<div class=\"non-subscribed\">\n<p class=\"description\">Somos de rutas, no de rutinas. Descubre Viajes Nationwide Geographic<\/p>\n<p><a rel=\"nofollow noopener\" target=\"_blank\" href=\"https:\/\/tienda.rba.es\/revistas\/viajes-national-geographic?rba_source=viajes.nationalgeographic.com.es&amp;rba_medium=referral&amp;rba_campaign=NGMV&amp;rba_content=frase-articulo\" class=\"more-link\">SABER M\u00c1S<\/a><\/div>\n<\/div>\n<\/aside>\n<p style=\"display: none;\"><img decoding=\"async\" id=\"ctl01_ctl00_phMain_phMain_ctl00_ctl03_ctl14_ctl01_imgContent\" src=\"https:\/\/news.google.com\/medio\/2022\/10\/17\/edicion-impresa-272_1a600fdd_800x800.jpg\" alt=\"Edici\u00f3n Impresa 272\" style=\"border-width:0px;\"\/><\/p>\n<aside class=\"add300x250 publi-interior-top ad-container-r1 ad-inline\"\/>\n<h2>Grandes Viajes<\/h2>\n<h3>C\u00f3rdoba<\/h3>\n<p>La Mezquita-Catedral es el eje de una visita para perderse sin rumbo y descubrir sus patios, las calles de la Juder\u00eda y plazas llenas de vida.<br \/>Texto: <a rel=\"nofollow noopener\" target=\"_blank\" href=\"https:\/\/viajes.nationalgeographic.com.es\/autores\/jose-alejandro-adamuz_1243\"><b>Jos\u00e9 Alejandro Adamuz<\/b><\/a><\/p>\n<h3>Burdeos<\/h3>\n<p>El nombre de esta ciudad francesa es sin\u00f3nimo de vino, de arquitectura grandiosa y de buen vivir. Oto\u00f1o es un buen momento para disfrutarla.<br \/>Texto: <b>Marta Monedero<\/b><\/p>\n<h3>Tur\u00edn<\/h3>\n<p>La capital del Piamonte, al pie de los Alpes, es un enorme cofre de tesoros art\u00edsticos, desde palacios a iglesias y jardines encantadores.<br \/>Texto: <b>Amaranta Sbardella<\/b><\/p>\n<h3>T\u00fanez<\/h3>\n<p>De los oasis del sur hasta el anfiteatro de El Djem y la isla de Djerba, este pa\u00eds fascina con sus enclaves hist\u00f3ricos y escenarios de cine.<br \/>Texto: <strong>Emma Lira<\/strong><\/p>\n<h3>Tailandia<\/h3>\n<p>Bangkok es el origen de un viaje que se dirige hacia el sur para disfrutar de las playas e islas del mar de Andam\u00e1n y del golfo de Siam.<br \/>Texto: <b>M\u00edriam M\u00e1rquez<\/b><\/p>\n<h3>Australia<\/h3>\n<p>Este gran viaje desde S\u00eddney rumbo norte bordea las playas m\u00e1s hermosas de la isla-continente y culmina explorando la Gran Barrera de Coral.<br \/>Texto: <strong>Jos\u00e9 Luis de Juan<\/strong><\/p>\n<h2>Escapadas<\/h2>\n<h3>Costa del Azahar<\/h3>\n<p>Una ruta desde Castell\u00f3n y su casco medieval por un litoral de playas de area y calas secretas hasta la sierra de Irta y la monumental Pe\u00f1\u00edscola.<br \/>Texto: <strong>Mar Hern\u00e1ndez Bernab\u00e9u<\/strong><\/p>\n<h3>Ausserland, Austria<\/h3>\n<p>El coraz\u00f3n geogr\u00e1fico de Austria es un enclave de lagos, monta\u00f1as nevadas y pueblos balnearios perfectos para disfrutar de unos Alpes de postal.<br \/>Texto: <a rel=\"nofollow noopener\" target=\"_blank\" href=\"https:\/\/viajes.nationalgeographic.com.es\/autores\/sandra-martin_1259\"><strong>Sandra Mart\u00edn<\/strong><\/a><\/p>\n<h4>A la venta en kioscos, librer\u00edas, tiendas de confianza y, tambi\u00e9n en <a rel=\"nofollow noopener\" target=\"_blank\" href=\"https:\/\/www.amazon.es\/dp\/B0BJV3KQGP?ref_=ast_sto_dp\">Amazon<\/a>.<\/h4>\n<aside class=\"add300x600 publi-interior-bot ad-inline ad-container-r2\"\/><\/div>\n<p><!-- START: tags-rel  --><!-- END: tags-rel   --><br \/>\n<!-- START:toolbar --><!-- END:toolbar --><\/p>\n<aside class=\"previous-content\">&#13;<\/aside>\n<\/div>\n\n<p><em> &#8221; Fuentes news.google.com &#8221; <\/em><\/p>\n","protected":false},"excerpt":{"rendered":"<p>Somos de rutas, no de rutinas. Descubre Viajes Nationwide Geographic SABER M\u00c1S Grandes Viajes C\u00f3rdoba La Mezquita-Catedral es el eje de una visita para perderse sin rumbo y descubrir sus patios, las calles de la Juder\u00eda y plazas llenas de vida.Texto: Jos\u00e9 Alejandro Adamuz Burdeos El nombre de esta ciudad francesa es sin\u00f3nimo de vino, [&hellip;]<\/p>\n","protected":false},"author":4,"featured_media":409175,"comment_status":"open","ping_status":"closed","sticky":false,"template":"","format":"standard","meta":{"om_disable_all_campaigns":false,"jnews-multi-image_gallery":[],"jnews_single_post":[],"jnews_primary_category":[],"jnews_social_meta":[],"footnotes":""},"categories":[39],"tags":[47258,47257],"class_list":["post-409174","post","type-post","status-publish","format-standard","has-post-thumbnail","hentry","category-viajes","tag-cargado-desde-el-fichero-de-recursos","tag-keywords-por-defecto"],"_links":{"self":[{"href":"https:\/\/dimensionturistica.com\/es\/wp-json\/wp\/v2\/posts\/409174","targetHints":{"allow":["GET"]}}],"collection":[{"href":"https:\/\/dimensionturistica.com\/es\/wp-json\/wp\/v2\/posts"}],"about":[{"href":"https:\/\/dimensionturistica.com\/es\/wp-json\/wp\/v2\/types\/post"}],"author":[{"embeddable":true,"href":"https:\/\/dimensionturistica.com\/es\/wp-json\/wp\/v2\/users\/4"}],"replies":[{"embeddable":true,"href":"https:\/\/dimensionturistica.com\/es\/wp-json\/wp\/v2\/comments?post=409174"}],"version-history":[{"count":0,"href":"https:\/\/dimensionturistica.com\/es\/wp-json\/wp\/v2\/posts\/409174\/revisions"}],"wp:featuredmedia":[{"embeddable":true,"href":"https:\/\/dimensionturistica.com\/es\/wp-json\/wp\/v2\/media\/409175"}],"wp:attachment":[{"href":"https:\/\/dimensionturistica.com\/es\/wp-json\/wp\/v2\/media?parent=409174"}],"wp:term":[{"taxonomy":"category","embeddable":true,"href":"https:\/\/dimensionturistica.com\/es\/wp-json\/wp\/v2\/categories?post=409174"},{"taxonomy":"post_tag","embeddable":true,"href":"https:\/\/dimensionturistica.com\/es\/wp-json\/wp\/v2\/tags?post=409174"}],"curies":[{"name":"wp","href":"https:\/\/api.w.org\/{rel}","templated":true}]}}