{"id":409085,"date":"2022-10-20T08:21:22","date_gmt":"2022-10-20T08:21:22","guid":{"rendered":"https:\/\/dimensionturistica.com\/es\/?p=409085"},"modified":"2022-10-20T08:21:23","modified_gmt":"2022-10-20T08:21:23","slug":"visita-de-energia-federal-en-medio-de-apagones-agencias","status":"publish","type":"post","link":"https:\/\/dimensionturistica.com\/es\/visita-de-energia-federal-en-medio-de-apagones-agencias\/","title":{"rendered":"Visita de Energ\u00eda federal en medio de apagones | Agencias"},"content":{"rendered":"<p> <br \/>\n<\/p>\n<div id=\"article-body\" itemprop=\"articleBody\">\n                                <meta itemprop=\"isAccessibleForFree\" content=\"true\"\/><\/p>\n<p>A dos semanas del viaje del presidente estadounidense Joe Biden a la Isla, y de que se anunciara una mayor intervenci\u00f3n de su gobierno para agilizar la recuperaci\u00f3n energ\u00e9tica, la secretaria del Departamento de Energ\u00eda federal (DOE), Jennifer Granholm, llegar\u00e1 hoy a Puerto Rico para empezar a concretar la misi\u00f3n que le fue encomendada.<\/p>\n<p>La informaci\u00f3n fue confirmada por la comisionada residente Jenniffer Gonz\u00e1lez, quien logr\u00f3 reunirse ayer con Granholm para ofrecerle una actualizaci\u00f3n sobre la situaci\u00f3n energ\u00e9tica en Puerto Rico. Esto tras recibir un reporte de figuras y agencias locales sobre el desembolso de fondos federales asignados para la reconstrucci\u00f3n de la purple el\u00e9ctrica.<\/p>\n<p>La visita de la funcionaria surge en momentos en que distintas partes de la Isla experimentan apagones por deficiencias en la generaci\u00f3n de energ\u00eda.<\/p>\n<p>En un comunicado de prensa, la comisionada enfatiz\u00f3 que uno de los asuntos que present\u00f3 es la necesidad de llegar a un consenso con las principales agencias federales para encaminar los trabajos en una sola direcci\u00f3n, y enfocarse en c\u00f3mo lograr que LUMA Power y la Autoridad de Energ\u00eda El\u00e9ctrica (AEE) cumplan con sus responsabilidades en los planes de reconstrucci\u00f3n, y as\u00ed minimizar la burocracia que atrasa el proceso.<\/p>\n<p>Se\u00f1al\u00f3 que actualmente la AEE y LUMA tienen requisitos y visiones distintos sobre la reconstrucci\u00f3n del sistema. \u201cComo ejemplo, se habl\u00f3 sobre los mismos estudios en curso dentro de DOE sobre la implementaci\u00f3n o sustituci\u00f3n a energ\u00eda renovable y qu\u00e9 tecnolog\u00edas ser\u00e1n implementadas como v\u00eda para lograr esto\u201d, afirm\u00f3 Gonz\u00e1lez.<\/p>\n<p>La comisionada reiter\u00f3 su respaldo a esta iniciativa que cuenta con estudios que se\u00f1alan que la Isla puede transicionar 100% a fuentes renovables. \u201cSe discuti\u00f3 el considerar tecnolog\u00edas transicionales para cubrir la demanda, especialmente de las industrias, en las que por ejemplo el gas natural pueda ser un componente principal, sin por eso detener el movimiento hacia renovables\u201d, detall\u00f3.<\/p>\n<p>Seg\u00fan Gonz\u00e1lez, la secretaria de Energ\u00eda federal dijo que no se debe perder de foco que el proceso de reconstrucci\u00f3n del sistema tiene que ser expedito para que se vean resultados. La funcionaria federal, seg\u00fan la comisionada, tambi\u00e9n estuvo de acuerdo con que una pol\u00edtica p\u00fablica coherente sobre c\u00f3mo realizar la reconstrucci\u00f3n energ\u00e9tica permitir\u00eda el reclamar los ajustes necesarios en las agencias que proveen los fondos para agilizar el proceso y hacer uso de los mismos antes que vayan a perderse.<\/p>\n<p>Esto luego de que Gonz\u00e1lez le indicara a Granholm que tanto LUMA como la AEE han planteado, reiteradamente, su queja en cuanto al proceso de obtener los fondos y el mecanismo de reembolso, por no contar con el capital en caja para comprar equipos o servicios primero y reclamar despu\u00e9s, dada la gran inversi\u00f3n billonaria que esto representa.<\/p>\n<p>Ayer <strong>EL VOCERO<\/strong> pidi\u00f3 al DOE el calendario sobre la visita de Granholm, pero no se recibi\u00f3 respuesta. Sin embargo, ayer mismo se supo que la secretaria federal tambi\u00e9n se reuni\u00f3 en Washington con el alcalde de Villalba, Javier Hern\u00e1ndez, el alcalde de Orocovis, Jes\u00fas \u201cGardy\u201d Col\u00f3n y el presidente de la C\u00e1mara de Comercio de Puerto Rico, Cameron McKenzie.<\/p>\n<p><strong>Acogen pedido de Pierluisi<\/strong><\/p>\n<p>El gobernador Pedro Pierluisi inform\u00f3 ayer que la Agencia Federal para el Manejo de Emergencias (FEMA), bajo la autorizaci\u00f3n de Biden, acogi\u00f3 su solicitud de apoyar los esfuerzos de estabilizaci\u00f3n del sistema de energ\u00eda el\u00e9ctrica, particularmente en la generaci\u00f3n de energ\u00eda, tras los da\u00f1os ocasionados por el hurac\u00e1n Fiona.<\/p>\n<p>Para brindar apoyo a la Isla, FEMA asign\u00f3 al Cuerpo de Ingenieros del Ej\u00e9rcito de los Estados Unidos (Usace), al DOE y a la Agencia de Protecci\u00f3n Ambiental (EPA) a realizar evaluaciones adicionales, espec\u00edficamente de la infraestructura cr\u00edtica de Puerto Rico para lograr la estabilizaci\u00f3n inmediata del sistema el\u00e9ctrico.<\/p>\n<p>\u201cEl hurac\u00e1n Fiona caus\u00f3 nuevos da\u00f1os en nuestro sistema energ\u00e9tico, principalmente en las plantas de generaci\u00f3n. Ante este escenario le curs\u00e9 una petici\u00f3n a FEMA para que brindara el apoyo necesario a la AEE y a LUMA. Agradezco a la administraci\u00f3n Biden porque una vez m\u00e1s se han hecho disponibles para colaborar con el gobierno de Puerto Rico, en beneficio de nuestro pueblo\u201d, sostuvo el gobernador Pierluisi.<\/p>\n<p>El gobernador design\u00f3 al secretario auxiliar de la gobernaci\u00f3n para asuntos energ\u00e9ticos, Francisco Berr\u00edos Portela, para liderar este esfuerzo. Berr\u00edos Portela se asegurar\u00e1 de que la AEE y LUMA permitan el acceso de FEMA, Usace, DOE y la EPA a toda la informaci\u00f3n y a las instalaciones para que se tomen medidas de estabilizaci\u00f3n eficientes y efectivas.<\/p>\n<p>Adem\u00e1s, Berr\u00edos Portela trabajar\u00e1 en colaboraci\u00f3n con el director ejecutivo de COR3, Manuel Laboy y con el secretario del Departamento de Seguridad P\u00fablica, Alexis Torres, para mantener un esfuerzo unificado en la estabilizaci\u00f3n del sistema el\u00e9ctrico.<\/p>\n<p><strong>\u201cElla est\u00e1 sumamente optimista\u201d<\/strong><\/p>\n<p>En entrevista con este medio, McKenzie coment\u00f3 que la secretaria federal \u201cest\u00e1 sumamente optimista con tratar de forzar y ejercer un cambio para lograr que se invierta el dinero federal otorgado para reconstruir la red\u201d. \u201cPudimos demostrarle que para el sector privado y para el Pa\u00eds en general es indispensable que se resuelva esa situaci\u00f3n (en alusi\u00f3n al problema energ\u00e9tico) para que se pueda seguir ejecutando\u201d, agreg\u00f3.<\/p>\n<p>Como ventaja, McKenzie identific\u00f3 el hecho de que Granholm fue gobernadora de Michigan, por lo que cuenta con la experiencia pol\u00edtica y la din\u00e1mica de trabajar con fondos federales y agilizar los procesos.<\/p>\n<p>\u201cPor eso vinimos ac\u00e1. Quer\u00edamos que nuestra voz fuese escuchada de primera mano y quedamos encantados con la reuni\u00f3n. Inclusive, dejamos la puerta abierta para poder regresar y llevar nuestras preocupaciones. Ella entendi\u00f3 todos los puntos que planteamos\u201d, sostuvo McKenzie.<\/p>\n<p>Entre los puntos principales presentados figuraron: la limitaci\u00f3n que le representa al sector privado el poder competir a nivel internacional ante las deficiencias energ\u00e9ticas; la necesidad de que la AEE y LUMA trabajen en conjunto, y que el 33% de los impuestos del gobierno salen del sector de la manufactura, la cual tambi\u00e9n est\u00e1 siendo impactado negativamente por la situaci\u00f3n energ\u00e9tica del Pa\u00eds.<\/p>\n<p>\u201cLe planteamos el temor de que el sector manufacturero pueda optar por irse del Pa\u00eds, ante los problemas de la luz y nos deje un hueco enorme en nuestras finanzas\u201d, subray\u00f3 el presidente.<\/p>\n<p>El ejecutivo tambi\u00e9n reconoci\u00f3 que Granholm le indic\u00f3 que le preocupaba que no se utilizara ese dinero (en alusi\u00f3n a los fondos federales) con mayor prontitud, aceptando que si no se utilizan se tendr\u00edan que regresar, y ya ser\u00eda muy dif\u00edcil que se asignaran nuevamente a la Isla.<\/p>\n<div id=\"tncms-region-article_bottom_content\" class=\"tncms-region hidden-print\">\n<div id=\"tncms-block-1281565\" class=\"tncms-block\">\n<div class=\"visible-xs visible-sm\">\n<p style=\"font-style:italic\">Recibe m\u00e1s informaci\u00f3n sobre esta y otras noticias. Pulsa aqu\u00ed si eres usuario de <a rel=\"nofollow noopener\" target=\"_blank\" href=\"https:\/\/play.google.com\/store\/apps\/details?id=hr.apps.n207032405&amp;hl=en&amp;gl=US\">Android<\/a> o de <a rel=\"nofollow noopener\" target=\"_blank\" href=\"https:\/\/apps.apple.com\/us\/app\/el-vocero-de-puerto-rico\/id569268626\">iPhone<\/a>.<\/p>\n<\/div>\n<\/div>\n<\/div><\/div>\n<p><script>\n!function(f,b,e,v,n,t,s)\n{if(f.fbq)return;n=f.fbq=function(){n.callMethod?\nn.callMethod.apply(n,arguments):n.queue.push(arguments)};\nif(!f._fbq)f._fbq=n;n.push=n;n.loaded=!0;n.version='2.0';\nn.queue=[];t=b.createElement(e);t.async=!0;\nt.src=v;s=b.getElementsByTagName(e)[0];\ns.parentNode.insertBefore(t,s)}(window, document,'script',\n'https:\/\/connect.facebook.net\/en_US\/fbevents.js');\nfbq('init', '1815340891988198');\nfbq('track', 'PageView');\n<\/script><br \/>\n<br \/><\/p>\n<p><em> &#8221; Fuentes news.google.com &#8221; <\/em><\/p>\n","protected":false},"excerpt":{"rendered":"<p>A dos semanas del viaje del presidente estadounidense Joe Biden a la Isla, y de que se anunciara una mayor intervenci\u00f3n de su gobierno para agilizar la recuperaci\u00f3n energ\u00e9tica, la secretaria del Departamento de Energ\u00eda federal (DOE), Jennifer Granholm, llegar\u00e1 hoy a Puerto Rico para empezar a concretar la misi\u00f3n que le fue encomendada. La [&hellip;]<\/p>\n","protected":false},"author":4,"featured_media":409086,"comment_status":"open","ping_status":"closed","sticky":false,"template":"","format":"standard","meta":{"om_disable_all_campaigns":false,"jnews-multi-image_gallery":[],"jnews_single_post":[],"jnews_primary_category":[],"jnews_social_meta":[],"footnotes":""},"categories":[40],"tags":[1161],"class_list":["post-409085","post","type-post","status-publish","format-standard","has-post-thumbnail","hentry","category-industria","tag-agencias"],"_links":{"self":[{"href":"https:\/\/dimensionturistica.com\/es\/wp-json\/wp\/v2\/posts\/409085","targetHints":{"allow":["GET"]}}],"collection":[{"href":"https:\/\/dimensionturistica.com\/es\/wp-json\/wp\/v2\/posts"}],"about":[{"href":"https:\/\/dimensionturistica.com\/es\/wp-json\/wp\/v2\/types\/post"}],"author":[{"embeddable":true,"href":"https:\/\/dimensionturistica.com\/es\/wp-json\/wp\/v2\/users\/4"}],"replies":[{"embeddable":true,"href":"https:\/\/dimensionturistica.com\/es\/wp-json\/wp\/v2\/comments?post=409085"}],"version-history":[{"count":0,"href":"https:\/\/dimensionturistica.com\/es\/wp-json\/wp\/v2\/posts\/409085\/revisions"}],"wp:featuredmedia":[{"embeddable":true,"href":"https:\/\/dimensionturistica.com\/es\/wp-json\/wp\/v2\/media\/409086"}],"wp:attachment":[{"href":"https:\/\/dimensionturistica.com\/es\/wp-json\/wp\/v2\/media?parent=409085"}],"wp:term":[{"taxonomy":"category","embeddable":true,"href":"https:\/\/dimensionturistica.com\/es\/wp-json\/wp\/v2\/categories?post=409085"},{"taxonomy":"post_tag","embeddable":true,"href":"https:\/\/dimensionturistica.com\/es\/wp-json\/wp\/v2\/tags?post=409085"}],"curies":[{"name":"wp","href":"https:\/\/api.w.org\/{rel}","templated":true}]}}