{"id":409054,"date":"2022-10-20T07:10:57","date_gmt":"2022-10-20T07:10:57","guid":{"rendered":"https:\/\/dimensionturistica.com\/es\/?p=409054"},"modified":"2022-10-20T07:10:57","modified_gmt":"2022-10-20T07:10:57","slug":"un-viaje-entre-bosques-magicos-en-clave-sostenible","status":"publish","type":"post","link":"https:\/\/dimensionturistica.com\/es\/un-viaje-entre-bosques-magicos-en-clave-sostenible\/","title":{"rendered":"un viaje entre bosques m\u00e1gicos en clave sostenible"},"content":{"rendered":"<p> <br \/>\n<\/p>\n<div id=\"article-sumary\">\n<div class=\"article-txt ad-mobile-top\">\n<p>Llega el oto\u00f1o, los d\u00edas se acortan y se hacen m\u00e1s frescos, el paisaje se ti\u00f1e de tonos ocres, dorados, rojos y naranjas y los atardeceres tienen una luz muy especial. Si hay un territorio donde vivir este momento intensamente es <a rel=\"nofollow noopener\" target=\"_blank\" href=\"https:\/\/www.visitnavarra.es\/es\/cuando-viajas\/otono?utm_source=Native&amp;utm_medium=Branded&amp;utm_campaign=Otono_ViajesNGeo\">Navarra<\/a>, ya que este momento del a\u00f1o es seguramente cuando el paisaje est\u00e1 en su momento m\u00e1s espectacular. Perderse por sus bosques, conocer pueblos bonitos y sus historias, probar las delicias de temporada, como las setas, las pochas y los pimientos y, en definitiva, deleitarse con la magia de esta estaci\u00f3n en un entorno rural marcado por la naturaleza. Un fant\u00e1stico plan al que hay que sumarle un plus: visitar estos rincones <a rel=\"nofollow noopener\" target=\"_blank\" href=\"https:\/\/www.visitnavarra.es\/es\/la-otra-huella\">en modo\u00a0<em>slow,\u00a0<\/em><\/a>conociendo sus pueblos, conversando con sus habitantes y disfrutando de su artesan\u00eda. Decenas de est\u00edmulos con muy pocas emisiones. \u00bfQui\u00e9n da m\u00e1s?<\/p>\n<\/div>\n<\/div>\n\n<p><em> &#8221; Fuentes news.google.com &#8221; <\/em><\/p>\n","protected":false},"excerpt":{"rendered":"<p>Llega el oto\u00f1o, los d\u00edas se acortan y se hacen m\u00e1s frescos, el paisaje se ti\u00f1e de tonos ocres, dorados, rojos y naranjas y los atardeceres tienen una luz muy especial. Si hay un territorio donde vivir este momento intensamente es Navarra, ya que este momento del a\u00f1o es seguramente cuando el paisaje est\u00e1 en [&hellip;]<\/p>\n","protected":false},"author":4,"featured_media":409055,"comment_status":"open","ping_status":"closed","sticky":false,"template":"","format":"standard","meta":{"om_disable_all_campaigns":false,"jnews-multi-image_gallery":[],"jnews_single_post":[],"jnews_primary_category":[],"jnews_social_meta":[],"footnotes":""},"categories":[39],"tags":[47258,47257],"class_list":["post-409054","post","type-post","status-publish","format-standard","has-post-thumbnail","hentry","category-viajes","tag-cargado-desde-el-fichero-de-recursos","tag-keywords-por-defecto"],"_links":{"self":[{"href":"https:\/\/dimensionturistica.com\/es\/wp-json\/wp\/v2\/posts\/409054","targetHints":{"allow":["GET"]}}],"collection":[{"href":"https:\/\/dimensionturistica.com\/es\/wp-json\/wp\/v2\/posts"}],"about":[{"href":"https:\/\/dimensionturistica.com\/es\/wp-json\/wp\/v2\/types\/post"}],"author":[{"embeddable":true,"href":"https:\/\/dimensionturistica.com\/es\/wp-json\/wp\/v2\/users\/4"}],"replies":[{"embeddable":true,"href":"https:\/\/dimensionturistica.com\/es\/wp-json\/wp\/v2\/comments?post=409054"}],"version-history":[{"count":0,"href":"https:\/\/dimensionturistica.com\/es\/wp-json\/wp\/v2\/posts\/409054\/revisions"}],"wp:featuredmedia":[{"embeddable":true,"href":"https:\/\/dimensionturistica.com\/es\/wp-json\/wp\/v2\/media\/409055"}],"wp:attachment":[{"href":"https:\/\/dimensionturistica.com\/es\/wp-json\/wp\/v2\/media?parent=409054"}],"wp:term":[{"taxonomy":"category","embeddable":true,"href":"https:\/\/dimensionturistica.com\/es\/wp-json\/wp\/v2\/categories?post=409054"},{"taxonomy":"post_tag","embeddable":true,"href":"https:\/\/dimensionturistica.com\/es\/wp-json\/wp\/v2\/tags?post=409054"}],"curies":[{"name":"wp","href":"https:\/\/api.w.org\/{rel}","templated":true}]}}