{"id":409013,"date":"2022-10-20T05:50:00","date_gmt":"2022-10-20T05:50:00","guid":{"rendered":"https:\/\/dimensionturistica.com\/es\/?p=409013"},"modified":"2022-10-20T05:50:00","modified_gmt":"2022-10-20T05:50:00","slug":"descubre-los-mejores-destinos-europeos-para-viajar-este-verano-2","status":"publish","type":"post","link":"https:\/\/dimensionturistica.com\/es\/descubre-los-mejores-destinos-europeos-para-viajar-este-verano-2\/","title":{"rendered":"Descubre los mejores destinos europeos para viajar este verano"},"content":{"rendered":"<p> <br \/>\n<\/p>\n<div data-voc-component=\"voc-d\">\n<section class=\"voc-author\">\n<div class=\"voc-author__item voc-author__item--2\">\n<div class=\"voc-author__container\">\n<div class=\"voc-author__subitem voc-author__subitem--1\">\n<p class=\"voc-author__date\">\n26\/05\/2022  <\/p>\n<p><time datetime=\"2022-06-06T16:31:28Z\" class=\"voc-author__time\"><br \/>\nActualizado 06\/06\/2022 a las 18:31h.<br \/>\n<\/time>\n<\/div>\n<\/div>\n<\/div>\n<\/section>\n<p class=\"voc-p\">El mes de mayo es el momento que todos solemos escoger para preparar las<strong>  vacaciones de verano <\/strong>. Llega el momento de buscar <a rel=\"nofollow noopener\" target=\"_blank\" href=\"https:\/\/descuentos.abc.es\/codigo-descuento-vueling\" data-voc-vtm-id=\"in-text-traffic\" title=\" un c\u00f3digo descuento Vueling  \"> un c\u00f3digo descuento Vueling  <\/a>para lograr vuelos m\u00e1s baratos y elegir el destino para el <strong> viaje del verano <\/strong> que llegar\u00e1 en julio o agosto.<\/p>\n<p class=\"voc-p\">La votaci\u00f3n que hace el portal <strong> European Greatest Locations <\/strong> lo pone m\u00e1s f\u00e1cil porque permite conocer las preferencias de un buen n\u00famero de viajeros que han recorrido distintos puntos de Europa y que han elegido los mejores destinos. De entre este grupo de elegidos, hemos seleccionado los mejores destinos de Europa para el <strong> verano 2022. <\/strong><\/p>\n<p><h3 class=\"voc-d-c__s-title\">\n\u00bfD\u00f3nde ir este verano 2022?<br \/>\n<\/h3>\n<\/p>\n<p class=\"voc-p\">Es la pregunta que nos hacemos todos y, para responderla, hay que tener muy en cuenta los gustos y preferencias de los viajeros. Por eso, hemos combinado ciudades en las que la playa es la protagonista con otras que esgrimen como atractivo su riqueza cultural o monumental.<\/p>\n<p><h3 class=\"voc-d-c__s-title\">\nMarbella<br \/>\n<\/h3>\n<\/p>\n<div class=\"voc-c-container voc-c-container--w-col-ab\">\n<div class=\"voc-article-container\">\n<div class=\"voc-article voc-article--c-photo\">\n<div class=\"voc-img-container voc-img-container--fw-xs\">\n<figure class=\"voc-img-figure \">\n<div class=\"voc-img-link\">\n<img decoding=\"async\" loading=\"lazy\" src=\"https:\/\/s3.abcstatics.com\/media\/recreo\/2022\/05\/26\/marbella-kVdC--510x349@abc.png\" class=\"voc-img lzld\" width=\"510\" height=\"349\" alt=\"Marbella es una ciudad perfecta para viajar en verano por sus playas y el ambiente de sus calles.\" data-voc-vtm-id=\"in-text-traffic\"\/>\n<\/div><figcaption class=\"voc-figcaption-container\">\n<span class=\"voc-figcaption voc-figcaption--text\"><br \/>\nMarbella es una ciudad perfecta para viajar en verano por sus playas y el ambiente de sus calles.<br \/>\n<\/span><br \/>\n<span class=\"voc-figcaption voc-figcaption--author\"><br \/>\nSimon Hermans \/ Unsplash<br \/>\n<\/span><br \/>\n<\/figcaption><\/figure>\n<\/div>\n<\/div>\n<\/div>\n<\/div>\n<p class=\"voc-p\">Marbella es uno de los mejores destinos de 2022 en la votaci\u00f3n de Greatest European Locations y el favorito de millones de personas, especialmente de muchos turistas con un elevado poder adquisitivo.Marbella se ha convertido en un lugar en el que el lujo de Puerto Ban\u00fas y los restaurantes con estrellas Michelin se funden con los bares de pueblo y el sabor m\u00e1s aut\u00e9ntico de la Costa del Sol y sus fant\u00e1sticas playas. Es, sin duda, uno de los mejores destinos para el <strong> verano de 2022 en Espa\u00f1a <\/strong>.<\/p>\n<p><h3 class=\"voc-d-c__s-title\">\nViena<br \/>\n<\/h3>\n<\/p>\n<div class=\"voc-c-container voc-c-container--w-col-ab\">\n<div class=\"voc-article-container\">\n<div class=\"voc-article voc-article--c-photo\">\n<div class=\"voc-img-container voc-img-container--fw-xs\">\n<figure class=\"voc-img-figure \">\n<div class=\"voc-img-link\">\n<img decoding=\"async\" loading=\"lazy\" src=\"https:\/\/s2.abcstatics.com\/media\/recreo\/2022\/05\/26\/viena-kVdC--510x349@abc.png\" class=\"voc-img lzld\" width=\"510\" height=\"349\" alt=\"El Teatro de la \u00d3pera de Viena es uno de los grandes iconos de la ciudad.\" data-voc-vtm-id=\"in-text-traffic\"\/>\n<\/div><figcaption class=\"voc-figcaption-container\">\n<span class=\"voc-figcaption voc-figcaption--text\"><br \/>\nEl Teatro de la \u00d3pera de Viena es uno de los grandes iconos de la ciudad.<br \/>\n<\/span><br \/>\n<span class=\"voc-figcaption voc-figcaption--author\"><br \/>\nDimitry Anikin \/ Unsplash<br \/>\n<\/span><br \/>\n<\/figcaption><\/figure>\n<\/div>\n<\/div>\n<\/div>\n<\/div>\n<p class=\"voc-p\">Viena ha sabido mantener el esplendor de su pasado imperial e integrarlo en una ciudad moderna y con una actividad cultural apabullante. Los palacios de Hofburg, <strong> Sch\u00f6nbrunn <\/strong> y Belvedere, la Biblioteca Nacional de Austria, El Ayuntamiento, la \u00d3pera\u2026 en Viena hay un monumento casi en cada esquina. Pero tambi\u00e9n hay tarta Sacher, filetes Shnitzel, una gran selecci\u00f3n de cervezas y una gastronom\u00eda por descubrir.<\/p>\n<p class=\"voc-p\">El parque de atracciones del <strong> Prater <\/strong> y un paseo en barco por el Danubio no pueden faltar en tu visita a la capital austriaca.<\/p>\n<p><h3 class=\"voc-d-c__s-title\">\nAtenas<br \/>\n<\/h3>\n<\/p>\n<div class=\"voc-c-container voc-c-container--w-col-ab\">\n<div class=\"voc-article-container\">\n<div class=\"voc-article voc-article--c-photo\">\n<div class=\"voc-img-container voc-img-container--fw-xs\">\n<figure class=\"voc-img-figure \">\n<div class=\"voc-img-link\">\n<img decoding=\"async\" loading=\"lazy\" src=\"https:\/\/s2.abcstatics.com\/media\/recreo\/2022\/05\/26\/Clipboard-kVdC--510x349@abc.png\" class=\"voc-img lzld\" width=\"510\" height=\"349\" alt=\"Atenas es una ciudad con una actividad incesante y un rico patrimonio hist\u00f3rico.\" data-voc-vtm-id=\"in-text-traffic\"\/>\n<\/div><figcaption class=\"voc-figcaption-container\">\n<span class=\"voc-figcaption voc-figcaption--text\"><br \/>\nAtenas es una ciudad con una actividad incesante y un rico patrimonio hist\u00f3rico.<br \/>\n<\/span><br \/>\n<span class=\"voc-figcaption voc-figcaption--author\"><br \/>\nDavid Tip \/ Unsplash<br \/>\n<\/span><br \/>\n<\/figcaption><\/figure>\n<\/div>\n<\/div>\n<\/div>\n<\/div>\n<p class=\"voc-p\">Bulliciosa, sorprendente, con una interesante <strong> vida nocturna <\/strong>, una gran <strong> riqueza arqueol\u00f3gica <\/strong> representada sobre todo por la Acr\u00f3polis y la playa a un paso, Atenas es uno de los mejores destinos para el verano 2022. La gastronom\u00eda y la posibilidad de completar el viaje con uno o varios d\u00edas en islas com Santorini o Mykonos completan el atractivo de la capital griega.<\/p>\n<p><h3 class=\"voc-d-c__s-title\">\nPraga<br \/>\n<\/h3>\n<\/p>\n<div class=\"voc-c-container voc-c-container--w-col-ab\">\n<div class=\"voc-article-container\">\n<div class=\"voc-article voc-article--c-photo\">\n<div class=\"voc-img-container voc-img-container--fw-xs\">\n<figure class=\"voc-img-figure \">\n<div class=\"voc-img-link\">\n<img decoding=\"async\" loading=\"lazy\" src=\"https:\/\/s3.abcstatics.com\/media\/recreo\/2022\/05\/26\/Clipboard-0006-kVdC--510x349@abc.png\" class=\"voc-img lzld\" width=\"510\" height=\"349\" alt=\"El Puente de Carlos es uno de los lugares m\u00e1s emblem\u00e1ticos de Praga.\" data-voc-vtm-id=\"in-text-traffic\"\/>\n<\/div><figcaption class=\"voc-figcaption-container\">\n<span class=\"voc-figcaption voc-figcaption--text\"><br \/>\nEl Puente de Carlos es uno de los lugares m\u00e1s emblem\u00e1ticos de Praga.<br \/>\n<\/span><br \/>\n<span class=\"voc-figcaption voc-figcaption--author\"><br \/>\nMartin Krchnacek \/ Unsplash<br \/>\n<\/span><br \/>\n<\/figcaption><\/figure>\n<\/div>\n<\/div>\n<\/div>\n<\/div>\n<p class=\"voc-p\">La capital checa sigue siendo una de las m\u00e1s visitadas de Europa por el encanto de sus barrios tradicionales como Mala Strana y por atractivos como el complejo del Castillo, el Ayuntamiento con el <strong> reloj astron\u00f3mico <\/strong> o el imprescindible Puente de Carlos.<\/p>\n<p class=\"voc-p\">En verano no hay que perderse las vistas desde Vysehrad y refrescarse con alguna de las reconocidas cervezas checas. No te saldr\u00e1 por mucho porque Praga es uno de los mejores destinos de Europa baratos en 2022.<\/p>\n<p><h3 class=\"voc-d-c__s-title\">\nCreta<br \/>\n<\/h3>\n<\/p>\n<div class=\"voc-c-container voc-c-container--w-col-ab\">\n<div class=\"voc-article-container\">\n<div class=\"voc-article voc-article--c-photo\">\n<div class=\"voc-img-container voc-img-container--fw-xs\">\n<figure class=\"voc-img-figure \">\n<div class=\"voc-img-link\">\n<img decoding=\"async\" loading=\"lazy\" src=\"https:\/\/s2.abcstatics.com\/media\/recreo\/2022\/05\/26\/creta-kVdC--510x349@abc.png\" class=\"voc-img lzld\" width=\"510\" height=\"349\" alt=\"Las playas son uno de los grandes atractivos tur\u00edsticos de Creta\" data-voc-vtm-id=\"in-text-traffic\"\/>\n<\/div><figcaption class=\"voc-figcaption-container\">\n<span class=\"voc-figcaption voc-figcaption--text\"><br \/>\nLas playas son uno de los grandes atractivos tur\u00edsticos de Creta<br \/>\n<\/span><br \/>\n<span class=\"voc-figcaption voc-figcaption--author\"><br \/>\nEvangelos Mpikakis \/ Unsplash<br \/>\n<\/span><br \/>\n<\/figcaption><\/figure>\n<\/div>\n<\/div>\n<\/div>\n<\/div>\n<p class=\"voc-p\">Creta es uno de los mejores destinos para viajar en verano. Con <strong> playas <\/strong> tan espectaculares como la <strong> Laguna de Balos <\/strong> es un destino perfecto para disfrutar del mar y el calor.<\/p>\n<p class=\"voc-p\">Pero la isla griega ofrece mucho m\u00e1s como los restos del<strong>  Palacio de Cnosos <\/strong>, clave para entender la cultura minoica que precedi\u00f3 a la griega y una rica gastronom\u00eda que no hay que perderse. Si quieres descubrir nuevos destinos en los que descansar en la playa y divertirte, Creta es una buena opci\u00f3n.<\/p>\n<p><h3 class=\"voc-d-c__s-title\">\nEstambul<br \/>\n<\/h3>\n<\/p>\n<div class=\"voc-c-container voc-c-container--w-col-ab\">\n<div class=\"voc-article-container\">\n<div class=\"voc-article voc-article--c-photo\">\n<div class=\"voc-img-container voc-img-container--fw-xs\">\n<figure class=\"voc-img-figure \">\n<div class=\"voc-img-link\">\n<img decoding=\"async\" loading=\"lazy\" src=\"https:\/\/s2.abcstatics.com\/media\/recreo\/2022\/05\/26\/Clipboard-0008-kVdC--510x349@abc.png\" class=\"voc-img lzld\" width=\"510\" height=\"349\" alt=\"Estambul es una ciudad con una gran importancia hist\u00f3rica de la que quedan muchos vestigios\" data-voc-vtm-id=\"in-text-traffic\"\/>\n<\/div><figcaption class=\"voc-figcaption-container\">\n<span class=\"voc-figcaption voc-figcaption--text\"><br \/>\nEstambul es una ciudad con una gran importancia hist\u00f3rica de la que quedan muchos vestigios<br \/>\n<\/span><br \/>\n<span class=\"voc-figcaption voc-figcaption--author\"><br \/>\nLewis J Goetz \/ Unsplash<br \/>\n<\/span><br \/>\n<\/figcaption><\/figure>\n<\/div>\n<\/div>\n<\/div>\n<\/div>\n<p class=\"voc-p\">En Estambul se pueden admirar grandes joyas hist\u00f3ricas y arquitect\u00f3nicas como <strong> Santa Sof\u00eda <\/strong> o la Mezquita Azul, pero lo m\u00e1s interesante es perderse por sus barrios, como Balat; y mercados y, sobre todo, por el <strong> Gran Bazar <\/strong> o el Bazar de las Especias para disfrutar de sus tiendas.<\/p>\n<p class=\"voc-p\">M\u00e1s all\u00e1 del consabido kebab, la gastronom\u00eda turca es capaz de sorprender al viajero m\u00e1s exigente y, a apenas unos kil\u00f3metros, se pueden encontrar playas espectaculares. <\/p>\n<p class=\"voc-p\">Ya no hay excusas para quedarse en casa este verano. Solo hay que elegir el destino que prefieras y empezar a disfrutar de nuevo este verano de los lugares m\u00e1s atractivos de Europa.<\/p>\n<section class=\"voc-btn__container voc-btn__container--s-between\">\n<p><button data-target=\"open-report-error\" data-voc-component=\"modal-open\" class=\"voc-btn voc-btn--g report-error__btn\" data-voc-open-report-error=\"\"><br \/>\nReportar un error<br \/>\n<\/button><br \/>\n<!-- MODAL OPEN COMMENTS NO SUSCRIPTOR --><\/p>\n<\/section>\n<\/div>\n\n<p><em> &#8221; Fuentes news.google.com &#8221; <\/em><\/p>\n","protected":false},"excerpt":{"rendered":"<p>26\/05\/2022 Actualizado 06\/06\/2022 a las 18:31h. El mes de mayo es el momento que todos solemos escoger para preparar las vacaciones de verano . Llega el momento de buscar un c\u00f3digo descuento Vueling para lograr vuelos m\u00e1s baratos y elegir el destino para el viaje del verano que llegar\u00e1 en julio o agosto. La votaci\u00f3n [&hellip;]<\/p>\n","protected":false},"author":4,"featured_media":409014,"comment_status":"open","ping_status":"closed","sticky":false,"template":"","format":"standard","meta":{"om_disable_all_campaigns":false,"jnews-multi-image_gallery":[],"jnews_single_post":[],"jnews_primary_category":[],"jnews_social_meta":[],"footnotes":""},"categories":[39],"tags":[8465],"class_list":["post-409013","post","type-post","status-publish","format-standard","has-post-thumbnail","hentry","category-viajes","tag-vueling"],"_links":{"self":[{"href":"https:\/\/dimensionturistica.com\/es\/wp-json\/wp\/v2\/posts\/409013","targetHints":{"allow":["GET"]}}],"collection":[{"href":"https:\/\/dimensionturistica.com\/es\/wp-json\/wp\/v2\/posts"}],"about":[{"href":"https:\/\/dimensionturistica.com\/es\/wp-json\/wp\/v2\/types\/post"}],"author":[{"embeddable":true,"href":"https:\/\/dimensionturistica.com\/es\/wp-json\/wp\/v2\/users\/4"}],"replies":[{"embeddable":true,"href":"https:\/\/dimensionturistica.com\/es\/wp-json\/wp\/v2\/comments?post=409013"}],"version-history":[{"count":0,"href":"https:\/\/dimensionturistica.com\/es\/wp-json\/wp\/v2\/posts\/409013\/revisions"}],"wp:featuredmedia":[{"embeddable":true,"href":"https:\/\/dimensionturistica.com\/es\/wp-json\/wp\/v2\/media\/409014"}],"wp:attachment":[{"href":"https:\/\/dimensionturistica.com\/es\/wp-json\/wp\/v2\/media?parent=409013"}],"wp:term":[{"taxonomy":"category","embeddable":true,"href":"https:\/\/dimensionturistica.com\/es\/wp-json\/wp\/v2\/categories?post=409013"},{"taxonomy":"post_tag","embeddable":true,"href":"https:\/\/dimensionturistica.com\/es\/wp-json\/wp\/v2\/tags?post=409013"}],"curies":[{"name":"wp","href":"https:\/\/api.w.org\/{rel}","templated":true}]}}