{"id":409002,"date":"2022-10-20T05:33:50","date_gmt":"2022-10-20T05:33:50","guid":{"rendered":"https:\/\/dimensionturistica.com\/es\/?p=409002"},"modified":"2022-10-20T05:33:51","modified_gmt":"2022-10-20T05:33:51","slug":"buenos-aires-cuales-son-los-mejores-lugares-para-conocer-en-cualquier-epoca-del-ano-argentina-vuelos-baratos-turismo-turismo-2","status":"publish","type":"post","link":"https:\/\/dimensionturistica.com\/es\/buenos-aires-cuales-son-los-mejores-lugares-para-conocer-en-cualquier-epoca-del-ano-argentina-vuelos-baratos-turismo-turismo-2\/","title":{"rendered":"Buenos Aires: \u00bfcu\u00e1les son los mejores lugares para conocer en cualquier \u00e9poca del a\u00f1o? | Argentina | Vuelos baratos | Turismo | Turismo"},"content":{"rendered":"<p> <br \/>\n<\/p>\n<div id=\"\">\n<p class=\"\">La ciudad de <b>Buenos Aires<\/b> es uno de los destinos m\u00e1s visitados en <a rel=\"nofollow noopener\" target=\"_blank\" href=\"https:\/\/larepublica.pe\/tag\/argentina\/\"><b>Argentina<\/b>.<\/a> La variedad de su gastronom\u00eda y sus peculiares rincones tur\u00edsticos atraen a far cada mes. Seg\u00fan el Ministerio de Turismo y Deporte,<mark class=\"hl_yellow\"> solo en el invierno de 2022 m\u00e1s de un mill\u00f3n de visitantes extranjeros<\/mark> disfrutaron de sus atractivos. Si est\u00e1s pensando en viajar a este pa\u00eds, aqu\u00ed te dejamos las mejores recomendaciones para que tu experiencia sea inolvidable.<\/p>\n<aside style=\"display:block;text-align:center;margin-bottom:10px\"\/>\n<p class=\"\">Cabe indicar que este listado est\u00e1 centrado en la ciudad de Buenos Aires, as\u00ed como la ruta recomendada que puedes tomar desde otras metr\u00f3polis como Lima, que al ser un viaje de pocas horas puedes elegir un <b>vuelo low price<\/b> como el que ofrece <b>Jet Sensible<\/b>. La aerol\u00ednea ya inaugur\u00f3 su segundo destino internacional que se suma a sus tres rutas existentes desde el Per\u00fa.<\/p>\n<p><img decoding=\"async\" class=\"flourish-mdstrm-embed\" src=\"https:\/\/mdstrm.com\/embed\/63349dad1705950f27cd25c2?player=5ff34f13f89edc69bfe53d79\" height=\"150\" width=\"150\" alt=\"Lazy loaded component\"\/><\/p>\n<h2 class=\"\">Mejores lugares para conocer en Buenos Aires<\/h2>\n<p class=\"\">Buenos Aires es uno de los destinos que puedes elegir en Sudam\u00e9rica para tus vacaciones. Esta capital cuenta con centros de turismo \u00fanicos en el planeta. A continuaci\u00f3n, conoce todo lo que puedes disfrutar en pocos d\u00edas.<\/p>\n<aside style=\"display:block;text-align:center;margin-bottom:10px\"\/>\n<h2 class=\"\">Mercado de San Telmo<\/h2>\n<p class=\"\">El Mercado de San Telmo es uno de los lugares que se ubica en el casco hist\u00f3rico de la capital argentina. Con m\u00faltiples modificaciones lleva en pie de 1897. All\u00ed puedes degustar su variada gastronom\u00eda, antig\u00fcedades, vinos y mucho m\u00e1s. Est\u00e1 situado en la calle Bol\u00edvar 970.<\/p>\n<figure class=\"image-inside-body cls-mr\"><span class=\" lazy-load-image-background \" style=\"background-image:url(https:\/\/larepublica.pe\/resizer\/wHmkoycHW9ORl251WfIcQDtfLL4=\/384x216\/top\/smart\/cloudfront-us-east-1.images.arcpublishing.com\/gruporepublica\/Z3RO34J6QVGJVKXQUQCMRXJYCE.png);background-size:100% 100%;display:inline-block;width:538\"><span class=\"\" style=\"display:inline-block;width:538\"\/><\/span><figcaption>\n<p style=\"width:100%;color:#4d4d59;line-height:11.2px;font-size:11.2px;padding-top:4px;padding-bottom:4px;background-color:#eee\">El mercado San Telmo tiene m\u00e1s de un siglo funcionando. Foto: La Rep\u00fablica<\/p>\n<\/figcaption><\/figure>\n<h2 class=\"\">Caminito de Boca<\/h2>\n<p class=\"\">Argentina es la cuna de grandes futbolistas y muchos de ellos del barrio La Boca. En este sitio est\u00e1 Caminito, un recorrido multicolor que se inspir\u00f3 en el conocido tango del mismo nombre de Juan de Dios Filiberto en 1926. Esta es la raz\u00f3n por la cual es el mejor lugar para empaparse de la tradici\u00f3n argentina por excelencia.<\/p>\n<aside class=\"ads_inline-container ad-container\"\/>\n<figure class=\"image-inside-body cls-mr\"><span class=\" lazy-load-image-background \" style=\"background-image:url(https:\/\/larepublica.pe\/resizer\/wHmkoycHW9ORl251WfIcQDtfLL4=\/384x216\/top\/smart\/cloudfront-us-east-1.images.arcpublishing.com\/gruporepublica\/Z3RO34J6QVGJVKXQUQCMRXJYCE.png);background-size:100% 100%;display:inline-block;width:538\"><span class=\"\" style=\"display:inline-block;width:538\"\/><\/span><figcaption>\n<p style=\"width:100%;color:#4d4d59;line-height:11.2px;font-size:11.2px;padding-top:4px;padding-bottom:4px;background-color:#eee\">Caminito es uno de los lugares m\u00e1s visitados de Buenos Aires y se encuentra en el barrio de La Boca. Foto: La Rep\u00fablica<\/p>\n<\/figcaption><\/figure>\n<h2 class=\"\">La Poes\u00eda<\/h2>\n<p class=\"\">Una ma\u00f1ana en Buenos Aires es completa si disfrutas un desayuno en algunos de 70 emblem\u00e1ticos caf\u00e9s o bares. La Poes\u00eda es una alternativa donde podr\u00e1s comer las famosas Medialunas. Est\u00e1 situada en la calle Chile 502 en el coraz\u00f3n de San Telmo.<\/p>\n<figure class=\"image-inside-body cls-mr\"><span class=\" lazy-load-image-background \" style=\"background-image:url(https:\/\/larepublica.pe\/resizer\/wHmkoycHW9ORl251WfIcQDtfLL4=\/384x216\/top\/smart\/cloudfront-us-east-1.images.arcpublishing.com\/gruporepublica\/Z3RO34J6QVGJVKXQUQCMRXJYCE.png);background-size:100% 100%;display:inline-block;width:538\"><span class=\"\" style=\"display:inline-block;width:538\"\/><\/span><figcaption>\n<p style=\"width:100%;color:#4d4d59;line-height:11.2px;font-size:11.2px;padding-top:4px;padding-bottom:4px;background-color:#eee\">La Poes\u00eda es uno de los bares emblem\u00e1ticos de Argentina donde se reun\u00edan grandes personalidades. Foto: La Rep\u00fablica<\/p>\n<\/figcaption><\/figure>\n<h2 class=\"\">Mafalda<\/h2>\n<p class=\"\">Mafalda es un personaje recordado por millones, esta tira de prensa, que protagoniza una ni\u00f1a an\u00f3nima, fue creada por el humorista gr\u00e1fico Quino entre 1964 y 1973. Si est\u00e1s en Buenos Aires, la casa donde su creador le dio vida es un lugar imperdible. Aqu\u00ed podr\u00e1s sacarte la famosa foto junto a la estatua en tama\u00f1a actual de la ni\u00f1a m\u00e1s despierta que conocemos.<\/p>\n<aside class=\"ads_inlineTwo-container ad-container\"\/>\n<h2 class=\"\">Estadio de Boca<\/h2>\n<p class=\"\">\u00a1Vive la pasi\u00f3n argentina por el f\u00fatbol! Si est\u00e1s en la tierra de Messi tienes que ir al estadio Alberto J. Armando o simplemente \u00b4La Bombonera\u00b4 por su forma en \u201cD\u201d, que es propiedad del Membership Atl\u00e9tico Boca Juniors. Maradona lo defini\u00f3 como \u201cel templo del f\u00fatbol mundial\u201d y muchos renombrados futbolistas como Andr\u00e9s Iniesta aseguran que jugar en este campo es una experiencia \u00fanica.<\/p>\n<h2 class=\"\">Industria del Col\u00f3n<\/h2>\n<p class=\"\">Ver y reconocer a los artistas an\u00f3nimos de uno de los teatros m\u00e1s importantes del mundo es posible en el Teatro F\u00e1brica Col\u00f3n. En este lugar se presenta los escenarios completos de las obras cl\u00e1sicas que se escenifican en el Teatro Col\u00f3n. Escenograf\u00edas, trajes, pelucas, zapatos, efectos especiales y todo el trabajo de m\u00e1s de 400 personas que est\u00e1n atr\u00e1s de una obra. Puedes visitar los viernes, s\u00e1bados, domingos y feriados de 12.00 p. m. a 6.00 p. m. en Av. Pedro de Mendoza 2163, La Boca.<\/p>\n<aside class=\"ads_inlineThree-container ad-container\"\/>\n<figure class=\"image-inside-body cls-mr\"><span class=\" lazy-load-image-background \" style=\"background-image:url(https:\/\/larepublica.pe\/resizer\/wHmkoycHW9ORl251WfIcQDtfLL4=\/384x216\/top\/smart\/cloudfront-us-east-1.images.arcpublishing.com\/gruporepublica\/Z3RO34J6QVGJVKXQUQCMRXJYCE.png);background-size:100% 100%;display:inline-block;width:538\"><span class=\"\" style=\"display:inline-block;width:538\"\/><\/span><figcaption>\n<p style=\"width:100%;color:#4d4d59;line-height:11.2px;font-size:11.2px;padding-top:4px;padding-bottom:4px;background-color:#eee\">El nuevo y visitado Col\u00f3n F\u00e1brica ponen en valor el trabajo de m\u00e1s 400 personas que est\u00e1n atr\u00e1s de las obras que se presentan en el Teatro Col\u00f3n. Foto: La Rep\u00fablica<\/p>\n<\/figcaption><\/figure>\n<h2 class=\"\">Plaza de Mayo<\/h2>\n<p class=\"\">De los muchas plazuelas en Buenos Aires, la Plaza de Mayo es la m\u00e1s relevante. Es la cuna de los grandes acontecimientos que han dejado huella en la historia del pa\u00eds. Cada jueves se re\u00fanen ah\u00ed las conocidas como \u201cMadres de la Plaza de Mayo\u201d, quienes perdieron a sus hijos durante la dictadura militar. Adem\u00e1s, est\u00e1 llena de edificios emblem\u00e1ticos como el Cabildo Hist\u00f3rico, la Catedral Metropolitana, el Banco Naci\u00f3n o la famosa Casa Rosada.<\/p>\n<h2 class=\"\">Casa Rosada<\/h2>\n<p class=\"\">Situada en la Plaza de Mayo, es la sede del poder ejecutivo de la Rep\u00fablica Argentina. Es el equivalente al Palacio de Gobierno del Per\u00fa. Si quieres visitarla, tendr\u00e1s que reservar con antelaci\u00f3n en su p\u00e1gina net. As\u00ed podr\u00e1s conocer m\u00e1s acerca de su arquitectura e historia y visitar algunos de sus impresionantes salones, el Patio de las Palmeras o asomarte al balc\u00f3n que da a la Plaza de Mayo.<\/p>\n<h2 class=\"\">Obelisco<\/h2>\n<p class=\"\">En tu visita a Buenos Aires no puedes perderte su ic\u00f3nico Obelisco de 70 metros de altura. Est\u00e1 situado en la Plaza de la Rep\u00fablica, en plena av. 9 de Julio y fue construido en 1936 para conmemorar el cuarto centenario de la fundaci\u00f3n de la ciudad por Pedro de Mendoza.<\/p>\n<figure class=\"image-inside-body cls-mr\"><span class=\" lazy-load-image-background \" style=\"background-image:url(https:\/\/larepublica.pe\/resizer\/wHmkoycHW9ORl251WfIcQDtfLL4=\/384x216\/top\/smart\/cloudfront-us-east-1.images.arcpublishing.com\/gruporepublica\/Z3RO34J6QVGJVKXQUQCMRXJYCE.png);background-size:100% 100%;display:inline-block;width:538\"><span class=\"\" style=\"display:inline-block;width:538\"\/><\/span><figcaption>\n<p style=\"width:100%;color:#4d4d59;line-height:11.2px;font-size:11.2px;padding-top:4px;padding-bottom:4px;background-color:#eee\">El Obelisco es uno de los monumentos emblem\u00e1ticos de Argentina y es visto desde largas distancias. Foto: LR<\/p>\n<\/figcaption><\/figure>\n<h2 class=\"\">Barrio Recoleta<\/h2>\n<p class=\"\">El Barrio Recoleta fue fundado por la orden religiosa de los recoletos y hoy es uno de los m\u00e1s lujos de Argentina. En tu recorrido podr\u00e1s disfrutar de su arquitectura de estilo franc\u00e9s. Es la zona con los precios inmobiliarios m\u00e1s elevados de la ciudad y los comercios m\u00e1s caros. Las tiendas de lujo se concentran en la avenida Alvear.<\/p>\n<figure class=\"image-inside-body cls-mr\"><span class=\" lazy-load-image-background \" style=\"background-image:url(https:\/\/larepublica.pe\/resizer\/wHmkoycHW9ORl251WfIcQDtfLL4=\/384x216\/top\/smart\/cloudfront-us-east-1.images.arcpublishing.com\/gruporepublica\/Z3RO34J6QVGJVKXQUQCMRXJYCE.png);background-size:100% 100%;display:inline-block;width:538\"><span class=\"\" style=\"display:inline-block;width:538\"\/><\/span><figcaption>\n<p style=\"width:100%;color:#4d4d59;line-height:11.2px;font-size:11.2px;padding-top:4px;padding-bottom:4px;background-color:#eee\">El barrido de Recoleta es considerado  como el Par\u00eds argentino por su gran parecido en cuando a infraestructura. Foto: La Rep\u00fablica<\/p>\n<\/figcaption><\/figure>\n<h2 class=\"\">Cementerio de Recoleta<\/h2>\n<p class=\"\">Este cementerio se abri\u00f3 en 1822 y fue el primero de la ciudad en convertirse en p\u00fablico. Est\u00e1 lleno de mausoleos ricamente decorados con esculturas y b\u00f3vedas que le aportan un gran valor arquitect\u00f3nico. Adem\u00e1s, en \u00e9l descansan grandes personalidades del pa\u00eds, como Evita Per\u00f3n, actriz y primera dama de la Naci\u00f3n entre 1946 y 1952.<\/p>\n<figure class=\"image-inside-body cls-mr\"><span class=\" lazy-load-image-background \" style=\"background-image:url(https:\/\/larepublica.pe\/resizer\/wHmkoycHW9ORl251WfIcQDtfLL4=\/384x216\/top\/smart\/cloudfront-us-east-1.images.arcpublishing.com\/gruporepublica\/Z3RO34J6QVGJVKXQUQCMRXJYCE.png);background-size:100% 100%;display:inline-block;width:538\"><span class=\"\" style=\"display:inline-block;width:538\"\/><\/span><figcaption>\n<p style=\"width:100%;color:#4d4d59;line-height:11.2px;font-size:11.2px;padding-top:4px;padding-bottom:4px;background-color:#eee\">El cementerio Recoleta es una de los m\u00e1s importantes del mundo. Foto: LR<\/p>\n<\/figcaption><\/figure>\n<h2 class=\"\">Librer\u00eda Ateneo<\/h2>\n<p class=\"\">En el Ateneo podr\u00e1s perderte en el conocimiento. Conserva todos los detalles del esplendoroso teatro Grand Splendia: el tel\u00f3n, las barandillas originales, los frescos de la c\u00fapula y el escenario es ahora un caf\u00e9.<\/p>\n<figure class=\"image-inside-body cls-mr\"><span class=\" lazy-load-image-background \" style=\"background-image:url(https:\/\/larepublica.pe\/resizer\/wHmkoycHW9ORl251WfIcQDtfLL4=\/384x216\/top\/smart\/cloudfront-us-east-1.images.arcpublishing.com\/gruporepublica\/Z3RO34J6QVGJVKXQUQCMRXJYCE.png);background-size:100% 100%;display:inline-block;width:538\"><span class=\"\" style=\"display:inline-block;width:538\"\/><\/span><figcaption>\n<p style=\"width:100%;color:#4d4d59;line-height:11.2px;font-size:11.2px;padding-top:4px;padding-bottom:4px;background-color:#eee\">El Ateneo es uno de lugares m\u00e1gicos en Buenos Aires. Aqu\u00ed puedes comprar los libros m\u00e1s selectos. Foto: La Rep\u00fablica<\/p>\n<\/figcaption><\/figure>\n<h2 class=\"\">Facultad de Derecho de la UBA<\/h2>\n<p class=\"\">La Universidad de Buenos Aires (UBA) es una de las m\u00e1s prestigiosas del pa\u00eds. \u00bfPor qu\u00e9 no dar una vuelta y disfrutar del ambiente estudiantil? As\u00ed podr\u00e1s ver sus edificios, entre los que destacan las imponentes columnas de la Facultad de Derecho.<\/p>\n<figure class=\"image-inside-body cls-mr\"><span class=\" lazy-load-image-background \" style=\"background-image:url(https:\/\/larepublica.pe\/resizer\/wHmkoycHW9ORl251WfIcQDtfLL4=\/384x216\/top\/smart\/cloudfront-us-east-1.images.arcpublishing.com\/gruporepublica\/Z3RO34J6QVGJVKXQUQCMRXJYCE.png);background-size:100% 100%;display:inline-block;width:538\"><span class=\"\" style=\"display:inline-block;width:538\"\/><\/span><figcaption>\n<p style=\"width:100%;color:#4d4d59;line-height:11.2px;font-size:11.2px;padding-top:4px;padding-bottom:4px;background-color:#eee\">Edificio de la Facultad de Derecho de la UBA. Impresionante por sus columnas. Foto: La Rep\u00fablica<\/p>\n<\/figcaption><\/figure>\n<h2 class=\"\">Floralis Gen\u00e9rica<\/h2>\n<p class=\"\">Est\u00e1 realizada en acero inoxidable y aluminio y pesa 18 toneladas. Es la primera escultura en movimiento controlada por un sistema hidr\u00e1ulico y c\u00e9lulas fotoel\u00e9ctricas. Los p\u00e9talos se abren de d\u00eda y se cierran de noche. Fue inaugurada en el 2002 y su nombre, Floralis Gen\u00e9rica, es un homenaje a todas las flores. Est\u00e1 en av. Pres. Figueroa Alcorta 2301 al costado de la Facultad de Derecho de la UBA.<\/p>\n<figure class=\"image-inside-body cls-mr\"><span class=\" lazy-load-image-background \" style=\"background-image:url(https:\/\/larepublica.pe\/resizer\/wHmkoycHW9ORl251WfIcQDtfLL4=\/384x216\/top\/smart\/cloudfront-us-east-1.images.arcpublishing.com\/gruporepublica\/Z3RO34J6QVGJVKXQUQCMRXJYCE.png);background-size:100% 100%;display:inline-block;width:538\"><span class=\"\" style=\"display:inline-block;width:538\"\/><\/span><figcaption>\n<p style=\"width:100%;color:#4d4d59;line-height:11.2px;font-size:11.2px;padding-top:4px;padding-bottom:4px;background-color:#eee\">Floralis Gen\u00e9rica es uno de los monumentos que representa la modernidad en Buenos Aires. Foto: La Rep\u00fablica.<\/p>\n<\/figcaption><\/figure>\n<h2 class=\"\">Puerto Madero<\/h2>\n<p class=\"\">La modernidad lo encontrar\u00e1s en Puerto Madero que hace contraste con la autenticidad del centro de Buenos Aires. Aqu\u00ed se han construido en los \u00faltimos a\u00f1os algunas de las torres residenciales m\u00e1s altas del pa\u00eds, como las Torres Renoir, con 175 metros de altura.<\/p>\n<h2 class=\"\">Teatro Colon<\/h2>\n<p class=\"\">El Teatro de la \u00d3pera de Buenos Aires est\u00e1 considerado como uno de los 5 mejores del mundo por su tama\u00f1o, ac\u00fastica y trayectoria. Al mismo nivel que la \u00d3pera de Viena o la Scala de Mil\u00e1n. Sobre el patio de butacas de terciopelo rojo destaca la c\u00fapula artwork dec\u00f3, en el centro de la cual se encuentra una l\u00e1mpara de ara\u00f1a de m\u00e1s de una tonelada.<\/p>\n<h2 class=\"\">Olympo Sky Bar<\/h2>\n<p class=\"\">En el piso 31 de Lex Tower, se ubica Olympo Sky Bar, una apuesta por los mejores licores de Argentina, pero sobre todo la vista panor\u00e1mica de la ciudad. Atienden desde las 6.00 p. m. y con reserva, la cual la puedes realizar mediante sus redes sociales. En este lugar podr\u00e1s disfrutar de una copa de bebida sobre el cielo de Buenos Aires.<\/p>\n<figure class=\"image-inside-body cls-mr\"><span class=\" lazy-load-image-background \" style=\"background-image:url(https:\/\/larepublica.pe\/resizer\/wHmkoycHW9ORl251WfIcQDtfLL4=\/384x216\/top\/smart\/cloudfront-us-east-1.images.arcpublishing.com\/gruporepublica\/Z3RO34J6QVGJVKXQUQCMRXJYCE.png);background-size:100% 100%;display:inline-block;width:538\"><span class=\"\" style=\"display:inline-block;width:538\"\/><\/span><figcaption>\n<p style=\"width:100%;color:#4d4d59;line-height:11.2px;font-size:11.2px;padding-top:4px;padding-bottom:4px;background-color:#eee\">Olympo bar es uno de los lugar perfectos para ver el atardecer desde el cielo de Buenos Aires. Foto: Cortes\u00eda<\/p>\n<\/figcaption><\/figure>\n<h2 class=\"\">La Ventana<\/h2>\n<p class=\"\">Si deseas sentir la adrenalina del Tango en vivo, La Ventana es un excelente lugar para disfrutar una noche inolvidable. Ah\u00ed puedes deleitarte de lo mejor de los asados y presenciar la puesta en escena del baile insignia.<\/p>\n<figure class=\"image-inside-body cls-mr\"><span class=\" lazy-load-image-background \" style=\"background-image:url(https:\/\/larepublica.pe\/resizer\/wHmkoycHW9ORl251WfIcQDtfLL4=\/384x216\/top\/smart\/cloudfront-us-east-1.images.arcpublishing.com\/gruporepublica\/Z3RO34J6QVGJVKXQUQCMRXJYCE.png);background-size:100% 100%;display:inline-block;width:538\"><span class=\"\" style=\"display:inline-block;width:538\"\/><\/span><figcaption>\n<p style=\"width:100%;color:#4d4d59;line-height:11.2px;font-size:11.2px;padding-top:4px;padding-bottom:4px;background-color:#eee\">La Ventana es una de las alternativas para una noche inolvidable en Buenos Aires. Foto: LR<\/p>\n<\/figcaption><\/figure>\n<h2 class=\"\">Mercados<\/h2>\n<p class=\"\">Como parte de la reactivaci\u00f3n tur\u00edstica tras la lenta salida de la pandemia, los argentinos buscan revalorar sus hist\u00f3ricos comercios como los mercados del gobierno. De un complete de 3 se encuentra el mercado San Nicol\u00e1s, con m\u00e1s de 100 a\u00f1os de existencia. Si quieres comer barato y rico, el sitio de los paraguas es recomendable.<\/p>\n<h2 class=\"\">\u00bfComo viajar desde Lima a Buenos Aires?<\/h2>\n<p class=\"\">Si elegiste como siguiente destino para tus vacaciones la ciudad de <b>Buenos Aires<\/b>, tambi\u00e9n debes pensar en cu\u00e1l ser\u00e1 la aerol\u00ednea que tomar\u00e1s. Si de gastar menos y viajar c\u00f3modo se trata, los vuelos lowcost son una de las soluciones. <b>JetSmart<\/b> es una de las mejores alternativas en esta aventura con su moderna flota de aviones y sus precios que van desde los 166 d\u00f3lares por tramo.<\/p>\n<p class=\"\">En setiembre de 2022, la compa\u00f1\u00eda <a rel=\"nofollow noopener\" target=\"_blank\" href=\"https:\/\/larepublica.pe\/economia\/2022\/09\/23\/vuelos-baratos-jetsmart-inicio-viajes-entre-lima-y-buenos-aires-con-pasajes-desde-us-166-www-jetsmart-com-peru-pasajes-baratos-en-avion-argentina-low-cost-atmp\/\">inaugur\u00f3 su segundo destino internacional con la nueva ruta Lima &#8211; Argentina<\/a>. La empresa comenz\u00f3 con tres vuelos semanales, pero aspiran a incrementarlos entre octubre y diciembre, donde esperan tener vuelos todos los d\u00edas. La empresa inform\u00f3 que sus vuelos ser\u00e1n diarios a partir de diciembre e ingresar al flujo de los aproximadamente 30.000 viajeros al mes, los que usan esta ruta.<\/p>\n<p class=\"\">De esta manera, se convierte en la cuarta ruta internacional con el Per\u00fa que opera despu\u00e9s de Santiago de Chile, la cual conecta con Lima, Arequipa y Trujillo desde el 2017.<\/p>\n<\/div>\n\n<p><em> &#8221; Fuentes news.google.com &#8221; <\/em><\/p>\n","protected":false},"excerpt":{"rendered":"<p>La ciudad de Buenos Aires es uno de los destinos m\u00e1s visitados en Argentina. La variedad de su gastronom\u00eda y sus peculiares rincones tur\u00edsticos atraen a far cada mes. Seg\u00fan el Ministerio de Turismo y Deporte, solo en el invierno de 2022 m\u00e1s de un mill\u00f3n de visitantes extranjeros disfrutaron de sus atractivos. Si est\u00e1s [&hellip;]<\/p>\n","protected":false},"author":4,"featured_media":398200,"comment_status":"open","ping_status":"closed","sticky":false,"template":"","format":"standard","meta":{"om_disable_all_campaigns":false,"jnews-multi-image_gallery":[],"jnews_single_post":[],"jnews_primary_category":[],"jnews_social_meta":[],"footnotes":""},"categories":[39],"tags":[768,557,544,53658],"class_list":["post-409002","post","type-post","status-publish","format-standard","has-post-thumbnail","hentry","category-viajes","tag-argentina","tag-buenos-aires","tag-turismo","tag-vuelos-a-buenos-aires"],"_links":{"self":[{"href":"https:\/\/dimensionturistica.com\/es\/wp-json\/wp\/v2\/posts\/409002","targetHints":{"allow":["GET"]}}],"collection":[{"href":"https:\/\/dimensionturistica.com\/es\/wp-json\/wp\/v2\/posts"}],"about":[{"href":"https:\/\/dimensionturistica.com\/es\/wp-json\/wp\/v2\/types\/post"}],"author":[{"embeddable":true,"href":"https:\/\/dimensionturistica.com\/es\/wp-json\/wp\/v2\/users\/4"}],"replies":[{"embeddable":true,"href":"https:\/\/dimensionturistica.com\/es\/wp-json\/wp\/v2\/comments?post=409002"}],"version-history":[{"count":0,"href":"https:\/\/dimensionturistica.com\/es\/wp-json\/wp\/v2\/posts\/409002\/revisions"}],"wp:featuredmedia":[{"embeddable":true,"href":"https:\/\/dimensionturistica.com\/es\/wp-json\/wp\/v2\/media\/398200"}],"wp:attachment":[{"href":"https:\/\/dimensionturistica.com\/es\/wp-json\/wp\/v2\/media?parent=409002"}],"wp:term":[{"taxonomy":"category","embeddable":true,"href":"https:\/\/dimensionturistica.com\/es\/wp-json\/wp\/v2\/categories?post=409002"},{"taxonomy":"post_tag","embeddable":true,"href":"https:\/\/dimensionturistica.com\/es\/wp-json\/wp\/v2\/tags?post=409002"}],"curies":[{"name":"wp","href":"https:\/\/api.w.org\/{rel}","templated":true}]}}