{"id":408920,"date":"2022-10-20T03:00:01","date_gmt":"2022-10-20T03:00:01","guid":{"rendered":"https:\/\/dimensionturistica.com\/es\/?p=408920"},"modified":"2022-10-20T03:00:02","modified_gmt":"2022-10-20T03:00:02","slug":"los-mejores-lugares-para-viajar-en-abril-2","status":"publish","type":"post","link":"https:\/\/dimensionturistica.com\/es\/los-mejores-lugares-para-viajar-en-abril-2\/","title":{"rendered":"Los mejores lugares para viajar en abril"},"content":{"rendered":"<p> <br \/>\n<\/p>\n<div>\n<p>Si lo que te apetece es moverte poco pero tienes ganas de salir de casa, abril puede ser muy buen momento para <strong>redescubrir la Ciudad Condal<\/strong>. Si eliges bien la fecha, a\u00fan puedes evitar las aglomeraciones para pasear por la <strong>Rambla<\/strong> o ver la <strong>Sagrada Familia<\/strong>, y hay una buena cantidad de planes que hacer, desde <a rel=\"nofollow noopener\" target=\"_blank\" href=\"https:\/\/www.traveler.es\/viajeros\/articulos\/ruta-de-barcelona-pasaporte-para-conocer-edificios-culturales\/19210\">visitas culturales<\/a> hasta <a rel=\"nofollow noopener\" target=\"_blank\" href=\"https:\/\/www.traveler.es\/articulos\/green-spot-diagonal-mejores-vegetarianos-de-barcelona\">experiencias gastron\u00f3micas<\/a>.<\/p>\n<p>Hay ocasiones que merecen la pena incluso con las multitudes. El <strong>23 de abril<\/strong> es la <strong>Diada de Sant Jordi<\/strong>, una tradici\u00f3n centenaria que se ha ido extendiendo por otras regiones pero que sigue teniendo m\u00e1s arraigo en <a rel=\"nofollow noopener\" target=\"_blank\" href=\"https:\/\/www.traveler.es\/galerias\/mejores-hoteles-sostenibles-escapada-cataluna\">Catalu\u00f1a<\/a>, y es especialmente importante en <a rel=\"nofollow noopener\" target=\"_blank\" href=\"https:\/\/www.traveler.es\/articulos\/a-traves-de-mi-ventana-pelicula-netflix-barcelona\">Barcelona<\/a>. Aunque originalmente period un <a rel=\"nofollow noopener\" target=\"_blank\" href=\"https:\/\/www.traveler.es\/articulos\/los-mejores-planes-para-celebrar-san-valentin-en-barcelona\">d\u00eda de los enamorados<\/a> en el que se regalaba una rosa roja (a ellas) y un libro (a ellos), desde 1929 es tambi\u00e9n el <strong>D\u00eda Internacional del Libro<\/strong>, y ambas tradiciones se han ido mezclando hasta crear la fiesta perfecta para amantes de la lectura. No te pierdas los <strong>descuentos y eventos<\/strong> de las <strong>librer\u00edas<\/strong> de la ciudad, las <strong>exposiciones<\/strong> ni el paseo por las calles llenas de puestos de rosas y libros.<\/p>\n<p>El <strong>Passeig de Gr\u00e0cia<\/strong> es una de las calles de m\u00e1s actividad durante la Diada, y la <strong>Casa Batll\u00f3 de Antoni Gaud\u00ed<\/strong> se engalana para la ocasi\u00f3n. La fachada, en la que el propio artista cuenta la leyenda en la que se sustenta la tradici\u00f3n de <strong>Sant Jordi<\/strong>, es muy representativa en s\u00ed misma, pero los <strong>cientos de rosas rojas que adornan sus balcones<\/strong> le dan un toque especialmente fotog\u00e9nico que solo se puede capturar durante el propio d\u00eda 23 y los d\u00edas previos. Si buscas un sitio donde quedarte para no perderte nada, el <a rel=\"nofollow noopener\" target=\"_blank\" href=\"https:\/\/www.almanachotels.com\/es\/barcelona\">Almanac Barcelona<\/a>, en el <strong>barrio del Eixample<\/strong>, tiene una ubicaci\u00f3n privilegiada y unas <strong>vistas panor\u00e1micas<\/strong> incre\u00edbles de la ciudad, adem\u00e1s de una <strong>piscina descubierta<\/strong> para disfrutar del sol de primavera.<\/p>\n<\/div>\n\n<p><em> &#8221; Fuentes news.google.com &#8221; <\/em><\/p>\n","protected":false},"excerpt":{"rendered":"<p>Si lo que te apetece es moverte poco pero tienes ganas de salir de casa, abril puede ser muy buen momento para redescubrir la Ciudad Condal. Si eliges bien la fecha, a\u00fan puedes evitar las aglomeraciones para pasear por la Rambla o ver la Sagrada Familia, y hay una buena cantidad de planes que hacer, [&hellip;]<\/p>\n","protected":false},"author":4,"featured_media":408921,"comment_status":"open","ping_status":"closed","sticky":false,"template":"","format":"standard","meta":{"om_disable_all_campaigns":false,"jnews-multi-image_gallery":[],"jnews_single_post":[],"jnews_primary_category":[],"jnews_social_meta":[],"footnotes":""},"categories":[39],"tags":[3637,20607,2946],"class_list":["post-408920","post","type-post","status-publish","format-standard","has-post-thumbnail","hentry","category-viajes","tag-escapada","tag-inspiracion","tag-semana-santa"],"_links":{"self":[{"href":"https:\/\/dimensionturistica.com\/es\/wp-json\/wp\/v2\/posts\/408920","targetHints":{"allow":["GET"]}}],"collection":[{"href":"https:\/\/dimensionturistica.com\/es\/wp-json\/wp\/v2\/posts"}],"about":[{"href":"https:\/\/dimensionturistica.com\/es\/wp-json\/wp\/v2\/types\/post"}],"author":[{"embeddable":true,"href":"https:\/\/dimensionturistica.com\/es\/wp-json\/wp\/v2\/users\/4"}],"replies":[{"embeddable":true,"href":"https:\/\/dimensionturistica.com\/es\/wp-json\/wp\/v2\/comments?post=408920"}],"version-history":[{"count":0,"href":"https:\/\/dimensionturistica.com\/es\/wp-json\/wp\/v2\/posts\/408920\/revisions"}],"wp:featuredmedia":[{"embeddable":true,"href":"https:\/\/dimensionturistica.com\/es\/wp-json\/wp\/v2\/media\/408921"}],"wp:attachment":[{"href":"https:\/\/dimensionturistica.com\/es\/wp-json\/wp\/v2\/media?parent=408920"}],"wp:term":[{"taxonomy":"category","embeddable":true,"href":"https:\/\/dimensionturistica.com\/es\/wp-json\/wp\/v2\/categories?post=408920"},{"taxonomy":"post_tag","embeddable":true,"href":"https:\/\/dimensionturistica.com\/es\/wp-json\/wp\/v2\/tags?post=408920"}],"curies":[{"name":"wp","href":"https:\/\/api.w.org\/{rel}","templated":true}]}}