{"id":408551,"date":"2022-10-19T17:53:57","date_gmt":"2022-10-19T17:53:57","guid":{"rendered":"https:\/\/dimensionturistica.com\/es\/?p=408551"},"modified":"2022-10-19T17:53:57","modified_gmt":"2022-10-19T17:53:57","slug":"la-oficina-de-convenciones-y-visitantes-del-gran-miami-gmcvb-anuncia-nombramientos-clave-de-alto-nivel","status":"publish","type":"post","link":"https:\/\/dimensionturistica.com\/es\/la-oficina-de-convenciones-y-visitantes-del-gran-miami-gmcvb-anuncia-nombramientos-clave-de-alto-nivel\/","title":{"rendered":"La Oficina de Convenciones y Visitantes del Gran Miami (GMCVB) anuncia nombramientos clave de alto nivel"},"content":{"rendered":"<p>La Oficina de Convenciones y Visitantes del Gran Miami (GMCVB pos sus siglas en ingl\u00e9s) ha realizado cinco nombramientos clave y estrat\u00e9gicos en apoyo a un mayor \u00e9nfasis en las comunicaciones, el servicio al cliente, la promoci\u00f3n multicultural, la inclusi\u00f3n y el compromiso con<img decoding=\"async\" class=\" wp-image-408575 alignright\" src=\"https:\/\/dimensionturistica.com\/es\/wp-content\/uploads\/2022\/10\/th-1-4-300x92.jpg\" alt=\"\" width=\"395\" height=\"121\" srcset=\"https:\/\/dimensionturistica.com\/es\/wp-content\/uploads\/2022\/10\/th-1-4-300x92.jpg 300w, https:\/\/dimensionturistica.com\/es\/wp-content\/uploads\/2022\/10\/th-1-4.jpg 474w\" sizes=\"(max-width: 395px) 100vw, 395px\" \/> la comunidad.<br \/>\n&amp;quot;A medida que continuamos reorganiz\u00e1ndonos con base en las reducciones de personal por la pandemia, tambi\u00e9n estamos comenzando nuestro nuevo a\u00f1o fiscal agregando recursos y responsabilidades de liderazgo a nivel senior para apoyar la expansi\u00f3n de nuestro enfoque y esfuerzo en varias \u00e1reas clave&amp;quot;, dijo el presidente y CEO de GMCVB, David Whitaker.<br \/>\nEstamos aprovechando el talento actual, reclutando nuevo conocimiento y experiencia mientras damos la bienvenida de nuevo a dos veteranos que, trabajando junto a nuestros socios, brindar\u00e1n a\u00fan m\u00e1s oportunidades para promover nuestro destino al contar nuestra historia, expandir el servicio a nuestros clientes clave de convenciones y reuniones y fortalecer<br \/>\nm\u00e1s nuestro compromiso con la equidad y la diversidad.<img decoding=\"async\" class=\"size-medium wp-image-408577 alignright\" src=\"https:\/\/dimensionturistica.com\/es\/wp-content\/uploads\/2022\/10\/greater_Miami-300x199.jpg\" alt=\"\" width=\"300\" height=\"199\" srcset=\"https:\/\/dimensionturistica.com\/es\/wp-content\/uploads\/2022\/10\/greater_Miami-300x199.jpg 300w, https:\/\/dimensionturistica.com\/es\/wp-content\/uploads\/2022\/10\/greater_Miami.jpg 700w\" sizes=\"(max-width: 300px) 100vw, 300px\" \/><br \/>\nGisela Marti dirigir\u00e1 la divisi\u00f3n de Marketing y Turismo como su nueva vicepresidenta senior. Como vicepresidenta de marketing y turismo de GMCVB durante los \u00faltimos siete a\u00f1os, ampliar\u00e1 su liderazgo de marketing dentro de la organizaci\u00f3n. Comenz\u00f3 en el GMCVB como vicepresidenta asociada en ventas tur\u00edsticas y antes de unirse a la organizaci\u00f3n, labor\u00f3 20 a\u00f1os con Carnival Cruise Lines, administrando las ventas internacionales y la red global de agentes de ventas generales de la compa\u00f1\u00eda.<br \/>\nLa reci\u00e9n nombrada vicepresidenta senior, Connie Kinnard, continuar\u00e1 liderando los esfuerzos de Desarrollo de Turismo Multicultural, donde se ha desempe\u00f1ado como vicepresidenta desde 2015. Kinnard es una veterana de la industria hotelera con m\u00e1s de 25 a\u00f1os de experiencia y tiene una maestr\u00eda en Administraci\u00f3n y una licenciatura en Administraci\u00f3n de Empresas de la Tennessee State University. Antes de unirse a GMCVB, se desempe\u00f1\u00f3 por 19 a\u00f1os en Nashville Convention &amp;amp; Visitors Corporation como vicepresidenta senior de ventas y desarrollo multicultural. Sus responsabilidades incluir\u00e1n la supervisi\u00f3n de la Iniciativa de Hospitalidad Negra de GMCVB.<br \/>\nRichard Gibbs ha sido nombrado director de comunicaciones corporativas y asuntos externos. Antes de unirse a GMCVB, se desempe\u00f1\u00f3 como gerente senior de asuntos externos en Royal<img decoding=\"async\" class=\"size-medium wp-image-408572 alignleft\" src=\"https:\/\/dimensionturistica.com\/es\/wp-content\/uploads\/2022\/10\/th-9-300x200.jpg\" alt=\"\" width=\"300\" height=\"200\" srcset=\"https:\/\/dimensionturistica.com\/es\/wp-content\/uploads\/2022\/10\/th-9-300x200.jpg 300w, https:\/\/dimensionturistica.com\/es\/wp-content\/uploads\/2022\/10\/th-9.jpg 474w\" sizes=\"(max-width: 300px) 100vw, 300px\" \/> Caribbean Group, donde dirigi\u00f3 estrategias de campa\u00f1a que integraron el alcance de los accionistas, los asuntos p\u00fablicos, las asociaciones de responsabilidad corporativa y los eventos comunitarios en apoyo de las iniciativas de desarrollo de destinos de la compa\u00f1\u00eda.<br \/>\nGibbs se gradu\u00f3 de la Florida University y se desempe\u00f1a como vicepresidente de la junta de asesor\u00eda de Village of Allapattah YMCA Family Center.<br \/>\nMarianne Schmidhofer se reincorpora al GMCVB despu\u00e9s de 10 a\u00f1os como directora de servicios de reuniones y convenciones. Actualmente imparte un curso de certificaci\u00f3n en Gesti\u00f3n de Reuniones y Eventos en la Florida Atlantic University y tiene una amplia experiencia en la gesti\u00f3n de una variedad de eventos especiales, incluidos los Juegos Ol\u00edmpicos de R\u00edo 2016, la inauguraci\u00f3n<img decoding=\"async\" class=\"size-medium wp-image-408573 alignright\" src=\"https:\/\/dimensionturistica.com\/es\/wp-content\/uploads\/2022\/10\/th-3-1-300x218.jpg\" alt=\"\" width=\"300\" height=\"218\" srcset=\"https:\/\/dimensionturistica.com\/es\/wp-content\/uploads\/2022\/10\/th-3-1-300x218.jpg 300w, https:\/\/dimensionturistica.com\/es\/wp-content\/uploads\/2022\/10\/th-3-1-120x86.jpg 120w, https:\/\/dimensionturistica.com\/es\/wp-content\/uploads\/2022\/10\/th-3-1.jpg 474w\" sizes=\"(max-width: 300px) 100vw, 300px\" \/> del Norwegian Encore de Norwegian Cruise Line y la Cumbre de las Am\u00e9ricas. Tiene una licenciatura en Administraci\u00f3n de Empresas de la University of Denver.<br \/>\nJennifer Diaz-Alzuri regresa al GMCVB como vicepresidenta de comunicaciones de marketing. La experimentada profesional de las comunicaciones de marketing aporta m\u00e1s de 20 a\u00f1os de experiencia a su nuevo cargo; su colaboraci\u00f3n anterior con la organizaci\u00f3n abarc\u00f3 13 a\u00f1os. Anteriormente fue vicepresidenta senior de la Agencia Boden, administrando las cuentas nacionales de los consumidores. D\u00edaz-Alzuri tiene un MBA de la University of Miami y una licenciatura en Comunicaciones de la Florida International University.<\/p>\n","protected":false},"excerpt":{"rendered":"<p>La Oficina de Convenciones y Visitantes del Gran Miami (GMCVB pos sus siglas en ingl\u00e9s) ha realizado cinco nombramientos clave y estrat\u00e9gicos en apoyo a un mayor \u00e9nfasis en las comunicaciones, el servicio al cliente, la promoci\u00f3n multicultural, la inclusi\u00f3n y el compromiso con la comunidad. &amp;quot;A medida que continuamos reorganiz\u00e1ndonos con base en las [&hellip;]<\/p>\n","protected":false},"author":1,"featured_media":408574,"comment_status":"open","ping_status":"closed","sticky":false,"template":"","format":"standard","meta":{"om_disable_all_campaigns":false,"jnews-multi-image_gallery":[],"jnews_single_post":{"source_name":"","source_url":"","via_name":"","via_url":"","override_template":"0","override":[{"template":"1","single_blog_custom":"","parallax":"1","fullscreen":"1","layout":"right-sidebar","sidebar":"default-sidebar","second_sidebar":"default-sidebar","sticky_sidebar":"1","share_position":"top","share_float_style":"share-monocrhome","show_share_counter":"1","show_view_counter":"1","show_featured":"1","show_post_meta":"1","show_post_author":"1","show_post_author_image":"1","show_post_date":"1","post_date_format":"default","post_date_format_custom":"Y\/m\/d","show_post_category":"1","show_post_reading_time":"0","post_reading_time_wpm":"300","show_zoom_button":"0","zoom_button_out_step":"2","zoom_button_in_step":"3","show_post_tag":"1","show_prev_next_post":"1","show_popup_post":"1","number_popup_post":"1","show_author_box":"0","show_post_related":"0","show_inline_post_related":"0"}],"override_image_size":"0","image_override":[{"single_post_thumbnail_size":"crop-500","single_post_gallery_size":"crop-500"}],"trending_post":"0","trending_post_position":"meta","trending_post_label":"Trending","sponsored_post":"0","sponsored_post_label":"Sponsored by","sponsored_post_name":"","sponsored_post_url":"","sponsored_post_logo_enable":"0","sponsored_post_logo":"","sponsored_post_desc":"","disable_ad":"0"},"jnews_primary_category":{"id":"","hide":""},"jnews_social_meta":{"fb_title":"","fb_description":"","fb_image":"","twitter_title":"","twitter_description":"","twitter_image":""},"footnotes":""},"categories":[39],"tags":[],"class_list":["post-408551","post","type-post","status-publish","format-standard","has-post-thumbnail","hentry","category-viajes"],"_links":{"self":[{"href":"https:\/\/dimensionturistica.com\/es\/wp-json\/wp\/v2\/posts\/408551","targetHints":{"allow":["GET"]}}],"collection":[{"href":"https:\/\/dimensionturistica.com\/es\/wp-json\/wp\/v2\/posts"}],"about":[{"href":"https:\/\/dimensionturistica.com\/es\/wp-json\/wp\/v2\/types\/post"}],"author":[{"embeddable":true,"href":"https:\/\/dimensionturistica.com\/es\/wp-json\/wp\/v2\/users\/1"}],"replies":[{"embeddable":true,"href":"https:\/\/dimensionturistica.com\/es\/wp-json\/wp\/v2\/comments?post=408551"}],"version-history":[{"count":0,"href":"https:\/\/dimensionturistica.com\/es\/wp-json\/wp\/v2\/posts\/408551\/revisions"}],"wp:featuredmedia":[{"embeddable":true,"href":"https:\/\/dimensionturistica.com\/es\/wp-json\/wp\/v2\/media\/408574"}],"wp:attachment":[{"href":"https:\/\/dimensionturistica.com\/es\/wp-json\/wp\/v2\/media?parent=408551"}],"wp:term":[{"taxonomy":"category","embeddable":true,"href":"https:\/\/dimensionturistica.com\/es\/wp-json\/wp\/v2\/categories?post=408551"},{"taxonomy":"post_tag","embeddable":true,"href":"https:\/\/dimensionturistica.com\/es\/wp-json\/wp\/v2\/tags?post=408551"}],"curies":[{"name":"wp","href":"https:\/\/api.w.org\/{rel}","templated":true}]}}