{"id":408515,"date":"2022-10-19T17:11:30","date_gmt":"2022-10-19T17:11:30","guid":{"rendered":"https:\/\/dimensionturistica.com\/es\/?p=408515"},"modified":"2022-10-19T17:11:30","modified_gmt":"2022-10-19T17:11:30","slug":"firman-acuerdo-para-capacitar-a-ninos-y-jovenes-para-la-prevencion-y-proteccion-contra-incendios","status":"publish","type":"post","link":"https:\/\/dimensionturistica.com\/es\/firman-acuerdo-para-capacitar-a-ninos-y-jovenes-para-la-prevencion-y-proteccion-contra-incendios\/","title":{"rendered":"Firman acuerdo para capacitar a ni\u00f1os y j\u00f3venes para la Prevenci\u00f3n y Protecci\u00f3n contra incendios"},"content":{"rendered":"<p>En el marco de la celebraci\u00f3n, por vez primera, del 8 de octubre, como d\u00eda Nacional de la Prevenci\u00f3n de Incendios, el Consejo Nacional de Protecci\u00f3n Contra Incendios (CONAPCI) y la alcald\u00eda de Azcapotzalco, de la Ciudad de M\u00e9xico, firmaron un convenio para capacitar a ni\u00f1os y j\u00f3venes de 196 escuelas p\u00fablicas de la demarcaci\u00f3n, en materia de prevenci\u00f3n y protecci\u00f3n contra incendios.<br \/>\nJuan Jos\u00e9 Camacho G\u00f3mez, vicepresidente de CONAPCI y presidente de la Asociaci\u00f3n Mexicana de<img decoding=\"async\" class=\"size-medium wp-image-408527 alignleft\" src=\"https:\/\/dimensionturistica.com\/es\/wp-content\/uploads\/2022\/10\/azcapotzalco-capacitacion-ninos-incendios-twitter-300x169.webp\" alt=\"\" width=\"300\" height=\"169\" srcset=\"https:\/\/dimensionturistica.com\/es\/wp-content\/uploads\/2022\/10\/azcapotzalco-capacitacion-ninos-incendios-twitter-300x169.webp 300w, https:\/\/dimensionturistica.com\/es\/wp-content\/uploads\/2022\/10\/azcapotzalco-capacitacion-ninos-incendios-twitter-1024x576.webp 1024w, https:\/\/dimensionturistica.com\/es\/wp-content\/uploads\/2022\/10\/azcapotzalco-capacitacion-ninos-incendios-twitter-768x432.webp 768w, https:\/\/dimensionturistica.com\/es\/wp-content\/uploads\/2022\/10\/azcapotzalco-capacitacion-ninos-incendios-twitter-750x422.webp 750w, https:\/\/dimensionturistica.com\/es\/wp-content\/uploads\/2022\/10\/azcapotzalco-capacitacion-ninos-incendios-twitter-1140x641.webp 1140w, https:\/\/dimensionturistica.com\/es\/wp-content\/uploads\/2022\/10\/azcapotzalco-capacitacion-ninos-incendios-twitter.webp 1280w\" sizes=\"(max-width: 300px) 100vw, 300px\" \/> Rociadores Autom\u00e1ticos Contra Incendios (AMRACI), y la alcaldesa Margarita Salda\u00f1a Hern\u00e1ndez, signaron el documento y encabezaron el inicio de las actividades para la prevenci\u00f3n de incendios y accidentes en el hogar con la participaci\u00f3n de ni\u00f1os y del Comandante Alegr\u00eda, de los bomberos de Zapopan, as\u00ed como una pl\u00e1tica sobre la prevenci\u00f3n de incendios en el hogar, uso y manejo de extintores para padres de familia.<br \/>\nEl dirigente de estas organizaciones que durante 8 a\u00f1os realizan las Campa\u00f1as Nacionales de Prevenci\u00f3n de Incendios, dijo que, junto con los centros educativos de esta demarcaci\u00f3n, suman ya 700 en todo el pa\u00eds, en donde se les ense\u00f1a a los ni\u00f1os, ni\u00f1as, j\u00f3venes, maestros c\u00f3mo actuar, qu\u00e9 hacer antes, durante y despu\u00e9s de un incendio.<br \/>\nPor su parte, la alcaldesa destac\u00f3 la importancia de este tipo de capacitaci\u00f3n, ya que los peque\u00f1os tendr\u00e1n el conocimiento necesario para prevenir accidentes con fuego tanto en las escuelas como en sus casas. Podr\u00e1n conocer y establecer salidas y rutas de evacuaci\u00f3n, donde est\u00e1n los extintores, c\u00f3mo operar estos, que hacer para evitar quemaduras y c\u00f3mo actuar en caso estas.<br \/>\nEn el evento que se llev\u00f3 a cabo en las instalaciones de Protecci\u00f3n Civil de la Alcald\u00eda de Azcapotzalco, V\u00edctor Esp\u00ednola Llaguno, director general de CONAPCI, inform\u00f3 adem\u00e1s que es en las casas habitaci\u00f3n, en donde se produce el mayor n\u00famero de incendios urbanos, con el 55.6 por ciento del total, seguido, por comercios y usos mixtos de vivienda, con el 34.1, el 21.1 por ciento, respectivamente.<br \/>\nLos siniestros en casa-habitaci\u00f3n, oficinas, escuelas, f\u00e1bricas, etc., dijo, se deben a diversos factores como nuevos materiales en la construcci\u00f3n, mayor presencia de aparatos electr\u00f3nicos y falta de instalaciones el\u00e9ctricas adecuadas, seguido de accidentes involuntarios.<img decoding=\"async\" class=\" wp-image-408529 alignright\" src=\"https:\/\/dimensionturistica.com\/es\/wp-content\/uploads\/2022\/10\/th-8.jpg\" alt=\"\" width=\"353\" height=\"159\" \/><br \/>\nSe\u00f1al\u00f3 que acuerdo con estudios de aseguradoras, los incendios son responsables del 31.2% de los desastres y ocasionan el 26.9% de la totalidad de la mortalidad asociada (humo, gases t\u00f3xicos, etc.).<br \/>\nEn M\u00e9xico, los incendios, a diferencia de los sismos y huracanes, se presentan con m\u00e1s frecuencia de lo que sabemos y sus impactos son mayores, solo que se presentan de manera aislada y no tienen un impacto medi\u00e1tico<br \/>\nAnualmente se registran m\u00e1s de 95 mil incendios urbanos y no urbanos, son 260 al d\u00eda, de acuerdo con el Instituto Nacional de Estad\u00edstica y Geograf\u00eda.<br \/>\nEn los \u00faltimos 10 a\u00f1os m\u00e1s de 6 mil personas fallecieron por exposici\u00f3n a fuego no controlado en construcci\u00f3n, por exposici\u00f3n de ignici\u00f3n de material altamente inflamable, explosiones o por contacto con l\u00edquidos calientes (bebidas y alimentos), siendo los grupos m\u00e1s vulnerables los m\u00e1s afectados, ni\u00f1os y adultos mayores.<br \/>\nDejan adem\u00e1s severas consecuencias para la v\u00edctima, para su familia y para la sociedad, que incluyen el costoso cuidado m\u00e9dico, el desempleo temporal o permanente y las secuelas f\u00edsicas o mentales, que de acuerdo con la Fundaci\u00f3n Michou &amp; Mau equivale a medio mill\u00f3n de d\u00f3lares la atenci\u00f3n m\u00e9dica de un peque\u00f1o que sufre quemaduras.<\/p>\n","protected":false},"excerpt":{"rendered":"<p>En el marco de la celebraci\u00f3n, por vez primera, del 8 de octubre, como d\u00eda Nacional de la Prevenci\u00f3n de Incendios, el Consejo Nacional de Protecci\u00f3n Contra Incendios (CONAPCI) y la alcald\u00eda de Azcapotzalco, de la Ciudad de M\u00e9xico, firmaron un convenio para capacitar a ni\u00f1os y j\u00f3venes de 196 escuelas p\u00fablicas de la demarcaci\u00f3n, [&hellip;]<\/p>\n","protected":false},"author":1,"featured_media":408528,"comment_status":"open","ping_status":"closed","sticky":false,"template":"","format":"standard","meta":{"om_disable_all_campaigns":false,"jnews-multi-image_gallery":[],"jnews_single_post":{"source_name":"","source_url":"","via_name":"","via_url":"","override_template":"0","override":[{"template":"1","single_blog_custom":"","parallax":"1","fullscreen":"1","layout":"right-sidebar","sidebar":"default-sidebar","second_sidebar":"default-sidebar","sticky_sidebar":"1","share_position":"top","share_float_style":"share-monocrhome","show_share_counter":"1","show_view_counter":"1","show_featured":"1","show_post_meta":"1","show_post_author":"1","show_post_author_image":"1","show_post_date":"1","post_date_format":"default","post_date_format_custom":"Y\/m\/d","show_post_category":"1","show_post_reading_time":"0","post_reading_time_wpm":"300","show_zoom_button":"0","zoom_button_out_step":"2","zoom_button_in_step":"3","show_post_tag":"1","show_prev_next_post":"1","show_popup_post":"1","number_popup_post":"1","show_author_box":"0","show_post_related":"0","show_inline_post_related":"0"}],"override_image_size":"0","image_override":[{"single_post_thumbnail_size":"crop-500","single_post_gallery_size":"crop-500"}],"trending_post":"0","trending_post_position":"meta","trending_post_label":"Trending","sponsored_post":"0","sponsored_post_label":"Sponsored by","sponsored_post_name":"","sponsored_post_url":"","sponsored_post_logo_enable":"0","sponsored_post_logo":"","sponsored_post_desc":"","disable_ad":"0"},"jnews_primary_category":{"id":"","hide":""},"jnews_social_meta":{"fb_title":"","fb_description":"","fb_image":"","twitter_title":"","twitter_description":"","twitter_image":""},"footnotes":""},"categories":[40],"tags":[],"class_list":["post-408515","post","type-post","status-publish","format-standard","has-post-thumbnail","hentry","category-industria"],"_links":{"self":[{"href":"https:\/\/dimensionturistica.com\/es\/wp-json\/wp\/v2\/posts\/408515","targetHints":{"allow":["GET"]}}],"collection":[{"href":"https:\/\/dimensionturistica.com\/es\/wp-json\/wp\/v2\/posts"}],"about":[{"href":"https:\/\/dimensionturistica.com\/es\/wp-json\/wp\/v2\/types\/post"}],"author":[{"embeddable":true,"href":"https:\/\/dimensionturistica.com\/es\/wp-json\/wp\/v2\/users\/1"}],"replies":[{"embeddable":true,"href":"https:\/\/dimensionturistica.com\/es\/wp-json\/wp\/v2\/comments?post=408515"}],"version-history":[{"count":0,"href":"https:\/\/dimensionturistica.com\/es\/wp-json\/wp\/v2\/posts\/408515\/revisions"}],"wp:featuredmedia":[{"embeddable":true,"href":"https:\/\/dimensionturistica.com\/es\/wp-json\/wp\/v2\/media\/408528"}],"wp:attachment":[{"href":"https:\/\/dimensionturistica.com\/es\/wp-json\/wp\/v2\/media?parent=408515"}],"wp:term":[{"taxonomy":"category","embeddable":true,"href":"https:\/\/dimensionturistica.com\/es\/wp-json\/wp\/v2\/categories?post=408515"},{"taxonomy":"post_tag","embeddable":true,"href":"https:\/\/dimensionturistica.com\/es\/wp-json\/wp\/v2\/tags?post=408515"}],"curies":[{"name":"wp","href":"https:\/\/api.w.org\/{rel}","templated":true}]}}