{"id":408366,"date":"2022-10-19T14:05:48","date_gmt":"2022-10-19T14:05:48","guid":{"rendered":"https:\/\/dimensionturistica.com\/es\/?p=408366"},"modified":"2022-10-19T14:05:48","modified_gmt":"2022-10-19T14:05:48","slug":"este-invierno-desconecta-con-iberostar-hotels-resorts","status":"publish","type":"post","link":"https:\/\/dimensionturistica.com\/es\/este-invierno-desconecta-con-iberostar-hotels-resorts\/","title":{"rendered":"Este invierno desconecta con Iberostar Hotels &#038; Resorts"},"content":{"rendered":"<p> <br \/>\n<\/p>\n<div>\n<p>Que tenemos <strong>la inmensa suerte de vivir<\/strong> en una tierra repleta de peque\u00f1os para\u00edsos al alcance de nuestra mano, es una realidad. Tambi\u00e9n lo es que, para <strong>disfrutar de ellos,<\/strong> no es necesario esperar al verano: cualquier momento es <strong>perfecto<\/strong> para regalarnos el placer de parar, de respirar profundo. De <strong>recrearnos en el aqu\u00ed y en el ahora.<\/strong> En definitiva: de desconectar.<\/p>\n<h3><a rel=\"nofollow noopener\" target=\"_blank\" href=\"https:\/\/www.traveler.es\/galerias\/asi-sera-tu-invierno-con-iberostar\">Ver fotos: as\u00ed ser\u00e1 tu invierno con Iberostar<\/a><\/h3>\n<p><strong>Y en<\/strong> <a rel=\"nofollow noopener\" target=\"_blank\" data-offer-url=\"http:\/\/pubads.g.doubleclick.net\/gampad\/clk?id=6136375113&amp;iu=\/5574\/es.cntraveller\" class=\"external-link\" data-event-click=\"{&quot;element&quot;:&quot;ExternalLink&quot;,&quot;outgoingURL&quot;:&quot;http:\/\/pubads.g.doubleclick.net\/gampad\/clk?id=6136375113&amp;iu=\/5574\/es.cntraveller&quot;}\" href=\"http:\/\/pubads.g.doubleclick.net\/gampad\/clk?id=6136375113&amp;iu=\/5574\/es.cntraveller\"><strong>Iberostar Hotels &amp; Resorts<\/strong><\/a><strong>,<\/strong> con hoteles disponibles para el deleite de sus clientes repartidos a lo largo y ancho del planeta, saben muy bien de qu\u00e9 hablamos. En esta ocasi\u00f3n, sin embargo, apostamos por <strong>algunas de las joyas<\/strong> con las que cuenta nuestra propia geograf\u00eda: <strong>Andaluc\u00eda y las Islas Canarias,<\/strong> destinos colmados de atractivos donde escapar del duro invierno, son lo que est\u00e1bamos buscando.<\/p>\n<p>As\u00ed que no lo retrasemos m\u00e1s, vayamos haciendo las maletas y <strong>olvid\u00e9monos del resto:<\/strong> en Iberostar Royal Andalus e Iberostar Heritage Grand Mencey, nos sentiremos como en nuestra propia <strong>casa.<\/strong><\/p>\n<p><strong>ANDALUC\u00cdA Y CANARIAS, DONDE DESCONECTAR ES UN MODO DE VIDA<\/strong><\/p>\n<p><strong>Quiz\u00e1 ambas tierras<\/strong> de acento sure\u00f1o logren conquistar por ese inmenso sol que siempre brilla con fuerza en el cielo, o por <strong>las agradables temperaturas<\/strong> que, normalmente, les acompa\u00f1an durante gran parte del a\u00f1o. Tal vez lo hagan por sus paisajes, protagonizados por costas eternas de <strong>playas imposibles;<\/strong> por sus arenales infinitos ba\u00f1ados por mares de intenso azul.<\/p>\n<p>Tambi\u00e9n puede ser \u2014no lo dudamos\u2014 que sean <strong>sus gentes, alegres y dispuestas<\/strong> a recibir al forastero con los brazos abiertos, las que hagan de ellos destinos tan especiales. O su <strong>gastronom\u00eda,<\/strong> esa que alimenta el alma desde el primer bocado.<\/p>\n<figure class=\"AssetEmbedWrapper-iKAnWF bhyIoG asset-embed\">\n<div class=\"AssetEmbedAssetContainer-foMCXx bomDaa asset-embed__asset-container\"><span class=\"SpanWrapper-kHmjLe gbVKFf responsive-asset AssetEmbedResponsiveAsset-eWcsO lgxMZN asset-embed__responsive-asset\"><picture class=\"ResponsiveImagePicture-jJpQhK jEPxaV AssetEmbedResponsiveAsset-eWcsO lgxMZN asset-embed__responsive-asset responsive-image\"><noscript><img decoding=\"async\" alt=\"Andaluc\u00eda y Canarias donde desconectar es un modo de vida\" class=\"ResponsiveImageContainer-dmuwLx fydubv responsive-image__image\" src=\"https:\/\/media.traveler.es\/photos\/634d123313e91db3e612ba41\/master\/w_1600%2Cc_limit\/_20A9262.jpg\" srcset=\"https:\/\/media.traveler.es\/photos\/634d123313e91db3e612ba41\/master\/w_120,c_limit\/_20A9262.jpg 120w, https:\/\/media.traveler.es\/photos\/634d123313e91db3e612ba41\/master\/w_240,c_limit\/_20A9262.jpg 240w, https:\/\/media.traveler.es\/photos\/634d123313e91db3e612ba41\/master\/w_320,c_limit\/_20A9262.jpg 320w, https:\/\/media.traveler.es\/photos\/634d123313e91db3e612ba41\/master\/w_640,c_limit\/_20A9262.jpg 640w, https:\/\/media.traveler.es\/photos\/634d123313e91db3e612ba41\/master\/w_960,c_limit\/_20A9262.jpg 960w, https:\/\/media.traveler.es\/photos\/634d123313e91db3e612ba41\/master\/w_1280,c_limit\/_20A9262.jpg 1280w, https:\/\/media.traveler.es\/photos\/634d123313e91db3e612ba41\/master\/w_1600,c_limit\/_20A9262.jpg 1600w\" sizes=\"100vw\"\/><\/noscript><\/picture><\/span><\/div>\n<p><span class=\"BaseWrap-sc-UABmB BaseText-fETRLB CaptionText-cNZZli hkSZSE iLsSmS faGSa-d caption__text\"><em>Andaluc\u00eda y Canarias, donde desconectar es un modo de vida.<\/em><\/span><span class=\"BaseWrap-sc-UABmB BaseText-fETRLB CaptionCredit-cSxGsC hkSZSE hpUtwY iOEyAO caption__credit\">\u00c1lex del R\u00edo \/ Iberostar Motels &amp; Resorts<\/span><\/p>\n<\/figure>\n<\/div>\n\n<p><em> &#8221; Fuentes news.google.com &#8221; <\/em><\/p>\n","protected":false},"excerpt":{"rendered":"<p>Que tenemos la inmensa suerte de vivir en una tierra repleta de peque\u00f1os para\u00edsos al alcance de nuestra mano, es una realidad. Tambi\u00e9n lo es que, para disfrutar de ellos, no es necesario esperar al verano: cualquier momento es perfecto para regalarnos el placer de parar, de respirar profundo. De recrearnos en el aqu\u00ed y [&hellip;]<\/p>\n","protected":false},"author":4,"featured_media":408367,"comment_status":"open","ping_status":"closed","sticky":false,"template":"","format":"standard","meta":{"om_disable_all_campaigns":false,"jnews-multi-image_gallery":[],"jnews_single_post":[],"jnews_primary_category":[],"jnews_social_meta":[],"footnotes":""},"categories":[39],"tags":[3637,1289],"class_list":["post-408366","post","type-post","status-publish","format-standard","has-post-thumbnail","hentry","category-viajes","tag-escapada","tag-hoteles"],"_links":{"self":[{"href":"https:\/\/dimensionturistica.com\/es\/wp-json\/wp\/v2\/posts\/408366","targetHints":{"allow":["GET"]}}],"collection":[{"href":"https:\/\/dimensionturistica.com\/es\/wp-json\/wp\/v2\/posts"}],"about":[{"href":"https:\/\/dimensionturistica.com\/es\/wp-json\/wp\/v2\/types\/post"}],"author":[{"embeddable":true,"href":"https:\/\/dimensionturistica.com\/es\/wp-json\/wp\/v2\/users\/4"}],"replies":[{"embeddable":true,"href":"https:\/\/dimensionturistica.com\/es\/wp-json\/wp\/v2\/comments?post=408366"}],"version-history":[{"count":0,"href":"https:\/\/dimensionturistica.com\/es\/wp-json\/wp\/v2\/posts\/408366\/revisions"}],"wp:featuredmedia":[{"embeddable":true,"href":"https:\/\/dimensionturistica.com\/es\/wp-json\/wp\/v2\/media\/408367"}],"wp:attachment":[{"href":"https:\/\/dimensionturistica.com\/es\/wp-json\/wp\/v2\/media?parent=408366"}],"wp:term":[{"taxonomy":"category","embeddable":true,"href":"https:\/\/dimensionturistica.com\/es\/wp-json\/wp\/v2\/categories?post=408366"},{"taxonomy":"post_tag","embeddable":true,"href":"https:\/\/dimensionturistica.com\/es\/wp-json\/wp\/v2\/tags?post=408366"}],"curies":[{"name":"wp","href":"https:\/\/api.w.org\/{rel}","templated":true}]}}