{"id":407952,"date":"2022-10-19T00:42:45","date_gmt":"2022-10-19T00:42:45","guid":{"rendered":"https:\/\/dimensionturistica.com\/es\/?p=407952"},"modified":"2022-10-19T00:42:45","modified_gmt":"2022-10-19T00:42:45","slug":"el-proximo-dia-20-de-octubre-a-las-19-horas-sera-inaugurada-la-exposicion-errantes-de-hector-massiel","status":"publish","type":"post","link":"https:\/\/dimensionturistica.com\/es\/el-proximo-dia-20-de-octubre-a-las-19-horas-sera-inaugurada-la-exposicion-errantes-de-hector-massiel\/","title":{"rendered":"El pr\u00f3ximo d\u00eda 20 de octubre a las 19 horas ser\u00e1 inaugurada la Exposici\u00f3n Errantes de H\u00e9ctor Massiel"},"content":{"rendered":"<p>H\u00e9ctor Massiel presentar\u00e1 alrededor de 20 obras en t\u00e9cnica mixta, todas sobre tela y realizadas<img decoding=\"async\" class=\"size-medium wp-image-407960 alignright\" src=\"https:\/\/dimensionturistica.com\/es\/wp-content\/uploads\/2022\/10\/Retrato-Massiel-300x196.jpg\" alt=\"\" width=\"300\" height=\"196\" srcset=\"https:\/\/dimensionturistica.com\/es\/wp-content\/uploads\/2022\/10\/Retrato-Massiel-300x196.jpg 300w, https:\/\/dimensionturistica.com\/es\/wp-content\/uploads\/2022\/10\/Retrato-Massiel-1024x669.jpg 1024w, https:\/\/dimensionturistica.com\/es\/wp-content\/uploads\/2022\/10\/Retrato-Massiel-768x502.jpg 768w, https:\/\/dimensionturistica.com\/es\/wp-content\/uploads\/2022\/10\/Retrato-Massiel-1536x1004.jpg 1536w, https:\/\/dimensionturistica.com\/es\/wp-content\/uploads\/2022\/10\/Retrato-Massiel-750x490.jpg 750w, https:\/\/dimensionturistica.com\/es\/wp-content\/uploads\/2022\/10\/Retrato-Massiel-1140x745.jpg 1140w, https:\/\/dimensionturistica.com\/es\/wp-content\/uploads\/2022\/10\/Retrato-Massiel.jpg 1605w\" sizes=\"(max-width: 300px) 100vw, 300px\" \/> especialmente para la exposici\u00f3n &#8220;Errantes&#8221; que nos habla de personajes extra\u00f1os que parecen deambular sin rumbo fijo ni hogar, sin encontrar un lugar donde establecerse en medio de la miseria, reencontr\u00e1ndose en el camino y tomando varias direcciones al mismo tiempo, algunos en el delirio, algunos en el abrazo, y a pesar de las circunstancias adversas mantienen su dignidad y la esperanza, explica el artista para esta muestra.<br \/>\n\u201cComunicarse con el espectador a trav\u00e9s de las artes pl\u00e1sticas, transmitir emociones, sentimientos, sue\u00f1os y mensajes, es una oportunidad para retratar la realidad por m\u00e1s cruda que sucede en Guerrero, y en casi todo el pa\u00eds, con los problemas sociales, la inseguridad, la violencia, temas recurrentes en las expresiones art\u00edsticas a trav\u00e9s de la cuales encuentro la oportunidad para hacer denuncias de las injusticias que se viven en la actualidad y que sirven para la reflexi\u00f3n.\u201d A\u00f1ade el artista Massiel.<br \/>\nH\u00e9ctor Massiel naci\u00f3 en 1973 en el puerto de Acapulco, estudi\u00f3 pintura en la Escuela Nacional de<img decoding=\"async\" class=\"size-medium wp-image-407956 alignright\" src=\"https:\/\/dimensionturistica.com\/es\/wp-content\/uploads\/2022\/10\/Errantes2-300x297.jpg\" alt=\"\" width=\"300\" height=\"297\" srcset=\"https:\/\/dimensionturistica.com\/es\/wp-content\/uploads\/2022\/10\/Errantes2-300x297.jpg 300w, https:\/\/dimensionturistica.com\/es\/wp-content\/uploads\/2022\/10\/Errantes2-1024x1013.jpg 1024w, https:\/\/dimensionturistica.com\/es\/wp-content\/uploads\/2022\/10\/Errantes2-150x150.jpg 150w, https:\/\/dimensionturistica.com\/es\/wp-content\/uploads\/2022\/10\/Errantes2-768x759.jpg 768w, https:\/\/dimensionturistica.com\/es\/wp-content\/uploads\/2022\/10\/Errantes2-1536x1519.jpg 1536w, https:\/\/dimensionturistica.com\/es\/wp-content\/uploads\/2022\/10\/Errantes2-75x75.jpg 75w, https:\/\/dimensionturistica.com\/es\/wp-content\/uploads\/2022\/10\/Errantes2-750x742.jpg 750w, https:\/\/dimensionturistica.com\/es\/wp-content\/uploads\/2022\/10\/Errantes2-1140x1127.jpg 1140w, https:\/\/dimensionturistica.com\/es\/wp-content\/uploads\/2022\/10\/Errantes2.jpg 1890w\" sizes=\"(max-width: 300px) 100vw, 300px\" \/> Artes Pl\u00e1sticas Campus Taxco, ahora (FAD) UNAM. Ha participado en m\u00e1s de 180 exposiciones a nivel nacional e internacional, en galer\u00edas y museos de pa\u00edses como Estados Unidos, Cuba, Espa\u00f1a, Portugal, Brasil, Argentina, Per\u00fa y, por supuesto, en M\u00e9xico.<br \/>\nUnas figuras ambivalentes, por Dominique Legrand (de Cultura en Bicicleta)<br \/>\nLos personajes que aparecen aqu\u00ed, generalmente en grupo y en dos ocasiones solos , se inscriben en una tem\u00e1tica del \u00e9xodo y del desconsuelo, entre abandono y resistencia, valor y locura, viaje sin fin y descomposici\u00f3n de los cuerpos. La mayor\u00eda de la telas muestran unos seres desubicados, en la orilla del abismo y a punto de caer : los colores se diluyen, las caras se desvanecen, los cuerpos son blandos o carcomidos, entramos en los limbos, y lo que nos ense\u00f1an sus harapos y sus expresiones de delirio o de autoprotecci\u00f3n es que la esperanza es cada vez m\u00e1s tenue.<br \/>\nPensamos en la deforme extra\u00f1eza que hab\u00eda en el expresionismo alem\u00e1n , y esto le confiere a la obra un tinte de congoja, de difusa angustia pero hay cierta resistencia que se manifiesta en la actitud de las figuras , a\u00fan cuando parecen perder su identidad y vacilar y a pesar de las m\u00faltiples adversidades que sufrieron y de las que est\u00e1n por venir.<br \/>\nSin embargo , con manchas vivas y ambiente oscuro, algunas obras (en la parte denominada \u201cErrantes 3\u201d) figuran unos cuerpos enfocados de cerca, en primer\u00edsimo plano o en plano americano, nunca enteros y cuyos rostros est\u00e1n sugeridos o tapados. Se nota la atenci\u00f3n particular que H\u00e9ctor Massiel presta al lirismo del color, al gesto y a la escritura: el trazo de pincel<img decoding=\"async\" class=\"size-medium wp-image-407955 alignright\" src=\"https:\/\/dimensionturistica.com\/es\/wp-content\/uploads\/2022\/10\/Errantes1-300x293.jpg\" alt=\"\" width=\"300\" height=\"293\" srcset=\"https:\/\/dimensionturistica.com\/es\/wp-content\/uploads\/2022\/10\/Errantes1-300x293.jpg 300w, https:\/\/dimensionturistica.com\/es\/wp-content\/uploads\/2022\/10\/Errantes1-1024x999.jpg 1024w, https:\/\/dimensionturistica.com\/es\/wp-content\/uploads\/2022\/10\/Errantes1-768x749.jpg 768w, https:\/\/dimensionturistica.com\/es\/wp-content\/uploads\/2022\/10\/Errantes1-1536x1498.jpg 1536w, https:\/\/dimensionturistica.com\/es\/wp-content\/uploads\/2022\/10\/Errantes1-750x731.jpg 750w, https:\/\/dimensionturistica.com\/es\/wp-content\/uploads\/2022\/10\/Errantes1-1140x1112.jpg 1140w, https:\/\/dimensionturistica.com\/es\/wp-content\/uploads\/2022\/10\/Errantes1.jpg 1890w\" sizes=\"(max-width: 300px) 100vw, 300px\" \/> es franco , acentuado y a veces parece belicoso; el ropaje de los sujetos est\u00e1 te\u00f1ido con colores llamativos que manifiestan su voluntad de ser considerados como dignos y respetables pero al mismo tiempo los designan como presas eventuales. Estos colores son aparentemente su \u00fanico signo distintivo. No se trata de presentar su fisionom\u00eda sino de evocar su condici\u00f3n de rechazados : estas sombras errantes, como desplazadas del planeta tierra, parecen huir de nuestra mirada o vernos cara de mirones, pero todos tienen la misma postura hier\u00e1tica y cierta nobleza.<br \/>\nEn las telas zoom\u00f3rficas se acent\u00faa el car\u00e1cter on\u00edrico ya perceptible en las de viajeros: la pintura transfigura lo real, pone aqu\u00ed una m\u00e1scara y all\u00e1 un rostro , lo \u00fanico que les distingue siendo un hilo visible, y confiere a los animales una serenidad inquieta( el centauro se parece a Kafka) . En el extra\u00f1o retrato de familia con la jirafa , los tres est\u00e1n en un mismo plan , con la seriedad que conviene a la ocasi\u00f3n , a pesar de sus diferencias morfol\u00f3gicas y gen\u00e9ricas , pero el humor est\u00e1 presente, con el gui\u00f1o del autor a modelos que posan desnudos en las escuelas de arte y el cari\u00f1o manifiesto de la mujer hacia sus dos seres queridos\u2026Por otra parte, el juego entre las cintas de color horizontales que van creciendo o verticales deja entrever una muy sutil tentaci\u00f3n abstracta &#8211; geom\u00e9trica del artista.<br \/>\nAlgunos personajes son muy densos, tienen formas que impresionan, pero al mismo tiempo otros ( o los mismos despu\u00e9s de tanto sufrir) son unos rastros flotantes, un recuerdo borrado en la memoria o algo que uno quisiera olvidar. La pintura abre puertas que se pensaban cerradas, puertas del rechazo y del olvido inconsciente o voluntario.<\/p>\n<blockquote class=\"wp-embedded-content\" data-secret=\"DtLSlAzArd\"><p><a href=\"https:\/\/culturaenbicicleta.com\/\">Cultura en bicicleta | Inicio<\/a><\/p><\/blockquote>\n<p><iframe loading=\"lazy\" class=\"wp-embedded-content\" sandbox=\"allow-scripts\" security=\"restricted\" style=\"position: absolute; visibility: hidden;\" title=\"\u00abCultura en bicicleta | Inicio\u00bb \u2014 Cultura en Bicicleta\" src=\"https:\/\/culturaenbicicleta.com\/embed\/#?secret=VRAOltnjlz#?secret=DtLSlAzArd\" data-secret=\"DtLSlAzArd\" width=\"500\" height=\"282\" frameborder=\"0\" marginwidth=\"0\" marginheight=\"0\" scrolling=\"no\"><\/iframe><br \/>\nhttps:\/\/www.facebook.com\/culturaenbicicleta\/<br \/>\nhttps:\/\/www.instagram.com\/culturaenbicicleta\/<br \/>\n@culturaenbici<\/p>\n","protected":false},"excerpt":{"rendered":"<p>H\u00e9ctor Massiel presentar\u00e1 alrededor de 20 obras en t\u00e9cnica mixta, todas sobre tela y realizadas especialmente para la exposici\u00f3n &#8220;Errantes&#8221; que nos habla de personajes extra\u00f1os que parecen deambular sin rumbo fijo ni hogar, sin encontrar un lugar donde establecerse en medio de la miseria, reencontr\u00e1ndose en el camino y tomando varias direcciones al mismo [&hellip;]<\/p>\n","protected":false},"author":1,"featured_media":407958,"comment_status":"open","ping_status":"closed","sticky":false,"template":"","format":"standard","meta":{"om_disable_all_campaigns":false,"jnews-multi-image_gallery":[],"jnews_single_post":{"source_name":"","source_url":"","via_name":"","via_url":"","override_template":"0","override":[{"template":"1","single_blog_custom":"","parallax":"1","fullscreen":"1","layout":"right-sidebar","sidebar":"default-sidebar","second_sidebar":"default-sidebar","sticky_sidebar":"1","share_position":"top","share_float_style":"share-monocrhome","show_share_counter":"1","show_view_counter":"1","show_featured":"1","show_post_meta":"1","show_post_author":"1","show_post_author_image":"1","show_post_date":"1","post_date_format":"default","post_date_format_custom":"Y\/m\/d","show_post_category":"1","show_post_reading_time":"0","post_reading_time_wpm":"300","show_zoom_button":"0","zoom_button_out_step":"2","zoom_button_in_step":"3","show_post_tag":"1","show_prev_next_post":"1","show_popup_post":"1","number_popup_post":"1","show_author_box":"0","show_post_related":"0","show_inline_post_related":"0"}],"override_image_size":"0","image_override":[{"single_post_thumbnail_size":"crop-500","single_post_gallery_size":"crop-500"}],"trending_post":"0","trending_post_position":"meta","trending_post_label":"Trending","sponsored_post":"0","sponsored_post_label":"Sponsored by","sponsored_post_name":"","sponsored_post_url":"","sponsored_post_logo_enable":"0","sponsored_post_logo":"","sponsored_post_desc":"","disable_ad":"0"},"jnews_primary_category":{"id":"","hide":""},"jnews_social_meta":{"fb_title":"","fb_description":"","fb_image":"","twitter_title":"","twitter_description":"","twitter_image":""},"footnotes":""},"categories":[40],"tags":[],"class_list":["post-407952","post","type-post","status-publish","format-standard","has-post-thumbnail","hentry","category-industria"],"_links":{"self":[{"href":"https:\/\/dimensionturistica.com\/es\/wp-json\/wp\/v2\/posts\/407952","targetHints":{"allow":["GET"]}}],"collection":[{"href":"https:\/\/dimensionturistica.com\/es\/wp-json\/wp\/v2\/posts"}],"about":[{"href":"https:\/\/dimensionturistica.com\/es\/wp-json\/wp\/v2\/types\/post"}],"author":[{"embeddable":true,"href":"https:\/\/dimensionturistica.com\/es\/wp-json\/wp\/v2\/users\/1"}],"replies":[{"embeddable":true,"href":"https:\/\/dimensionturistica.com\/es\/wp-json\/wp\/v2\/comments?post=407952"}],"version-history":[{"count":0,"href":"https:\/\/dimensionturistica.com\/es\/wp-json\/wp\/v2\/posts\/407952\/revisions"}],"wp:featuredmedia":[{"embeddable":true,"href":"https:\/\/dimensionturistica.com\/es\/wp-json\/wp\/v2\/media\/407958"}],"wp:attachment":[{"href":"https:\/\/dimensionturistica.com\/es\/wp-json\/wp\/v2\/media?parent=407952"}],"wp:term":[{"taxonomy":"category","embeddable":true,"href":"https:\/\/dimensionturistica.com\/es\/wp-json\/wp\/v2\/categories?post=407952"},{"taxonomy":"post_tag","embeddable":true,"href":"https:\/\/dimensionturistica.com\/es\/wp-json\/wp\/v2\/tags?post=407952"}],"curies":[{"name":"wp","href":"https:\/\/api.w.org\/{rel}","templated":true}]}}