{"id":407689,"date":"2022-10-18T21:31:26","date_gmt":"2022-10-18T21:31:26","guid":{"rendered":"https:\/\/dimensionturistica.com\/es\/?p=407689"},"modified":"2022-10-18T21:33:39","modified_gmt":"2022-10-18T21:33:39","slug":"aseguran-que-la-trata-de-personas-es-el-verdadero-origen-de-diversos-delitos-en-mexico","status":"publish","type":"post","link":"https:\/\/dimensionturistica.com\/es\/aseguran-que-la-trata-de-personas-es-el-verdadero-origen-de-diversos-delitos-en-mexico\/","title":{"rendered":"Aseguran que la trata de personas es el verdadero origen de diversos delitos en M\u00e9xico."},"content":{"rendered":"<p>Un considerable n\u00famero de delitos en M\u00e9xico tienen su verdadero origen en m\u00faltiples casos de<img decoding=\"async\" class=\"size-medium wp-image-407807 alignright\" src=\"https:\/\/dimensionturistica.com\/es\/wp-content\/uploads\/2022\/10\/TRATA5-242x300.jpg\" alt=\"\" width=\"242\" height=\"300\" srcset=\"https:\/\/dimensionturistica.com\/es\/wp-content\/uploads\/2022\/10\/TRATA5-242x300.jpg 242w, https:\/\/dimensionturistica.com\/es\/wp-content\/uploads\/2022\/10\/TRATA5.jpg 318w\" sizes=\"(max-width: 242px) 100vw, 242px\" \/> trata de personas, el cual es hoy el tercer delito m\u00e1s lucrativo en el mundo detr\u00e1s de la producci\u00f3n y comercializaci\u00f3n de drogas y de armas, al tiempo que en M\u00e9xico se ha convertido en un grave problema de seguridad.<br \/>\nLa organizaci\u00f3n ciudadana internacional A21, denunci\u00f3 que en M\u00e9xico actualmente hay 270 mil menores de edad que son v\u00edctimas de diversas formas de trata y que a nivel mundial hay 40 millones de esclavos, siendo mujeres y ni\u00f1os el 70% de las v\u00edctimas internacionales de este mal, lo que ha generado un negocio mundial de 150 billones de d\u00f3lares cada a\u00f1o.<br \/>\nEn conferencia de prensa previa a la caminata Walk for Freedom 2022, misma que se lleva a cabo este d\u00eda en 73 pa\u00edses del mundo, Angie de Luna, directora general de A21 Am\u00e9rica Latina, reconoci\u00f3 que en M\u00e9xico apenas se empieza a trabajar de forma coordinada entre gobierno y sociedad civil para concientizar a la poblaci\u00f3n de la<img decoding=\"async\" class=\"size-medium wp-image-407804 alignright\" src=\"https:\/\/dimensionturistica.com\/es\/wp-content\/uploads\/2022\/10\/TRATA2-300x200.jpg\" alt=\"\" width=\"300\" height=\"200\" srcset=\"https:\/\/dimensionturistica.com\/es\/wp-content\/uploads\/2022\/10\/TRATA2-300x200.jpg 300w, https:\/\/dimensionturistica.com\/es\/wp-content\/uploads\/2022\/10\/TRATA2.jpg 500w\" sizes=\"(max-width: 300px) 100vw, 300px\" \/> gravedad de este problema.<br \/>\n\u201cExiste en M\u00e9xico una nube gris que pueden ser como ejemplo los feminicidios o la violencia intrafamiliar, que est\u00e1n originados en la trata de personas y que no se denuncian como tal, por lo que es necesario hacer une esfuerzo por alzar la voz y hablar abiertamente de estos temas\u201d.<br \/>\nExplic\u00f3 que A21 , que tiene nueve a\u00f1os trabajando en M\u00e9xico, colabora con la Comisi\u00f3n Intersecretarial para Prevenir y Sancionar la Trata, con el fin de aportar estrategias y campa\u00f1as como la denominada \u201cPuedes Verme\u201d, la cual se ha impulsado en diversas regiones del pa\u00eds, en especial en las zonas fronterizas.<br \/>\nAsegur\u00f3 que es fundamental detener \u201cel consumo\u201d de todo tipo de actividades que son generadas<img decoding=\"async\" class=\"size-medium wp-image-407805 alignright\" src=\"https:\/\/dimensionturistica.com\/es\/wp-content\/uploads\/2022\/10\/TRATA3-300x200.jpg\" alt=\"\" width=\"300\" height=\"200\" srcset=\"https:\/\/dimensionturistica.com\/es\/wp-content\/uploads\/2022\/10\/TRATA3-300x200.jpg 300w, https:\/\/dimensionturistica.com\/es\/wp-content\/uploads\/2022\/10\/TRATA3.jpg 500w\" sizes=\"(max-width: 300px) 100vw, 300px\" \/> con la trata y reconoci\u00f3 que no ha sido f\u00e1cil lograr que las autoridades hayan aceptado las observaciones provenientes de la sociedad civil en esta materia.<br \/>\nPor su parte, Carolina Cortes, voluntaria de A21, asegur\u00f3 que el 13% de las personas identificadas como v\u00edctimas de trata en Europa provienen de Am\u00e9rica Latina y asegur\u00f3 que M\u00e9xico es un territorio de origen y destino de personas v\u00edctimas de este delito.<br \/>\nComent\u00f3 que una de cada cuatro personas v\u00edctimas de trata en M\u00e9xico es menor de edad y enfatiz\u00f3 en el problema que representa en nuestro pa\u00eds la producci\u00f3n y el consumo de pornograf\u00eda infantil.<br \/>\nEn tanto, Mar\u00eda Fernanda Tapia, voluntaria de A21, afirm\u00f3 que en entidades como Oaxaca, Chihuahua y Tlaxcala se presentan casos graves de trata, al tiempo que explotaci\u00f3n sexual est\u00e1n identificados estados como Guerrero, Yucat\u00e1n, el Estado de M\u00e9xico y la CDMX.<br \/>\nJonathan de Luna , voluntario de A21 , dijo que hoy m\u00e1s que nunca existen personas esclavizadas<img decoding=\"async\" class=\"size-medium wp-image-407800 alignright\" src=\"https:\/\/dimensionturistica.com\/es\/wp-content\/uploads\/2022\/10\/TRATA1-300x200.jpg\" alt=\"\" width=\"300\" height=\"200\" srcset=\"https:\/\/dimensionturistica.com\/es\/wp-content\/uploads\/2022\/10\/TRATA1-300x200.jpg 300w, https:\/\/dimensionturistica.com\/es\/wp-content\/uploads\/2022\/10\/TRATA1.jpg 500w\" sizes=\"(max-width: 300px) 100vw, 300px\" \/> de diversas formas en el mundo, ya que cada 40 segundos una persona pasa de una vida normal a ser vinculada con alguna forma de control, amedrentamiento o amenaza.<br \/>\nLos representantes de A21 en M\u00e9xico afirmaron que en la capital del pa\u00eds hay s\u00f3tanos en los que trabajan personas obligadas para hacer juguetes o ropa, lo que es otra forma de explotaci\u00f3n.<br \/>\nCoincidieron en que continuar\u00e1n colaborando con las autoridades federales y de la Ciudad de M\u00e9xico para denunciar casos y aportar acciones y estrategias para visibilizar la trata, as\u00ed como concientizar y organizar a la poblaci\u00f3n, adem\u00e1s de rescatar a la gente que ha sido v\u00edctima de este grave delito.<br \/>\nAl t\u00e9rmino de la conferencia de prensa, cerca de 500 personas marcharon en silencio y vestidas de negro en unifila, desde el Monumento a la Revoluci\u00f3n hasta el Angel de la Independencia para crear conciencia de este problema en la sociedad mexicana y establecer estrategias dirigidas a crear comportamientos sociales que protejan a la gente de las redes de trata que M\u00e9xico.<\/p>\n","protected":false},"excerpt":{"rendered":"<p>Un considerable n\u00famero de delitos en M\u00e9xico tienen su verdadero origen en m\u00faltiples casos de trata de personas, el cual es hoy el tercer delito m\u00e1s lucrativo en el mundo detr\u00e1s de la producci\u00f3n y comercializaci\u00f3n de drogas y de armas, al tiempo que en M\u00e9xico se ha convertido en un grave problema de seguridad. [&hellip;]<\/p>\n","protected":false},"author":1,"featured_media":407810,"comment_status":"open","ping_status":"closed","sticky":false,"template":"","format":"standard","meta":{"om_disable_all_campaigns":false,"jnews-multi-image_gallery":[],"jnews_single_post":{"source_name":"","source_url":"","via_name":"","via_url":"","override_template":"0","override":[{"template":"1","single_blog_custom":"","parallax":"1","fullscreen":"1","layout":"right-sidebar","sidebar":"default-sidebar","second_sidebar":"default-sidebar","sticky_sidebar":"1","share_position":"top","share_float_style":"share-monocrhome","show_share_counter":"1","show_view_counter":"1","show_featured":"1","show_post_meta":"1","show_post_author":"1","show_post_author_image":"1","show_post_date":"1","post_date_format":"default","post_date_format_custom":"Y\/m\/d","show_post_category":"1","show_post_reading_time":"0","post_reading_time_wpm":"300","show_zoom_button":"0","zoom_button_out_step":"2","zoom_button_in_step":"3","show_post_tag":"1","show_prev_next_post":"1","show_popup_post":"1","number_popup_post":"1","show_author_box":"0","show_post_related":"0","show_inline_post_related":"0"}],"override_image_size":"0","image_override":[{"single_post_thumbnail_size":"crop-500","single_post_gallery_size":"crop-500"}],"trending_post":"0","trending_post_position":"meta","trending_post_label":"Trending","sponsored_post":"0","sponsored_post_label":"Sponsored by","sponsored_post_name":"","sponsored_post_url":"","sponsored_post_logo_enable":"0","sponsored_post_logo":"","sponsored_post_desc":"","disable_ad":"0"},"jnews_primary_category":{"id":"","hide":""},"jnews_social_meta":{"fb_title":"","fb_description":"","fb_image":"","twitter_title":"","twitter_description":"","twitter_image":""},"footnotes":""},"categories":[40],"tags":[],"class_list":["post-407689","post","type-post","status-publish","format-standard","has-post-thumbnail","hentry","category-industria"],"_links":{"self":[{"href":"https:\/\/dimensionturistica.com\/es\/wp-json\/wp\/v2\/posts\/407689","targetHints":{"allow":["GET"]}}],"collection":[{"href":"https:\/\/dimensionturistica.com\/es\/wp-json\/wp\/v2\/posts"}],"about":[{"href":"https:\/\/dimensionturistica.com\/es\/wp-json\/wp\/v2\/types\/post"}],"author":[{"embeddable":true,"href":"https:\/\/dimensionturistica.com\/es\/wp-json\/wp\/v2\/users\/1"}],"replies":[{"embeddable":true,"href":"https:\/\/dimensionturistica.com\/es\/wp-json\/wp\/v2\/comments?post=407689"}],"version-history":[{"count":0,"href":"https:\/\/dimensionturistica.com\/es\/wp-json\/wp\/v2\/posts\/407689\/revisions"}],"wp:featuredmedia":[{"embeddable":true,"href":"https:\/\/dimensionturistica.com\/es\/wp-json\/wp\/v2\/media\/407810"}],"wp:attachment":[{"href":"https:\/\/dimensionturistica.com\/es\/wp-json\/wp\/v2\/media?parent=407689"}],"wp:term":[{"taxonomy":"category","embeddable":true,"href":"https:\/\/dimensionturistica.com\/es\/wp-json\/wp\/v2\/categories?post=407689"},{"taxonomy":"post_tag","embeddable":true,"href":"https:\/\/dimensionturistica.com\/es\/wp-json\/wp\/v2\/tags?post=407689"}],"curies":[{"name":"wp","href":"https:\/\/api.w.org\/{rel}","templated":true}]}}