{"id":407543,"date":"2022-10-18T15:53:02","date_gmt":"2022-10-18T15:53:02","guid":{"rendered":"https:\/\/dimensionturistica.com\/es\/?p=407543"},"modified":"2022-10-18T15:53:02","modified_gmt":"2022-10-18T15:53:02","slug":"inaugurada-la-i-feria-internacional-de-turismo-medico-y-bienestar","status":"publish","type":"post","link":"https:\/\/dimensionturistica.com\/es\/inaugurada-la-i-feria-internacional-de-turismo-medico-y-bienestar\/","title":{"rendered":"Inaugurada la I Feria Internacional de Turismo M\u00e9dico y Bienestar"},"content":{"rendered":"<p> <br \/>\n<\/p>\n<div property=\"schema:text\">\n<p><strong><span><span><span>Por Josefina Pichardo<\/span><\/span><\/span><\/strong><\/p>\n<p><span><span><span>En la jornada de ayer fue oficialmente inaugurada la <strong>I Feria Internacional de Turismo M\u00e9dico y Bienestar<\/strong> (FITSaludCuba) en el marco de la XV Feria Comercial Salud para Todos.<\/span><\/span><\/span><\/p>\n<p><span><span><span>FITSaludCuba acoger\u00e1, a su vez, al I Seminario Internacional de Turismo M\u00e9dico y Bienestar y al II Foro Internacional de Inversi\u00f3n Extranjera, los d\u00edas 18 y 19, respectivamente, en la Sala B de Pabexpo. Durante cuatro d\u00edas se expondr\u00e1n las experiencias para desarrollar el turismo de salud, se conciliar\u00e1n alianzas y se mostrar\u00e1 el potencial del Destino Cuba para esta modalidad.<\/span><\/span><\/span><\/p>\n<p><span><span><span>Liderado por la Comercializadora de Servicios M\u00e9dicos Cubanos (CSMC, S.A.), el pa\u00eds muestra al mundo su Cl\u00faster Salud, capaz de articular y coordinar la pink cubana de servicios m\u00e9dicos internacionales, los resultados del <span>chequeo<\/span> biofarmac\u00e9utico y las capacidades instaladas de los servicios tur\u00edsticos, a lo que se a\u00f1ade la garant\u00eda de una seguridad social y sanitaria, condiciones que en el contexto submit Covid-19 acompa\u00f1an de manera prioritaria a la decisi\u00f3n de viajar y la selecci\u00f3n del destino. <\/span><\/span><\/span><\/p>\n<p><span><span><span>La jornada inaugural de FITSaludCuba cont\u00f3 con la presencia de Manuel Marrero Cruz, primer ministro; Dr. Jos\u00e9 \u00c1ngel Portal Miranda, ministro de Salud P\u00fablica; Dra. Yamila de Armas \u00c1guila, presidenta de la Comercializadora de Servicios M\u00e9dicos Cubanos; ministros de salud; autoridades de la C\u00e1mara de Comercio, los ministerios de Turismo y Comunicaciones, BioCubaFarma, Instituto de Deportes, Educaci\u00f3n F\u00edsica y Recreaci\u00f3n, as\u00ed como de los principales actores de la actividad tur\u00edstica, como agencias de viajes, turoperadores especializados, representantes de sucursales de la Comercializadora de Servicios M\u00e9dicos, instituciones estatales de servicios.<\/span><\/span><\/span><\/p>\n<p><span><span><span>Las palabras centrales estuvieron a cargo de Juan Carlos Garc\u00eda Granda, ministro de Turismo, quien comenz\u00f3 destacando la fortaleza de la alianza entre los Servicios M\u00e9dicos cubanos y el Ministerio de Turismo. \u201cNos honra la participaci\u00f3n de empresas extranjeras relacionadas con el ramo, entre las cuales se encuentran personalidades de empresas de servicios m\u00e9dicos, hombres y mujeres de ciencia, agencias y turoperadores especializados que promueven y comercializan productos tur\u00edsticos de salud, bienestar y calidad de vida\u201d.<\/span><\/span><\/span><\/p>\n<p><span><span><span>\u201cA partir de este evento contaremos con un renovado enfoque de la oferta tur\u00edstica en una modalidad para la que Cuba cuenta con infraestructura y un nivel de profesionales altamente especializados, una red de servicios que acumula m\u00e1s de 30 a\u00f1os de experiencia en programas l\u00edderes para el tratamiento de importantes problemas de salud como el c\u00e1ncer y la diabetes\u201d. Adem\u00e1s, incorpora otras pr\u00e1cticas de medicina alternativa, naturalista y terap\u00e9uticas rehabilitadoras.<\/span><\/span><\/span><\/p>\n<p><span><span><span>\u201cSirva este encuentro para presentar al mundo, especialmente a los operadores especializados en turismo de salud y bienestar, los nuevos productos y ofertas. Cuba cuenta con un alto potencial para consolidarse como un referente mundial\u201d.<\/span><\/span><\/span><\/p>\n<p><span><span><span>\u201cLas perspectivas inducen al turismo de salud\u201d; explic\u00f3 que esta tendencia comenz\u00f3 durante la pasada d\u00e9cada de los 90, impulsada en gran medida por el Comandante en Jefe. Al presente, el Plan Nacional de Desarrollo hasta 2030 comprende la preparaci\u00f3n de 22 proyectos vinculados a esta modalidad, que incluyen balnearios de aguas minero medicinales, spa y cl\u00ednicas internacionales.<\/span><\/span><\/span><\/p>\n<p><span><span><span>Todo el potencial de salud de un pa\u00eds construido a lo largo de muchos a\u00f1os de formaci\u00f3n y ejercicio profesional, unido al desarrollo cient\u00edfico biofarmac\u00e9utico y el alcanzado por nuestra industria tur\u00edstica, se articulan integralmente para brindar el mejor servicio en funci\u00f3n de sanar y ofrecer la mayor calidad de vida al ser humano. <\/span><\/span><\/span><\/p>\n<p><span><span><span>Cuba es un destino de turismo m\u00e9dico y bienestar avalado por el prestigio y logros de la medicina cubana, la experticia, calidez y sensibilidad de sus profesionales. A su vez, posee la combinaci\u00f3n de un ambiente vacacional privilegiado, ya sea de playa, rural o de ciudad, las m\u00e1s contempor\u00e1neas tendencias de la medicina pure y tradicional, y los novedosos productos biotecnol\u00f3gicos cubanos, orientados a fortalecer el sistema inmunol\u00f3gico: un destino supreme para aquellos que desean combinar el descanso con tratamientos m\u00e9dicos y de bienestar.<\/span><\/span><\/span><\/p>\n<p>\u00a0<\/p>\n<p><img decoding=\"async\" alt=\"I Feria Internacional de Turismo M\u00e9dico y Bienestar.\" data-entity-type=\"file\" data-entity-uuid=\"06f1adb3-08a5-427e-8a28-465af886042a\" src=\"https:\/\/news.google.com\/sites\/default\/files\/inline-images\/WhatsApp,P20Image,P202022-10-18,P20at,P2011.42.47,P20AM.jpeg.pagespeed.ce.wmUbmllUrL.jpg\" class=\"align-center\" data-pagespeed-url-hash=\"3765209455\" onload=\"pagespeed.CriticalImages.checkImageForCriticality(this);\"\/><\/p>\n<p>\u00a0<\/p>\n<p><img decoding=\"async\" alt=\"I Feria Internacional de Turismo M\u00e9dico y Bienestar.\" data-entity-type=\"file\" data-entity-uuid=\"4930f63c-fdbd-4ec7-826f-ff9e3154d94e\" src=\"https:\/\/news.google.com\/sites\/default\/files\/inline-images\/WhatsApp,P20Image,P202022-10-18,P20at,P2011.43.44,P20AM.jpeg.pagespeed.ce.SMV50WAg3V.jpg\" class=\"align-center\" data-pagespeed-url-hash=\"3223009991\" onload=\"pagespeed.CriticalImages.checkImageForCriticality(this);\"\/><\/p>\n<p>\u00a0<\/p>\n<\/div>\n\n<p><em> &#8221; Fuentes news.google.com &#8221; <\/em><\/p>\n","protected":false},"excerpt":{"rendered":"<p>Por Josefina Pichardo En la jornada de ayer fue oficialmente inaugurada la I Feria Internacional de Turismo M\u00e9dico y Bienestar (FITSaludCuba) en el marco de la XV Feria Comercial Salud para Todos. FITSaludCuba acoger\u00e1, a su vez, al I Seminario Internacional de Turismo M\u00e9dico y Bienestar y al II Foro Internacional de Inversi\u00f3n Extranjera, los [&hellip;]<\/p>\n","protected":false},"author":4,"featured_media":0,"comment_status":"open","ping_status":"closed","sticky":false,"template":"","format":"standard","meta":{"om_disable_all_campaigns":false,"jnews-multi-image_gallery":[],"jnews_single_post":[],"jnews_primary_category":[],"jnews_social_meta":[],"footnotes":""},"categories":[40],"tags":[956,55557,705],"class_list":["post-407543","post","type-post","status-publish","format-standard","hentry","category-industria","tag-cuba","tag-fitsaludcuba","tag-noticias"],"_links":{"self":[{"href":"https:\/\/dimensionturistica.com\/es\/wp-json\/wp\/v2\/posts\/407543","targetHints":{"allow":["GET"]}}],"collection":[{"href":"https:\/\/dimensionturistica.com\/es\/wp-json\/wp\/v2\/posts"}],"about":[{"href":"https:\/\/dimensionturistica.com\/es\/wp-json\/wp\/v2\/types\/post"}],"author":[{"embeddable":true,"href":"https:\/\/dimensionturistica.com\/es\/wp-json\/wp\/v2\/users\/4"}],"replies":[{"embeddable":true,"href":"https:\/\/dimensionturistica.com\/es\/wp-json\/wp\/v2\/comments?post=407543"}],"version-history":[{"count":0,"href":"https:\/\/dimensionturistica.com\/es\/wp-json\/wp\/v2\/posts\/407543\/revisions"}],"wp:attachment":[{"href":"https:\/\/dimensionturistica.com\/es\/wp-json\/wp\/v2\/media?parent=407543"}],"wp:term":[{"taxonomy":"category","embeddable":true,"href":"https:\/\/dimensionturistica.com\/es\/wp-json\/wp\/v2\/categories?post=407543"},{"taxonomy":"post_tag","embeddable":true,"href":"https:\/\/dimensionturistica.com\/es\/wp-json\/wp\/v2\/tags?post=407543"}],"curies":[{"name":"wp","href":"https:\/\/api.w.org\/{rel}","templated":true}]}}