{"id":407439,"date":"2022-10-18T18:37:59","date_gmt":"2022-10-18T18:37:59","guid":{"rendered":"https:\/\/dimensionturistica.com\/es\/?p=407439"},"modified":"2022-10-18T18:37:59","modified_gmt":"2022-10-18T18:37:59","slug":"conquistan-chefs-de-guanajuato-en-vallarta-nayarit-gastronomica","status":"publish","type":"post","link":"https:\/\/dimensionturistica.com\/es\/conquistan-chefs-de-guanajuato-en-vallarta-nayarit-gastronomica\/","title":{"rendered":"Conquistan chefs de Guanajuato en Vallarta Nayarit Gastron\u00f3mica"},"content":{"rendered":"<p>Los chefs David Quevedo Olvera y Luis Enrique Y\u00e1\u00f1ez Casta\u00f1eda sorprendieron con su arte<img decoding=\"async\" class=\"size-medium wp-image-407673 alignright\" src=\"https:\/\/dimensionturistica.com\/es\/wp-content\/uploads\/2022\/10\/GUANA1-300x200.jpg\" alt=\"\" width=\"300\" height=\"200\" srcset=\"https:\/\/dimensionturistica.com\/es\/wp-content\/uploads\/2022\/10\/GUANA1-300x200.jpg 300w, https:\/\/dimensionturistica.com\/es\/wp-content\/uploads\/2022\/10\/GUANA1.jpg 500w\" sizes=\"(max-width: 300px) 100vw, 300px\" \/> culinario, inspirados en el Estado de Guanajuato, a reconocidos chefs con Estrellas Michelin y profesionales de la gastronom\u00eda a nivel nacional e internacional en la 14va. edici\u00f3n del Vallarta Nayarit Gastron\u00f3mica (VNG), en Puerto Vallarta y Riviera Nayarit.<br \/>\nEn los Puertos m\u00e1s hermosos de M\u00e9xico, los 2 Chefs reunieron ingredientes end\u00e9micos de la entidad y evocaron un conjunto de sensaciones al mezclar la historia y las tradiciones de los destinos de Guanajuato en sus tapas ganadoras: \u201cTaco Ceremonial\u201d y \u201cTaco de Cuaresma\u201d, en el Show Cooking \u201cGastronom\u00eda Sustentable, visi\u00f3n Guanajuato\u201d, en una degustaci\u00f3n en el stand de \u201cGuanajuato S\u00ed Sabe\u201d y en una lujosa Cena de<img decoding=\"async\" class=\"size-medium wp-image-407679 alignright\" src=\"https:\/\/dimensionturistica.com\/es\/wp-content\/uploads\/2022\/10\/GUANA7-300x200.jpg\" alt=\"\" width=\"300\" height=\"200\" srcset=\"https:\/\/dimensionturistica.com\/es\/wp-content\/uploads\/2022\/10\/GUANA7-300x200.jpg 300w, https:\/\/dimensionturistica.com\/es\/wp-content\/uploads\/2022\/10\/GUANA7.jpg 500w\" sizes=\"(max-width: 300px) 100vw, 300px\" \/> Gala.<br \/>\n\u201cNos llena de orgullo compartir con ustedes nuestra historia transformada en sabores y aromas, tomando en cuenta a las cocinas tradicionales y la alta cocina. En el Estado reconocemos el talento y profesionalismo de David y Enrique, chefs que ponen -una vez m\u00e1s- en alto el nombre de Guanajuato con la creatividad de sus tapas\u201d, aplaudi\u00f3 Juan Jos\u00e9 \u00c1lvarez Brunel, secretario de Turismo de Guanajuato.<br \/>\nEnrique, nacido en San Miguel de Allende, cre\u00f3 la tapa \u201cTaco de Cuaresma\u201d este a\u00f1o y fue ganador del Concurso Estatal de Pinchos y Tapas \u201cGuanajuato S\u00ed Sabe\u201d. \u201cKike\u201d, estudiante de gastronom\u00eda<img decoding=\"async\" class=\"size-medium wp-image-407678 alignright\" src=\"https:\/\/dimensionturistica.com\/es\/wp-content\/uploads\/2022\/10\/GUANA6-300x200.jpg\" alt=\"\" width=\"300\" height=\"200\" srcset=\"https:\/\/dimensionturistica.com\/es\/wp-content\/uploads\/2022\/10\/GUANA6-300x200.jpg 300w, https:\/\/dimensionturistica.com\/es\/wp-content\/uploads\/2022\/10\/GUANA6.jpg 500w\" sizes=\"(max-width: 300px) 100vw, 300px\" \/> prepar\u00f3 300 de estas tapas y las dio a degustar a estudiantes y profesionales de la gastronom\u00eda, quienes reconocieron el talento guanajuatense.<br \/>\n\u201cTaco Cuaresma lleva ingredientes end\u00e9micos de Guanajuato y tambi\u00e9n ingredientes de la Milpa que comemos a diario, principalmente ma\u00edz, chile, flor de calabaza y verdolagas; es la reconstrucci\u00f3n de un platillo tradicional que se come en tiempos de cuaresma y que he comido desde muy peque\u00f1o\u201d, expres\u00f3 Luis Enrique.<br \/>\nEn esta tapa \u201crepresento con orgullo a mi ciudad, San Miguel de Allende, sus colores y sus tradiciones. Mi experiencia en VNG ha sido de lo mejor, conoc\u00ed, conviv\u00ed y compart\u00ed cocina con grandes chefs mexicanos y extranjeros. Me llevo experiencia, amistades y el conocimiento de<img decoding=\"async\" class=\"size-medium wp-image-407677 alignright\" src=\"https:\/\/dimensionturistica.com\/es\/wp-content\/uploads\/2022\/10\/GUANA5-300x200.jpg\" alt=\"\" width=\"300\" height=\"200\" srcset=\"https:\/\/dimensionturistica.com\/es\/wp-content\/uploads\/2022\/10\/GUANA5-300x200.jpg 300w, https:\/\/dimensionturistica.com\/es\/wp-content\/uploads\/2022\/10\/GUANA5.jpg 500w\" sizes=\"(max-width: 300px) 100vw, 300px\" \/> nuevos sabores e ingredientes; adem\u00e1s de la satisfacci\u00f3n de que mi tapa les gusto a los asistentes del evento\u201d, resalt\u00f3 el chef sanmiguelense.<br \/>\nDavid Quevedo, originario de San Luis de la Paz y campe\u00f3n del primer lugar en el \u201cV Campeonato Mundial de Tapas\u201d en Valladolid, Espa\u00f1a, prepar\u00f3 -con la ayuda de Luis Enrique- el quinto tiempo de la Cena de Gala del VNG.<br \/>\nEl chef volvi\u00f3 a deleitar a un nuevo p\u00fablico, entre ellos, a Dominique Crenn, primera chef mujer en Am\u00e9rica galardonada con tres estrellas Michelin, y a 79 comensales m\u00e1s, con su tapa ganadora \u201cchile relleno de conejo guisado y envuelto en tortilla ceremonial, montado en una Galere\u00f1a de papel\u201d.<br \/>\n\u201cMe siento honrado de volver a representar a Guanajuato. Esta tapa es la representaci\u00f3n de Taco Ceremonial toma el significado del sacrificio que hac\u00edan las cocineras tradicionales de la<img decoding=\"async\" class=\"size-medium wp-image-407676 alignright\" src=\"https:\/\/dimensionturistica.com\/es\/wp-content\/uploads\/2022\/10\/GUANA4-300x200.jpg\" alt=\"\" width=\"300\" height=\"200\" srcset=\"https:\/\/dimensionturistica.com\/es\/wp-content\/uploads\/2022\/10\/GUANA4-300x200.jpg 300w, https:\/\/dimensionturistica.com\/es\/wp-content\/uploads\/2022\/10\/GUANA4.jpg 500w\" sizes=\"(max-width: 300px) 100vw, 300px\" \/> civilizaci\u00f3n Chichimeca y Otom\u00ed, para entregar una tapa a su familia\u201d, apunt\u00f3 el chef Quevedo.<br \/>\nEste a\u00f1o, se reunieron en la 14va. edici\u00f3n -que se celebra del 12 al 18 de octubre- Sommeliers, Mix\u00f3logos, Chefs con Estrellas Michelin y 50 Best, Chefs Celebridades, Top Chefs, Chefs Embajadores de Estados, y estudiantes de Gastronom\u00eda.<br \/>\nTodos ellos reconocieron la calidad de la aut\u00e9ntica cocina de Guanajuato, destino que, por 6to. a\u00f1o, muestra, celebra y comparte en \u201cVallarta Nayarit Gastron\u00f3mica\u201d con el lema \u201cSustentabilidad. La gastronom\u00eda es uno de los segmentos m\u00e1s importantes que atrae turismo a los destinos guanajuatenses.<br \/>\nEn cuanto al lema principal de esta edici\u00f3n de VNG, el secretario de Turismo se\u00f1al\u00f3 que sustentabilidad implica un \u201ccambio de actitud, un cambio de consciencia y de consumo, si<img decoding=\"async\" class=\"size-medium wp-image-407675 alignright\" src=\"https:\/\/dimensionturistica.com\/es\/wp-content\/uploads\/2022\/10\/GUANA3-300x200.jpg\" alt=\"\" width=\"300\" height=\"200\" srcset=\"https:\/\/dimensionturistica.com\/es\/wp-content\/uploads\/2022\/10\/GUANA3-300x200.jpg 300w, https:\/\/dimensionturistica.com\/es\/wp-content\/uploads\/2022\/10\/GUANA3.jpg 500w\" sizes=\"(max-width: 300px) 100vw, 300px\" \/> nosotros estamos conscientes de lo que estamos haciendo y lo hacemos con conciencia, vamos a poder hacer ese cambio que necesitamos\u201d.<br \/>\nAs\u00ed como David y Enrique, \u201cnecesitamos a un sector participativo. Los gobernantes tenemos el objetivo de provocar que se den las condiciones para alguien que ofrece algo y que aquel que lo demande lo encuentre. En la SECTUR apoyamos a la cadena de valor del Turismo con el objetivo de poner en alto el nombre de Guanajuato\u201d, finaliz\u00f3 Juan Jos\u00e9 \u00c1lvarez Brunel.<\/p>\n","protected":false},"excerpt":{"rendered":"<p>Los chefs David Quevedo Olvera y Luis Enrique Y\u00e1\u00f1ez Casta\u00f1eda sorprendieron con su arte culinario, inspirados en el Estado de Guanajuato, a reconocidos chefs con Estrellas Michelin y profesionales de la gastronom\u00eda a nivel nacional e internacional en la 14va. edici\u00f3n del Vallarta Nayarit Gastron\u00f3mica (VNG), en Puerto Vallarta y Riviera Nayarit. En los Puertos [&hellip;]<\/p>\n","protected":false},"author":1,"featured_media":407674,"comment_status":"open","ping_status":"closed","sticky":false,"template":"","format":"standard","meta":{"om_disable_all_campaigns":false,"jnews-multi-image_gallery":[],"jnews_single_post":{"source_name":"","source_url":"","via_name":"","via_url":"","override_template":"0","override":[{"template":"1","single_blog_custom":"","parallax":"1","fullscreen":"1","layout":"right-sidebar","sidebar":"default-sidebar","second_sidebar":"default-sidebar","sticky_sidebar":"1","share_position":"top","share_float_style":"share-monocrhome","show_share_counter":"1","show_view_counter":"1","show_featured":"1","show_post_meta":"1","show_post_author":"1","show_post_author_image":"1","show_post_date":"1","post_date_format":"default","post_date_format_custom":"Y\/m\/d","show_post_category":"1","show_post_reading_time":"0","post_reading_time_wpm":"300","show_zoom_button":"0","zoom_button_out_step":"2","zoom_button_in_step":"3","show_post_tag":"1","show_prev_next_post":"1","show_popup_post":"1","number_popup_post":"1","show_author_box":"0","show_post_related":"0","show_inline_post_related":"0"}],"override_image_size":"0","image_override":[{"single_post_thumbnail_size":"crop-500","single_post_gallery_size":"crop-500"}],"trending_post":"0","trending_post_position":"meta","trending_post_label":"Trending","sponsored_post":"0","sponsored_post_label":"Sponsored by","sponsored_post_name":"","sponsored_post_url":"","sponsored_post_logo_enable":"0","sponsored_post_logo":"","sponsored_post_desc":"","disable_ad":"0"},"jnews_primary_category":{"id":"","hide":""},"jnews_social_meta":{"fb_title":"","fb_description":"","fb_image":"","twitter_title":"","twitter_description":"","twitter_image":""},"footnotes":""},"categories":[43],"tags":[],"class_list":["post-407439","post","type-post","status-publish","format-standard","has-post-thumbnail","hentry","category-gourmet"],"_links":{"self":[{"href":"https:\/\/dimensionturistica.com\/es\/wp-json\/wp\/v2\/posts\/407439","targetHints":{"allow":["GET"]}}],"collection":[{"href":"https:\/\/dimensionturistica.com\/es\/wp-json\/wp\/v2\/posts"}],"about":[{"href":"https:\/\/dimensionturistica.com\/es\/wp-json\/wp\/v2\/types\/post"}],"author":[{"embeddable":true,"href":"https:\/\/dimensionturistica.com\/es\/wp-json\/wp\/v2\/users\/1"}],"replies":[{"embeddable":true,"href":"https:\/\/dimensionturistica.com\/es\/wp-json\/wp\/v2\/comments?post=407439"}],"version-history":[{"count":0,"href":"https:\/\/dimensionturistica.com\/es\/wp-json\/wp\/v2\/posts\/407439\/revisions"}],"wp:featuredmedia":[{"embeddable":true,"href":"https:\/\/dimensionturistica.com\/es\/wp-json\/wp\/v2\/media\/407674"}],"wp:attachment":[{"href":"https:\/\/dimensionturistica.com\/es\/wp-json\/wp\/v2\/media?parent=407439"}],"wp:term":[{"taxonomy":"category","embeddable":true,"href":"https:\/\/dimensionturistica.com\/es\/wp-json\/wp\/v2\/categories?post=407439"},{"taxonomy":"post_tag","embeddable":true,"href":"https:\/\/dimensionturistica.com\/es\/wp-json\/wp\/v2\/tags?post=407439"}],"curies":[{"name":"wp","href":"https:\/\/api.w.org\/{rel}","templated":true}]}}