{"id":407387,"date":"2022-10-18T13:05:19","date_gmt":"2022-10-18T13:05:19","guid":{"rendered":"https:\/\/dimensionturistica.com\/es\/?p=407387"},"modified":"2022-10-18T13:05:20","modified_gmt":"2022-10-18T13:05:20","slug":"menos-plazas-y-mayor-duracion","status":"publish","type":"post","link":"https:\/\/dimensionturistica.com\/es\/menos-plazas-y-mayor-duracion\/","title":{"rendered":"menos plazas y mayor duraci\u00f3n"},"content":{"rendered":"<p> <br \/>\n<\/p>\n<div data-voc-component=\"voc-d\">\n<section class=\"voc-author\">\n<div class=\"voc-author__item voc-author__item--2\">\n<div class=\"voc-author__container\">\n<div class=\"voc-author__subitem voc-author__subitem--1\">\n<p class=\"voc-author__date\">\n18\/10\/2022  <\/p>\n<p><time datetime=\"2022-10-18T13:01:23Z\" class=\"voc-author__time\"><br \/>\nActualizado a las 15:01h.<br \/>\n<\/time>\n<\/div>\n<\/div>\n<\/div>\n<\/section>\n<p class=\"voc-p\">La venta de los\u00a0<strong> viajes del Imserso de la temporada 2022-2023 <\/strong> empez\u00f3 hace apenas un mes, aunque a\u00fan\u00a0<a rel=\"nofollow noopener\" target=\"_blank\" href=\"https:\/\/www.lavozdigital.es\/economia\/ultimas-plazas-disponibles-viajar-programa-turismo-social-20221018203931-nts.html#ns_campaign=rrss&amp;ns_mchannel=abcdesevilla-es&amp;ns_source=tw&amp;ns_linkname=seccion&amp;ns_fee=0&amp;_tcode=OWF6ZXMy\" data-voc-vtm-id=\"in-text-traffic\" title=\" quedan ciertas vacantes \"> quedan ciertas vacantes <\/a> para viajar a distintos destinos. Paralelamente, y no habiendo finalizado todav\u00eda la temporada de este a\u00f1o, el Gobierno ha anunciado\u00a0novedades y cambios en los <strong> viajes del Imserso de la pr\u00f3xima temporada 2023-2024. <\/strong><\/p>\n<p><h3 class=\"voc-d-c__s-title\">\nN\u00fameros de plazas en 2023<br \/>\n<\/h3>\n<\/p>\n<p class=\"voc-p\">El Gobierno ha anunciado que\u00a0prev\u00e9 recortar el n\u00famero de plazas\u00a0del programa del Imserso, aunque <strong> aumentar\u00e1 la duraci\u00f3n de los viajes <\/strong>. Concretamente, la oferta de turismo social ser\u00e1 de\u00a0<strong> 813.000 plazas  <\/strong>frente a las 820.000 plazas que se pusieron a la venta el d\u00eda 20 del pasado mes de septiembre. As\u00ed mismo, se cree que caer\u00e1 la demanda y\u00a0<strong> solo se ocupar\u00e1n el 90% de las plazas. <\/strong><\/p>\n<p class=\"voc-p\">Por otro lado, en cuanto al\u00a0<strong> turismo termal <\/strong>, el n\u00famero no variar\u00e1 para el pr\u00f3ximo a\u00f1o y se mantendr\u00e1 en 192.000, pero est\u00e1 previsto que solo se ocupen seis de cada diez plazas.<\/p>\n<p><h3 class=\"voc-d-c__s-title\">\nNovedades en los viajes del Imserso 2023-2024: duraci\u00f3n de la estancia<br \/>\n<\/h3>\n<\/p>\n<p class=\"voc-p\">Tal y como ha adelantado 20 minutos, la <strong> otra novedad del Gobierno es aumentar la duraci\u00f3n de los viajes <\/strong>. De esta forma, se prev\u00e9 un aumento appreciable del n\u00famero de estancias, que pasar\u00e1n de 6,1 millones a 6,5 millones, por lo que el\u00a0n\u00famero de noches <strong> pasar\u00e1 de los 7,5 d\u00edas de media a\u00a0m\u00e1s de 8 d\u00edas en 2023 <\/strong>.<\/p>\n<p class=\"voc-p\">Estas <strong> novedades de los viajes del Imserso 2023-2024  <\/strong>se han anunciado junto al aumento del presupuesto del Instituto de Mayores y Servicios Sociales (Imserso) que<strong>  contar\u00e1 con un whole de 6.672 millones de euros, <\/strong>\u00a0un 14% m\u00e1s que en 2022. Adem\u00e1s, 71,7 millones ir\u00e1n destinados al turismo social y casi 36 millones a los programas de termalismo.<\/p>\n<section class=\"voc-btn__container voc-btn__container--s-between\">\n<p><button data-target=\"open-report-error\" data-voc-component=\"modal-open\" class=\"voc-btn voc-btn--g report-error__btn\" data-voc-open-report-error=\"\"><br \/>\nReportar un error<br \/>\n<\/button><br \/>\n<!-- MODAL OPEN COMMENTS NO SUSCRIPTOR --><\/p>\n<\/section>\n<\/div>\n\n<p><em> &#8221; Fuentes www.lavozdigital.es &#8221; <\/em><\/p>\n","protected":false},"excerpt":{"rendered":"<p>18\/10\/2022 Actualizado a las 15:01h. La venta de los\u00a0 viajes del Imserso de la temporada 2022-2023 empez\u00f3 hace apenas un mes, aunque a\u00fan\u00a0 quedan ciertas vacantes para viajar a distintos destinos. Paralelamente, y no habiendo finalizado todav\u00eda la temporada de este a\u00f1o, el Gobierno ha anunciado\u00a0novedades y cambios en los viajes del Imserso de la [&hellip;]<\/p>\n","protected":false},"author":4,"featured_media":407388,"comment_status":"open","ping_status":"closed","sticky":false,"template":"","format":"standard","meta":{"om_disable_all_campaigns":false,"jnews-multi-image_gallery":[],"jnews_single_post":[],"jnews_primary_category":[],"jnews_social_meta":[],"footnotes":""},"categories":[39],"tags":[13282,813,545],"class_list":["post-407387","post","type-post","status-publish","format-standard","has-post-thumbnail","hentry","category-viajes","tag-13282","tag-imserso","tag-viajes"],"_links":{"self":[{"href":"https:\/\/dimensionturistica.com\/es\/wp-json\/wp\/v2\/posts\/407387","targetHints":{"allow":["GET"]}}],"collection":[{"href":"https:\/\/dimensionturistica.com\/es\/wp-json\/wp\/v2\/posts"}],"about":[{"href":"https:\/\/dimensionturistica.com\/es\/wp-json\/wp\/v2\/types\/post"}],"author":[{"embeddable":true,"href":"https:\/\/dimensionturistica.com\/es\/wp-json\/wp\/v2\/users\/4"}],"replies":[{"embeddable":true,"href":"https:\/\/dimensionturistica.com\/es\/wp-json\/wp\/v2\/comments?post=407387"}],"version-history":[{"count":0,"href":"https:\/\/dimensionturistica.com\/es\/wp-json\/wp\/v2\/posts\/407387\/revisions"}],"wp:featuredmedia":[{"embeddable":true,"href":"https:\/\/dimensionturistica.com\/es\/wp-json\/wp\/v2\/media\/407388"}],"wp:attachment":[{"href":"https:\/\/dimensionturistica.com\/es\/wp-json\/wp\/v2\/media?parent=407387"}],"wp:term":[{"taxonomy":"category","embeddable":true,"href":"https:\/\/dimensionturistica.com\/es\/wp-json\/wp\/v2\/categories?post=407387"},{"taxonomy":"post_tag","embeddable":true,"href":"https:\/\/dimensionturistica.com\/es\/wp-json\/wp\/v2\/tags?post=407387"}],"curies":[{"name":"wp","href":"https:\/\/api.w.org\/{rel}","templated":true}]}}