{"id":407096,"date":"2022-10-18T00:28:21","date_gmt":"2022-10-18T00:28:21","guid":{"rendered":"https:\/\/dimensionturistica.com\/es\/?p=407096"},"modified":"2022-10-18T00:28:21","modified_gmt":"2022-10-18T00:28:21","slug":"estos-son-los-cambios-en-los-viajes-del-imserso-para-2023","status":"publish","type":"post","link":"https:\/\/dimensionturistica.com\/es\/estos-son-los-cambios-en-los-viajes-del-imserso-para-2023\/","title":{"rendered":"Estos son los cambios en los viajes del Imserso para 2023"},"content":{"rendered":"<p> <br \/>\n<\/p>\n<div>\n<article class=\"voc-article voc-article--detail voc-article--detail--base voc-article--photo-bottom\"><!-- IMAGE --><\/p>\n<div class=\"voc-img-container  \"><picture>\n<div class=\"voc-horizontal voc-img-icon-link\"><img decoding=\"async\" src=\"https:\/\/static2.elcomercio.es\/www\/multimedia\/202210\/17\/media\/cortadas\/viajes-imserso-cambios-2023-kW7B-U180405180401b0B-624x385@El%20Comercio.jpg\" title=\"\" alt=\"El Gobierno recortar\u00e1 plazas para los viajes del Imserso en 2023.\/efe\" onload=\"performance.mark('fmp');\"\/><noscript><img decoding=\"async\" src=\"https:\/\/static2.elcomercio.es\/www\/multimedia\/202210\/17\/media\/cortadas\/viajes-imserso-cambios-2023-kW7B-U180405180401b0B-624x385@El%20Comercio.jpg\" alt=\"El Gobierno recortar\u00e1 plazas para los viajes del Imserso en 2023.\"\/><\/noscript><\/div>\n<\/picture>\n<p class=\"figure-caption\"><span class=\"voc-photo-caption\">El Gobierno recortar\u00e1 plazas para los viajes del Imserso en 2023. \/ <\/span><span class=\"voc-photo-author\">efe<\/span><\/p>\n<\/div>\n<p><!-- INFO CONTAINER --><\/p>\n<p><h2 class=\"voc-sub-title\">El Gobierno recortar\u00e1 el n\u00famero de plazas para jubilados y pensionistas aunque mantendr\u00e1 la misma oferta para el turismo termal<\/h2>\n<\/p>\n<\/article>\n<\/div>\n<div data-voc-share-selection=\"\"><!-- AUTHOR --><\/p>\n<div class=\"voc-author-timesocial \"><!-- AUTHOR --><\/p>\n<div class=\"voc-author-timesocial__signature\"><!-- IMAGE AUTHOR --><picture class=\"voc-image-signature\"><img decoding=\"async\" class=\"voc-image-signature__img\" src=\"https:\/\/static1.elcomercio.es\/comun\/img\/2014\/autor\/autor-4641-foto-1.jpeg\" alt=\"Patricia Carcedo\"\/><\/picture><!-- INFO AUTHOR --><\/div>\n<\/div>\n<p><!-- COMPONENTS --><\/p>\n<p class=\"voc-paragraph\">Los<br \/>\n<strong>viajes del Imserso<\/strong> permiten a muchos pensionistas y jubilados desplazarse a precios econ\u00f3micos por nuestro pa\u00eds y disfrutar de las ventajas de un turismo barato y adaptado a sus necesidades. El programa de este 2022 ya est\u00e1 en marcha, pero de cara al pr\u00f3ximo a\u00f1o 2023 son algunas las novedades que ya se han anunciado. Estos cambios afectan al n\u00famero de plazas ofertadas, que ser\u00e1 menor, y por otra parte a la duraci\u00f3n media de la estancia, que aumentar\u00e1.\n<\/p>\n<p class=\"voc-paragraph\">El Gobierno destinar\u00e1 a las partidas para el envejecimiento activo y la prevenci\u00f3n de la dependencia 123 millones de euros, de los que 71,7 millones -cinco m\u00e1s con respecto a 2022- ir\u00e1n destinados al turismo social y casi 36 millones a los programas de termalismo.\n<\/p>\n<p class=\"voc-paragraph\">Aunque tambi\u00e9n prev\u00e9<br \/>\n<strong>recortar el n\u00famero de plazas<\/strong> de este tipo de viajes y la oferta ser\u00e1 de 831.000 plazas, 3.000 menos si lo comparamos con el a\u00f1o pasado, pero adem\u00e1s considera que solo se ocupar\u00e1n 734.000, es decir el 90%. Para el<br \/>\n<strong>turismo termal <\/strong>s\u00ed se mantendr\u00e1 la misma oferta de 192.000 plazas aunque los objetivos de ocupaci\u00f3n no son nada favorables, se estima que se ocupen seis de cada diez plazas.\n<\/p>\n<p class=\"voc-paragraph\">En cuanto a la<br \/>\n<strong>duraci\u00f3n de los viajes,<\/strong> se espera un aumento appreciable en las estancias que ahora se sit\u00faan en los 7,5 d\u00edas de media de 2022 a m\u00e1s de 8 d\u00edas en 2023.\n<\/p>\n<p class=\"voc-paragraph\">El objetivo del programa de turismo del Imserso es contribuir a mejorar la calidad de vida de las personas mayores, mantener empleo e incluso crear empleo en el sector tur\u00edstico en temporadas de baja ocupaci\u00f3n y generar actividad econ\u00f3mico. Sin embargo, con la reducci\u00f3n del presupuesto y la ca\u00edda de la demanda algunos hosteleros no ven tan claro el retorno econ\u00f3mico de los viajes de pensionistas y jubilados\n<\/p>\n<p><h3 class=\"voc-detail__title\">\n  Paquetes de viajes entre 115 y 405 euros<br \/>\n<\/h3>\n<\/p>\n<p class=\"voc-paragraph\">El listado de precios de los viajes del Imserso que actualmente est\u00e1 disponible para los desplazamientos comprendidos entre octubre de 2022 y junio de 2023 oscila entre los 115, 98 euros, para conocer tres capitales de provincia durante cuatro d\u00edas, y los 405,03 euros, para viajar a la costa canaria durante diez d\u00edas. Estas escapades a coste reducido incluyen: alojamiento, transporte de ida y vuelta, p\u00f3liza de seguros y programaci\u00f3n socio-cultural variada.\n<\/p>\n<p><!-- TOPICS --><!-- TENDENCIAS --><\/div>\n\n<p><em> &#8221; Fuentes www.elcomercio.es &#8221; <\/em><\/p>\n","protected":false},"excerpt":{"rendered":"<p>El Gobierno recortar\u00e1 plazas para los viajes del Imserso en 2023. \/ efe El Gobierno recortar\u00e1 el n\u00famero de plazas para jubilados y pensionistas aunque mantendr\u00e1 la misma oferta para el turismo termal Los viajes del Imserso permiten a muchos pensionistas y jubilados desplazarse a precios econ\u00f3micos por nuestro pa\u00eds y disfrutar de las ventajas [&hellip;]<\/p>\n","protected":false},"author":4,"featured_media":407097,"comment_status":"open","ping_status":"closed","sticky":false,"template":"","format":"standard","meta":{"om_disable_all_campaigns":false,"jnews-multi-image_gallery":[],"jnews_single_post":[],"jnews_primary_category":[],"jnews_social_meta":[],"footnotes":""},"categories":[39],"tags":[13282,9047,813,545],"class_list":["post-407096","post","type-post","status-publish","format-standard","has-post-thumbnail","hentry","category-viajes","tag-13282","tag-cambios","tag-imserso","tag-viajes"],"_links":{"self":[{"href":"https:\/\/dimensionturistica.com\/es\/wp-json\/wp\/v2\/posts\/407096","targetHints":{"allow":["GET"]}}],"collection":[{"href":"https:\/\/dimensionturistica.com\/es\/wp-json\/wp\/v2\/posts"}],"about":[{"href":"https:\/\/dimensionturistica.com\/es\/wp-json\/wp\/v2\/types\/post"}],"author":[{"embeddable":true,"href":"https:\/\/dimensionturistica.com\/es\/wp-json\/wp\/v2\/users\/4"}],"replies":[{"embeddable":true,"href":"https:\/\/dimensionturistica.com\/es\/wp-json\/wp\/v2\/comments?post=407096"}],"version-history":[{"count":0,"href":"https:\/\/dimensionturistica.com\/es\/wp-json\/wp\/v2\/posts\/407096\/revisions"}],"wp:featuredmedia":[{"embeddable":true,"href":"https:\/\/dimensionturistica.com\/es\/wp-json\/wp\/v2\/media\/407097"}],"wp:attachment":[{"href":"https:\/\/dimensionturistica.com\/es\/wp-json\/wp\/v2\/media?parent=407096"}],"wp:term":[{"taxonomy":"category","embeddable":true,"href":"https:\/\/dimensionturistica.com\/es\/wp-json\/wp\/v2\/categories?post=407096"},{"taxonomy":"post_tag","embeddable":true,"href":"https:\/\/dimensionturistica.com\/es\/wp-json\/wp\/v2\/tags?post=407096"}],"curies":[{"name":"wp","href":"https:\/\/api.w.org\/{rel}","templated":true}]}}