{"id":406970,"date":"2022-10-17T20:20:10","date_gmt":"2022-10-17T20:20:10","guid":{"rendered":"https:\/\/dimensionturistica.com\/es\/?p=406970"},"modified":"2022-10-17T20:20:10","modified_gmt":"2022-10-17T20:20:10","slug":"artesanias-gran-motivador-de-viaje-e-impulsor-del-gasto-turistico","status":"publish","type":"post","link":"https:\/\/dimensionturistica.com\/es\/artesanias-gran-motivador-de-viaje-e-impulsor-del-gasto-turistico\/","title":{"rendered":"Artesan\u00edas, gran motivador de viaje e impulsor del gasto tur\u00edstico"},"content":{"rendered":"<p>El secretario de Turismo del Gobierno de M\u00e9xico, Miguel Torruco Marqu\u00e9s, destac\u00f3 que las<img decoding=\"async\" class=\"size-medium wp-image-406986 alignright\" src=\"https:\/\/dimensionturistica.com\/es\/wp-content\/uploads\/2022\/10\/Feria-Internacional-de-Artesanias-Las-manos-del-mundo-1-300x200.jpeg\" alt=\"\" width=\"300\" height=\"200\" srcset=\"https:\/\/dimensionturistica.com\/es\/wp-content\/uploads\/2022\/10\/Feria-Internacional-de-Artesanias-Las-manos-del-mundo-1-300x200.jpeg 300w, https:\/\/dimensionturistica.com\/es\/wp-content\/uploads\/2022\/10\/Feria-Internacional-de-Artesanias-Las-manos-del-mundo-1-1024x682.jpeg 1024w, https:\/\/dimensionturistica.com\/es\/wp-content\/uploads\/2022\/10\/Feria-Internacional-de-Artesanias-Las-manos-del-mundo-1-768x512.jpeg 768w, https:\/\/dimensionturistica.com\/es\/wp-content\/uploads\/2022\/10\/Feria-Internacional-de-Artesanias-Las-manos-del-mundo-1-1536x1023.jpeg 1536w, https:\/\/dimensionturistica.com\/es\/wp-content\/uploads\/2022\/10\/Feria-Internacional-de-Artesanias-Las-manos-del-mundo-1-750x500.jpeg 750w, https:\/\/dimensionturistica.com\/es\/wp-content\/uploads\/2022\/10\/Feria-Internacional-de-Artesanias-Las-manos-del-mundo-1-1140x760.jpeg 1140w, https:\/\/dimensionturistica.com\/es\/wp-content\/uploads\/2022\/10\/Feria-Internacional-de-Artesanias-Las-manos-del-mundo-1.jpeg 1600w\" sizes=\"(max-width: 300px) 100vw, 300px\" \/> artesan\u00edas son un importante motivador de viaje, as\u00ed como un incentivador de gasto, lo cual es factor fundamental en la potencialidad tur\u00edstica de una naci\u00f3n.<br \/>\nAl inaugurar la 19 edici\u00f3n de la Feria Internacional de Artesan\u00edas \u201cLas manos del mundo\u201d, organizada por la Uni\u00f3n Nacional de Artesanos de M\u00e9xico, el titular de la Secretar\u00eda de Turismo (Sectur), indic\u00f3 que las artesan\u00edas son un simbolismo cultural de identidad, piezas \u00fanicas e irrepetibles que no pueden igualarse unas con otras; de ah\u00ed su importancia y valor tan especial.<br \/>\n\u201cEl oficio artesanal es uno de los m\u00e1s antiguos de la humanidad, y sin duda, la diversidad de<img decoding=\"async\" class=\"size-medium wp-image-406983 alignright\" src=\"https:\/\/dimensionturistica.com\/es\/wp-content\/uploads\/2022\/10\/Feria-Internacional-de-Artesanias-Las-manos-del-mundo-2-300x225.jpeg\" alt=\"\" width=\"300\" height=\"225\" srcset=\"https:\/\/dimensionturistica.com\/es\/wp-content\/uploads\/2022\/10\/Feria-Internacional-de-Artesanias-Las-manos-del-mundo-2-300x225.jpeg 300w, https:\/\/dimensionturistica.com\/es\/wp-content\/uploads\/2022\/10\/Feria-Internacional-de-Artesanias-Las-manos-del-mundo-2-1024x768.jpeg 1024w, https:\/\/dimensionturistica.com\/es\/wp-content\/uploads\/2022\/10\/Feria-Internacional-de-Artesanias-Las-manos-del-mundo-2-768x576.jpeg 768w, https:\/\/dimensionturistica.com\/es\/wp-content\/uploads\/2022\/10\/Feria-Internacional-de-Artesanias-Las-manos-del-mundo-2-1536x1152.jpeg 1536w, https:\/\/dimensionturistica.com\/es\/wp-content\/uploads\/2022\/10\/Feria-Internacional-de-Artesanias-Las-manos-del-mundo-2-750x563.jpeg 750w, https:\/\/dimensionturistica.com\/es\/wp-content\/uploads\/2022\/10\/Feria-Internacional-de-Artesanias-Las-manos-del-mundo-2-1140x855.jpeg 1140w, https:\/\/dimensionturistica.com\/es\/wp-content\/uploads\/2022\/10\/Feria-Internacional-de-Artesanias-Las-manos-del-mundo-2.jpeg 1600w\" sizes=\"(max-width: 300px) 100vw, 300px\" \/> culturas prehisp\u00e1nicas que posee nuestro pa\u00eds ha permitido la existencia de una gran variedad de artesan\u00edas distintivas de cada regi\u00f3n. Adem\u00e1s, la conquista espa\u00f1ola y el posterior mestizaje favorecieron la pluralidad de t\u00e9cnicas y dise\u00f1os\u201d, se\u00f1al\u00f3.<br \/>\nEn este sentido, puntualiz\u00f3 que las y los artesanos son los grandes protagonistas de esta noble labor, quienes con su creatividad, talento, sentimientos y emociones, dan vida a verdaderas \u201cjoyas\u201d artesanales a lo largo y ancho de nuestro territorio nacional. Son artistas, que tienen la misi\u00f3n de transmitir a sus generaciones venideras los conocimientos y t\u00e9cnicas para mantener viva nuestra cultura.<img decoding=\"async\" class=\"size-medium wp-image-406982 alignright\" src=\"https:\/\/dimensionturistica.com\/es\/wp-content\/uploads\/2022\/10\/Feria-Internacional-de-Artesanias-Las-manos-del-mundo-3-300x200.jpeg\" alt=\"\" width=\"300\" height=\"200\" srcset=\"https:\/\/dimensionturistica.com\/es\/wp-content\/uploads\/2022\/10\/Feria-Internacional-de-Artesanias-Las-manos-del-mundo-3-300x200.jpeg 300w, https:\/\/dimensionturistica.com\/es\/wp-content\/uploads\/2022\/10\/Feria-Internacional-de-Artesanias-Las-manos-del-mundo-3-1024x682.jpeg 1024w, https:\/\/dimensionturistica.com\/es\/wp-content\/uploads\/2022\/10\/Feria-Internacional-de-Artesanias-Las-manos-del-mundo-3-768x512.jpeg 768w, https:\/\/dimensionturistica.com\/es\/wp-content\/uploads\/2022\/10\/Feria-Internacional-de-Artesanias-Las-manos-del-mundo-3-1536x1023.jpeg 1536w, https:\/\/dimensionturistica.com\/es\/wp-content\/uploads\/2022\/10\/Feria-Internacional-de-Artesanias-Las-manos-del-mundo-3-750x500.jpeg 750w, https:\/\/dimensionturistica.com\/es\/wp-content\/uploads\/2022\/10\/Feria-Internacional-de-Artesanias-Las-manos-del-mundo-3-1140x760.jpeg 1140w, https:\/\/dimensionturistica.com\/es\/wp-content\/uploads\/2022\/10\/Feria-Internacional-de-Artesanias-Las-manos-del-mundo-3.jpeg 1600w\" sizes=\"(max-width: 300px) 100vw, 300px\" \/><br \/>\nTorruco Marqu\u00e9s subray\u00f3 que tal es la importancia del sector artesanal en nuestro pa\u00eds, que M\u00e9xico ocupa el tercer lugar en el mundo en la manufactura de estos productos, siendo el sustento de m\u00e1s de 8 millones de artesanos; y de acuerdo con informaci\u00f3n de la Cuenta Sat\u00e9lite del Turismo de M\u00e9xico, en la distribuci\u00f3n del peso tur\u00edstico, la compra de artesan\u00edas en 2019 represent\u00f3 el 11.4%.<br \/>\nAsimismo, la producci\u00f3n de artesan\u00edas en todo el pa\u00eds signific\u00f3 casi el 4.6% del PIB Tur\u00edstico, y exist\u00edan 21 mil 115 unidades econ\u00f3micas dedicadas a esta noble actividad, con un personal ocupado de 41 mil 289 personas, de las cuales 28% son mujeres y 72% hombres, coment\u00f3 el<img decoding=\"async\" class=\"size-medium wp-image-406981 alignright\" src=\"https:\/\/dimensionturistica.com\/es\/wp-content\/uploads\/2022\/10\/Feria-Internacional-de-Artesanias-Las-manos-del-mundo-4-300x200.jpeg\" alt=\"\" width=\"300\" height=\"200\" srcset=\"https:\/\/dimensionturistica.com\/es\/wp-content\/uploads\/2022\/10\/Feria-Internacional-de-Artesanias-Las-manos-del-mundo-4-300x200.jpeg 300w, https:\/\/dimensionturistica.com\/es\/wp-content\/uploads\/2022\/10\/Feria-Internacional-de-Artesanias-Las-manos-del-mundo-4-1024x682.jpeg 1024w, https:\/\/dimensionturistica.com\/es\/wp-content\/uploads\/2022\/10\/Feria-Internacional-de-Artesanias-Las-manos-del-mundo-4-768x512.jpeg 768w, https:\/\/dimensionturistica.com\/es\/wp-content\/uploads\/2022\/10\/Feria-Internacional-de-Artesanias-Las-manos-del-mundo-4-1536x1023.jpeg 1536w, https:\/\/dimensionturistica.com\/es\/wp-content\/uploads\/2022\/10\/Feria-Internacional-de-Artesanias-Las-manos-del-mundo-4-750x500.jpeg 750w, https:\/\/dimensionturistica.com\/es\/wp-content\/uploads\/2022\/10\/Feria-Internacional-de-Artesanias-Las-manos-del-mundo-4-1140x760.jpeg 1140w, https:\/\/dimensionturistica.com\/es\/wp-content\/uploads\/2022\/10\/Feria-Internacional-de-Artesanias-Las-manos-del-mundo-4.jpeg 1600w\" sizes=\"(max-width: 300px) 100vw, 300px\" \/> titular de Sectur.<br \/>\nSin embargo, precis\u00f3 que el personal ocupado podr\u00eda ser muy superior a lo se\u00f1alado, toda vez que existen muchas empresas familiares no registradas en los censos econ\u00f3micos.<br \/>\n\u201cSin duda, M\u00e9xico es una de las naciones con mayor riqueza cultural en el mundo, distingui\u00e9ndose por su gastronom\u00eda, festividades, costumbres, tradiciones, folclor, arquitectura y artesan\u00edas, convirti\u00e9ndolo en una de las mejores naciones a visitar. Al cierre del 2021, seg\u00fan la Organizaci\u00f3n Mundial del Turismo, nos ubicamos de manera coyuntural en el segundo lugar, solo por abajo de Francia, y el noveno lugar en captaci\u00f3n de divisas\u201d, declar\u00f3.<br \/>\nEl secretario de Turismo felicit\u00f3 a Mar\u00eda del Socorro Oropeza Morales, directora general de \u201cLas manos del mundo\u201d, y a todos quienes forman parte de la Feria Internacional de Artesan\u00edas, que<img decoding=\"async\" class=\"size-medium wp-image-406980 alignright\" src=\"https:\/\/dimensionturistica.com\/es\/wp-content\/uploads\/2022\/10\/Feria-Internacional-de-Artesanias-Las-manos-del-mundo-5-300x200.jpeg\" alt=\"\" width=\"300\" height=\"200\" srcset=\"https:\/\/dimensionturistica.com\/es\/wp-content\/uploads\/2022\/10\/Feria-Internacional-de-Artesanias-Las-manos-del-mundo-5-300x200.jpeg 300w, https:\/\/dimensionturistica.com\/es\/wp-content\/uploads\/2022\/10\/Feria-Internacional-de-Artesanias-Las-manos-del-mundo-5-1024x682.jpeg 1024w, https:\/\/dimensionturistica.com\/es\/wp-content\/uploads\/2022\/10\/Feria-Internacional-de-Artesanias-Las-manos-del-mundo-5-768x512.jpeg 768w, https:\/\/dimensionturistica.com\/es\/wp-content\/uploads\/2022\/10\/Feria-Internacional-de-Artesanias-Las-manos-del-mundo-5-1536x1023.jpeg 1536w, https:\/\/dimensionturistica.com\/es\/wp-content\/uploads\/2022\/10\/Feria-Internacional-de-Artesanias-Las-manos-del-mundo-5-750x500.jpeg 750w, https:\/\/dimensionturistica.com\/es\/wp-content\/uploads\/2022\/10\/Feria-Internacional-de-Artesanias-Las-manos-del-mundo-5-1140x760.jpeg 1140w, https:\/\/dimensionturistica.com\/es\/wp-content\/uploads\/2022\/10\/Feria-Internacional-de-Artesanias-Las-manos-del-mundo-5.jpeg 1600w\" sizes=\"(max-width: 300px) 100vw, 300px\" \/>\u00a0del 14 al 16 de octubre, en el World Trade Center de la Ciudad de M\u00e9xico, al ser un importante espacio para la difusi\u00f3n, promoci\u00f3n y comercializaci\u00f3n de piezas artesanales creadas con el coraz\u00f3n de poco m\u00e1s de 5 mil artesanos provenientes de 23 entidades federativas del pa\u00eds.<br \/>\nAqu\u00ed se ofrecer\u00e1n artesan\u00edas mexicanas en sus diferentes t\u00e9cnicas, como alfarer\u00eda, cester\u00eda, textil y cer\u00e1mica, as\u00ed como productos agroalimentarios: dulces t\u00edpicos, miel, caf\u00e9, carne, semillas, mezcal y tequila, entre otros.<br \/>\n\u201cTambi\u00e9n encontraremos artesan\u00edas de otros pa\u00edses como objetos de madera, de Cuba; lana peruana; bisuter\u00eda turca-otomana, entre muchas otras. Adem\u00e1s, se llevar\u00e1n a cabo actividades culturales, teniendo como invitado especial a la Rep\u00fablica de Ghana\u201d, afirm\u00f3.<br \/>\nEl secretario de Turismo enfatiz\u00f3 la premisa del presidente Andr\u00e9s Manuel L\u00f3pez Obrador, de hacer del turismo una herramienta de reconciliaci\u00f3n social, raz\u00f3n por la cual nos hemos abocado a la pr\u00e1ctica de un turismo que promueva y fomente los aspectos m\u00e1s \u00edntimos y representativos<img decoding=\"async\" class=\"size-medium wp-image-406979 alignright\" src=\"https:\/\/dimensionturistica.com\/es\/wp-content\/uploads\/2022\/10\/Feria-Internacional-de-Artesanias-Las-manos-del-mundo-6-300x200.jpeg\" alt=\"\" width=\"300\" height=\"200\" srcset=\"https:\/\/dimensionturistica.com\/es\/wp-content\/uploads\/2022\/10\/Feria-Internacional-de-Artesanias-Las-manos-del-mundo-6-300x200.jpeg 300w, https:\/\/dimensionturistica.com\/es\/wp-content\/uploads\/2022\/10\/Feria-Internacional-de-Artesanias-Las-manos-del-mundo-6-1024x682.jpeg 1024w, https:\/\/dimensionturistica.com\/es\/wp-content\/uploads\/2022\/10\/Feria-Internacional-de-Artesanias-Las-manos-del-mundo-6-768x512.jpeg 768w, https:\/\/dimensionturistica.com\/es\/wp-content\/uploads\/2022\/10\/Feria-Internacional-de-Artesanias-Las-manos-del-mundo-6-1536x1023.jpeg 1536w, https:\/\/dimensionturistica.com\/es\/wp-content\/uploads\/2022\/10\/Feria-Internacional-de-Artesanias-Las-manos-del-mundo-6-750x500.jpeg 750w, https:\/\/dimensionturistica.com\/es\/wp-content\/uploads\/2022\/10\/Feria-Internacional-de-Artesanias-Las-manos-del-mundo-6-1140x760.jpeg 1140w, https:\/\/dimensionturistica.com\/es\/wp-content\/uploads\/2022\/10\/Feria-Internacional-de-Artesanias-Las-manos-del-mundo-6.jpeg 1600w\" sizes=\"(max-width: 300px) 100vw, 300px\" \/> de nuestra cultura, y la actividad artesanal, como pieza clave en el rescate de la tradici\u00f3n e identidad de nuestra naci\u00f3n.<br \/>\n\u201cDesde la Secretar\u00eda de Turismo a mi cargo, contribuimos a la preservaci\u00f3n del sector artesanal, porque estamos conscientes que detr\u00e1s de cada artesan\u00eda est\u00e1 una familia mexicana y, por supuesto, la imagen de M\u00e9xico en el mundo\u201d, afirm\u00f3.<br \/>\nAgreg\u00f3 que como parte de esta tarea, el 3 de marzo del 2021 se firm\u00f3 un convenio de colaboraci\u00f3n con el Fondo Nacional para el Fomento de las Artesan\u00edas (FONART), \u00f3rgano desconcentrado de la Secretar\u00eda de Cultura, encabezada por Alejandra Frausto, para impulsar el trabajo de nuestros artesanos, con acciones como el desarrollo de corredores artesanales en los diferentes destinos tur\u00edsticos del pa\u00eds y el fomento a la capacitaci\u00f3n, a fin de obtener el distintivo de calidad \u201cModerniza artesanal\u201d, que una vez que est\u00e9 listo, ser\u00e1 otorgado de manera gratuita a los talleres dedicados a esta ancestral actividad.<img decoding=\"async\" class=\"size-medium wp-image-406974 alignright\" src=\"https:\/\/dimensionturistica.com\/es\/wp-content\/uploads\/2022\/10\/Feria-Internacional-de-Artesanias-Las-manos-del-mundo-8-300x225.jpeg\" alt=\"\" width=\"300\" height=\"225\" srcset=\"https:\/\/dimensionturistica.com\/es\/wp-content\/uploads\/2022\/10\/Feria-Internacional-de-Artesanias-Las-manos-del-mundo-8-300x225.jpeg 300w, https:\/\/dimensionturistica.com\/es\/wp-content\/uploads\/2022\/10\/Feria-Internacional-de-Artesanias-Las-manos-del-mundo-8-1024x768.jpeg 1024w, https:\/\/dimensionturistica.com\/es\/wp-content\/uploads\/2022\/10\/Feria-Internacional-de-Artesanias-Las-manos-del-mundo-8-768x576.jpeg 768w, https:\/\/dimensionturistica.com\/es\/wp-content\/uploads\/2022\/10\/Feria-Internacional-de-Artesanias-Las-manos-del-mundo-8-1536x1152.jpeg 1536w, https:\/\/dimensionturistica.com\/es\/wp-content\/uploads\/2022\/10\/Feria-Internacional-de-Artesanias-Las-manos-del-mundo-8-750x563.jpeg 750w, https:\/\/dimensionturistica.com\/es\/wp-content\/uploads\/2022\/10\/Feria-Internacional-de-Artesanias-Las-manos-del-mundo-8-1140x855.jpeg 1140w, https:\/\/dimensionturistica.com\/es\/wp-content\/uploads\/2022\/10\/Feria-Internacional-de-Artesanias-Las-manos-del-mundo-8.jpeg 1600w\" sizes=\"(max-width: 300px) 100vw, 300px\" \/><br \/>\nA su vez, a trav\u00e9s de \u201cPunto M\u00e9xico\u201d, situado en la planta baja del edifico de Sectur, se brinda un espacio para la promoci\u00f3n y comercializaci\u00f3n de su tradicional arte.<br \/>\nEl secretario de Turismo invit\u00f3 a reconocer el trabajo artesanal mediante la adquisici\u00f3n, sin regatear, de artesan\u00edas mexicanas. \u201cAs\u00ed ayudamos a la reactivaci\u00f3n de la econom\u00eda local y a la preservaci\u00f3n de los procesos y t\u00e9cnicas de elaboraci\u00f3n. Como siempre he dicho, con una artesan\u00eda que compremos, le hacemos el d\u00eda a una familia mexicana\u201d, refiri\u00f3.<br \/>\nTorruco Marqu\u00e9s a\u00f1adi\u00f3 algunas acciones de promoci\u00f3n que se llevan a cabo, y que son importantes escaparates para que los artesanos puedan ofertar y promover sus productos, como lo fue el Tianguis de Pueblos M\u00e1gicos, que concluy\u00f3 este 14 de octubre en la ciudad de Oaxaca, el cual cont\u00f3 con un pabell\u00f3n para citas de negocios, uno gastron\u00f3mico, pero sobre todo, una gran \u00e1rea de exposici\u00f3n de artesan\u00edas, adem\u00e1s de representaciones art\u00edsticas, en donde destac\u00f3 la<img decoding=\"async\" class=\"size-medium wp-image-406973 alignright\" src=\"https:\/\/dimensionturistica.com\/es\/wp-content\/uploads\/2022\/10\/Feria-Internacional-de-Artesanias-Las-manos-del-mundo-12-300x200.jpeg\" alt=\"\" width=\"300\" height=\"200\" srcset=\"https:\/\/dimensionturistica.com\/es\/wp-content\/uploads\/2022\/10\/Feria-Internacional-de-Artesanias-Las-manos-del-mundo-12-300x200.jpeg 300w, https:\/\/dimensionturistica.com\/es\/wp-content\/uploads\/2022\/10\/Feria-Internacional-de-Artesanias-Las-manos-del-mundo-12-1024x682.jpeg 1024w, https:\/\/dimensionturistica.com\/es\/wp-content\/uploads\/2022\/10\/Feria-Internacional-de-Artesanias-Las-manos-del-mundo-12-768x512.jpeg 768w, https:\/\/dimensionturistica.com\/es\/wp-content\/uploads\/2022\/10\/Feria-Internacional-de-Artesanias-Las-manos-del-mundo-12-1536x1023.jpeg 1536w, https:\/\/dimensionturistica.com\/es\/wp-content\/uploads\/2022\/10\/Feria-Internacional-de-Artesanias-Las-manos-del-mundo-12-750x500.jpeg 750w, https:\/\/dimensionturistica.com\/es\/wp-content\/uploads\/2022\/10\/Feria-Internacional-de-Artesanias-Las-manos-del-mundo-12-1140x760.jpeg 1140w, https:\/\/dimensionturistica.com\/es\/wp-content\/uploads\/2022\/10\/Feria-Internacional-de-Artesanias-Las-manos-del-mundo-12.jpeg 1600w\" sizes=\"(max-width: 300px) 100vw, 300px\" \/> participaci\u00f3n de Lorenzo Negrete, el nieto del gran Jorge Negrete; as\u00ed como el Tianguis Internacional de Pueblos M\u00e1gicos a realizarse en agosto del pr\u00f3ximo a\u00f1o en Los \u00c1ngeles, California; y la 47 edici\u00f3n del Tianguis Tur\u00edstico M\u00e9xico, que se efectuar\u00e1 del 26 al 29 de marzo del 2023 en la Ciudad de M\u00e9xico.<br \/>\nPor su parte, Mar\u00eda del Socorro Oropeza Morales, directora general de \u201cLas manos del mundo\u201d, agradeci\u00f3 la presencia del secretario Miguel Torruco Marqu\u00e9s, y destac\u00f3 que es la primera vez que un secretario de Turismo acude a inaugurar este importante evento.<br \/>\nAsegur\u00f3 que los artesanos son los verdaderos emprendedores y creadores de empleos, y enfatiz\u00f3 que esta feria, de la cual no se esperaban muchas ediciones, hoy llega a la n\u00famero 19 bien consolidada<br \/>\nEn el evento tambi\u00e9n se cont\u00f3 con la presencia de representantes de Colombia, Argentina, Jamaica, Turqu\u00eda, entre otros.<\/p>\n<p>&nbsp;<\/p>\n","protected":false},"excerpt":{"rendered":"<p>El secretario de Turismo del Gobierno de M\u00e9xico, Miguel Torruco Marqu\u00e9s, destac\u00f3 que las artesan\u00edas son un importante motivador de viaje, as\u00ed como un incentivador de gasto, lo cual es factor fundamental en la potencialidad tur\u00edstica de una naci\u00f3n. Al inaugurar la 19 edici\u00f3n de la Feria Internacional de Artesan\u00edas \u201cLas manos del mundo\u201d, organizada [&hellip;]<\/p>\n","protected":false},"author":1,"featured_media":406978,"comment_status":"open","ping_status":"closed","sticky":false,"template":"","format":"standard","meta":{"om_disable_all_campaigns":false,"jnews-multi-image_gallery":[],"jnews_single_post":{"source_name":"","source_url":"","via_name":"","via_url":"","override_template":"0","override":[{"template":"1","single_blog_custom":"","parallax":"1","fullscreen":"1","layout":"right-sidebar","sidebar":"default-sidebar","second_sidebar":"default-sidebar","sticky_sidebar":"1","share_position":"top","share_float_style":"share-monocrhome","show_share_counter":"1","show_view_counter":"1","show_featured":"1","show_post_meta":"1","show_post_author":"1","show_post_author_image":"1","show_post_date":"1","post_date_format":"default","post_date_format_custom":"Y\/m\/d","show_post_category":"1","show_post_reading_time":"0","post_reading_time_wpm":"300","show_zoom_button":"0","zoom_button_out_step":"2","zoom_button_in_step":"3","show_post_tag":"1","show_prev_next_post":"1","show_popup_post":"1","number_popup_post":"1","show_author_box":"0","show_post_related":"0","show_inline_post_related":"0"}],"override_image_size":"0","image_override":[{"single_post_thumbnail_size":"crop-500","single_post_gallery_size":"crop-500"}],"trending_post":"0","trending_post_position":"meta","trending_post_label":"Trending","sponsored_post":"0","sponsored_post_label":"Sponsored by","sponsored_post_name":"","sponsored_post_url":"","sponsored_post_logo_enable":"0","sponsored_post_logo":"","sponsored_post_desc":"","disable_ad":"0"},"jnews_primary_category":{"id":"","hide":""},"jnews_social_meta":{"fb_title":"","fb_description":"","fb_image":"","twitter_title":"","twitter_description":"","twitter_image":""},"footnotes":""},"categories":[39],"tags":[],"class_list":["post-406970","post","type-post","status-publish","format-standard","has-post-thumbnail","hentry","category-viajes"],"_links":{"self":[{"href":"https:\/\/dimensionturistica.com\/es\/wp-json\/wp\/v2\/posts\/406970","targetHints":{"allow":["GET"]}}],"collection":[{"href":"https:\/\/dimensionturistica.com\/es\/wp-json\/wp\/v2\/posts"}],"about":[{"href":"https:\/\/dimensionturistica.com\/es\/wp-json\/wp\/v2\/types\/post"}],"author":[{"embeddable":true,"href":"https:\/\/dimensionturistica.com\/es\/wp-json\/wp\/v2\/users\/1"}],"replies":[{"embeddable":true,"href":"https:\/\/dimensionturistica.com\/es\/wp-json\/wp\/v2\/comments?post=406970"}],"version-history":[{"count":0,"href":"https:\/\/dimensionturistica.com\/es\/wp-json\/wp\/v2\/posts\/406970\/revisions"}],"wp:featuredmedia":[{"embeddable":true,"href":"https:\/\/dimensionturistica.com\/es\/wp-json\/wp\/v2\/media\/406978"}],"wp:attachment":[{"href":"https:\/\/dimensionturistica.com\/es\/wp-json\/wp\/v2\/media?parent=406970"}],"wp:term":[{"taxonomy":"category","embeddable":true,"href":"https:\/\/dimensionturistica.com\/es\/wp-json\/wp\/v2\/categories?post=406970"},{"taxonomy":"post_tag","embeddable":true,"href":"https:\/\/dimensionturistica.com\/es\/wp-json\/wp\/v2\/tags?post=406970"}],"curies":[{"name":"wp","href":"https:\/\/api.w.org\/{rel}","templated":true}]}}