{"id":406920,"date":"2022-10-17T18:42:06","date_gmt":"2022-10-17T18:42:06","guid":{"rendered":"https:\/\/dimensionturistica.com\/es\/?p=406920"},"modified":"2022-10-17T18:42:06","modified_gmt":"2022-10-17T18:42:06","slug":"crecen-un-50-las-busquedas-para-viajar-en-temporada-de-dia-de-muertos-y-fin-de-ano","status":"publish","type":"post","link":"https:\/\/dimensionturistica.com\/es\/crecen-un-50-las-busquedas-para-viajar-en-temporada-de-dia-de-muertos-y-fin-de-ano\/","title":{"rendered":"Crecen un 50% las b\u00fasquedas para viajar en temporada de \u201cD\u00eda de muertos\u201d y Fin de A\u00f1o"},"content":{"rendered":"<p>El Outlet Viaja y Vuela es un evento que se ha posicionado en la mente de viajeros de la CDMX a trav\u00e9s de los a\u00f1os y es por esta raz\u00f3n por la que Best Day participa activamente en este formato de ventas que, en su versi\u00f3n de oto\u00f1o, se llev\u00f3 a cabo el pasado fin de semana.<br \/>\n\u201cBest Day entiende las necesidades de sus viajeros, por lo que extendimos las excelentes promociones que ofrecimos en el outlet a nuestro portal y a las m\u00e1s de 100 islas de venta que tenemos en centros comerciales de las principales ciudades. Estamos muy felices con el resultado, las b\u00fasquedas se incrementaron un 50% respecto al \u00faltimo outlet para viajes durante los d\u00edas de celebraci\u00f3n a los muertos y para las vacaciones de navidad y a\u00f1o nuevo\u201d, mencion\u00f3 Santiago<img decoding=\"async\" class=\"size-medium wp-image-406922 alignright\" src=\"https:\/\/dimensionturistica.com\/es\/wp-content\/uploads\/2022\/10\/6155cf67-7dd5-44d8-815e-b249424acafa-300x200.jpg\" alt=\"\" width=\"300\" height=\"200\" srcset=\"https:\/\/dimensionturistica.com\/es\/wp-content\/uploads\/2022\/10\/6155cf67-7dd5-44d8-815e-b249424acafa-300x200.jpg 300w, https:\/\/dimensionturistica.com\/es\/wp-content\/uploads\/2022\/10\/6155cf67-7dd5-44d8-815e-b249424acafa-1024x682.jpg 1024w, https:\/\/dimensionturistica.com\/es\/wp-content\/uploads\/2022\/10\/6155cf67-7dd5-44d8-815e-b249424acafa-768x512.jpg 768w, https:\/\/dimensionturistica.com\/es\/wp-content\/uploads\/2022\/10\/6155cf67-7dd5-44d8-815e-b249424acafa-750x500.jpg 750w, https:\/\/dimensionturistica.com\/es\/wp-content\/uploads\/2022\/10\/6155cf67-7dd5-44d8-815e-b249424acafa-1140x760.jpg 1140w, https:\/\/dimensionturistica.com\/es\/wp-content\/uploads\/2022\/10\/6155cf67-7dd5-44d8-815e-b249424acafa.jpg 1280w\" sizes=\"(max-width: 300px) 100vw, 300px\" \/> Elijovich, Vicepresidente de Best Day.<br \/>\nAl evento de la CDMX asistieron alrededor de 11,300 personas durante los 2 d\u00edas y se calcula que m\u00e1s del 60% compraron alg\u00fan tipo de viaje. En el caso de Best Day los destinos favoritos fueron Canc\u00fan, Riviera Maya y Playa del Carmen y, en esta ocasi\u00f3n, destac\u00f3 Huatulco como el destino favorito en el Pac\u00edfico mexicano.<br \/>\nLas compras fueron para grupos mayores a 3 personas y las estad\u00edas promedio de 4 noches<br \/>\nComo una atractiva estrategia Best Day implement\u00f3, para el p\u00fablico que prefiri\u00f3 su experiencia en viajes, la opci\u00f3n de cotizar con alguno de 25 asesores mientras esperaba en la fila antes de llegar a alguno de los 15 m\u00f3dulos de atenci\u00f3n que se encontraban en el stand.<\/p>\n","protected":false},"excerpt":{"rendered":"<p>El Outlet Viaja y Vuela es un evento que se ha posicionado en la mente de viajeros de la CDMX a trav\u00e9s de los a\u00f1os y es por esta raz\u00f3n por la que Best Day participa activamente en este formato de ventas que, en su versi\u00f3n de oto\u00f1o, se llev\u00f3 a cabo el pasado fin [&hellip;]<\/p>\n","protected":false},"author":1,"featured_media":406921,"comment_status":"open","ping_status":"closed","sticky":false,"template":"","format":"standard","meta":{"om_disable_all_campaigns":false,"jnews-multi-image_gallery":[],"jnews_single_post":{"source_name":"","source_url":"","via_name":"","via_url":"","override_template":"0","override":[{"template":"1","single_blog_custom":"","parallax":"1","fullscreen":"1","layout":"right-sidebar","sidebar":"default-sidebar","second_sidebar":"default-sidebar","sticky_sidebar":"1","share_position":"top","share_float_style":"share-monocrhome","show_share_counter":"1","show_view_counter":"1","show_featured":"1","show_post_meta":"1","show_post_author":"1","show_post_author_image":"1","show_post_date":"1","post_date_format":"default","post_date_format_custom":"Y\/m\/d","show_post_category":"1","show_post_reading_time":"0","post_reading_time_wpm":"300","show_zoom_button":"0","zoom_button_out_step":"2","zoom_button_in_step":"3","show_post_tag":"1","show_prev_next_post":"1","show_popup_post":"1","number_popup_post":"1","show_author_box":"0","show_post_related":"0","show_inline_post_related":"0"}],"override_image_size":"0","image_override":[{"single_post_thumbnail_size":"crop-500","single_post_gallery_size":"crop-500"}],"trending_post":"0","trending_post_position":"meta","trending_post_label":"Trending","sponsored_post":"0","sponsored_post_label":"Sponsored by","sponsored_post_name":"","sponsored_post_url":"","sponsored_post_logo_enable":"0","sponsored_post_logo":"","sponsored_post_desc":"","disable_ad":"0"},"jnews_primary_category":{"id":"","hide":""},"jnews_social_meta":{"fb_title":"","fb_description":"","fb_image":"","twitter_title":"","twitter_description":"","twitter_image":""},"footnotes":""},"categories":[39],"tags":[],"class_list":["post-406920","post","type-post","status-publish","format-standard","has-post-thumbnail","hentry","category-viajes"],"_links":{"self":[{"href":"https:\/\/dimensionturistica.com\/es\/wp-json\/wp\/v2\/posts\/406920","targetHints":{"allow":["GET"]}}],"collection":[{"href":"https:\/\/dimensionturistica.com\/es\/wp-json\/wp\/v2\/posts"}],"about":[{"href":"https:\/\/dimensionturistica.com\/es\/wp-json\/wp\/v2\/types\/post"}],"author":[{"embeddable":true,"href":"https:\/\/dimensionturistica.com\/es\/wp-json\/wp\/v2\/users\/1"}],"replies":[{"embeddable":true,"href":"https:\/\/dimensionturistica.com\/es\/wp-json\/wp\/v2\/comments?post=406920"}],"version-history":[{"count":0,"href":"https:\/\/dimensionturistica.com\/es\/wp-json\/wp\/v2\/posts\/406920\/revisions"}],"wp:featuredmedia":[{"embeddable":true,"href":"https:\/\/dimensionturistica.com\/es\/wp-json\/wp\/v2\/media\/406921"}],"wp:attachment":[{"href":"https:\/\/dimensionturistica.com\/es\/wp-json\/wp\/v2\/media?parent=406920"}],"wp:term":[{"taxonomy":"category","embeddable":true,"href":"https:\/\/dimensionturistica.com\/es\/wp-json\/wp\/v2\/categories?post=406920"},{"taxonomy":"post_tag","embeddable":true,"href":"https:\/\/dimensionturistica.com\/es\/wp-json\/wp\/v2\/tags?post=406920"}],"curies":[{"name":"wp","href":"https:\/\/api.w.org\/{rel}","templated":true}]}}