{"id":406847,"date":"2022-10-17T17:50:49","date_gmt":"2022-10-17T17:50:49","guid":{"rendered":"https:\/\/dimensionturistica.com\/es\/?p=406847"},"modified":"2022-10-17T17:50:49","modified_gmt":"2022-10-17T17:50:49","slug":"los-cabos-destino-lider-en-la-industria-de-reuniones-durante-imex-america-2022","status":"publish","type":"post","link":"https:\/\/dimensionturistica.com\/es\/los-cabos-destino-lider-en-la-industria-de-reuniones-durante-imex-america-2022\/","title":{"rendered":"Los Cabos, destino l\u00edder en la Industria de Reuniones durante IMEX America 2022"},"content":{"rendered":"<p>Los Cabos culmina de manera exitosa su participaci\u00f3n en IMEX America 2022, evento celebrado<img decoding=\"async\" class=\"size-medium wp-image-406856 alignright\" src=\"https:\/\/dimensionturistica.com\/es\/wp-content\/uploads\/2022\/10\/th-6-300x253.jpg\" alt=\"\" width=\"300\" height=\"253\" srcset=\"https:\/\/dimensionturistica.com\/es\/wp-content\/uploads\/2022\/10\/th-6-300x253.jpg 300w, https:\/\/dimensionturistica.com\/es\/wp-content\/uploads\/2022\/10\/th-6.jpg 474w\" sizes=\"(max-width: 300px) 100vw, 300px\" \/> del 11 al 13 de octubre en Las Vegas, Nevada, consolid\u00e1ndose y refrendando su posici\u00f3n como destino l\u00edder en la industria de Reuniones, gracias a su inter\u00e9s y participaci\u00f3n activa en el desarrollo de la Industria.<br \/>\nLa edici\u00f3n 2022 de IMEX Am\u00e9rica tuvo como eje rector la implementaci\u00f3n de mejores practicas que permitan optimizar la manera de trabajar y responder a las nuevas realidades de la industria de reuniones. En este sentido, El pabell\u00f3n de Los Cabos a trav\u00e9s de una delegaci\u00f3n compuesta por 30 socios que forman parte del Fideicomiso Privado para la Promoci\u00f3n Turistica de Los Cabos (FIPROTUR) el cual participaron, 17 hoteles, 9 DMC\u2019s y 4 compa\u00f1\u00edas de actividades tur\u00edsticas.<img decoding=\"async\" class=\"size-medium wp-image-406855 alignright\" src=\"https:\/\/dimensionturistica.com\/es\/wp-content\/uploads\/2022\/10\/unnamed-20-300x200.jpg\" alt=\"\" width=\"300\" height=\"200\" srcset=\"https:\/\/dimensionturistica.com\/es\/wp-content\/uploads\/2022\/10\/unnamed-20-300x200.jpg 300w, https:\/\/dimensionturistica.com\/es\/wp-content\/uploads\/2022\/10\/unnamed-20-1024x681.jpg 1024w, https:\/\/dimensionturistica.com\/es\/wp-content\/uploads\/2022\/10\/unnamed-20-768x511.jpg 768w, https:\/\/dimensionturistica.com\/es\/wp-content\/uploads\/2022\/10\/unnamed-20-1536x1022.jpg 1536w, https:\/\/dimensionturistica.com\/es\/wp-content\/uploads\/2022\/10\/unnamed-20-750x499.jpg 750w, https:\/\/dimensionturistica.com\/es\/wp-content\/uploads\/2022\/10\/unnamed-20-1140x759.jpg 1140w, https:\/\/dimensionturistica.com\/es\/wp-content\/uploads\/2022\/10\/unnamed-20.jpg 1775w\" sizes=\"(max-width: 300px) 100vw, 300px\" \/><br \/>\n\u201cPara Los Cabos, la industria de Reuniones representa un importante motor para el desarrollo del destino representa el 6.8% del PIB estatal y participar en IMEX America, nos brinda la oportunidad de impulsar el crecimiento y consolidar el posicionamiento del destino como un referente internacional que va a la vanguardia y ofrece las condiciones e infraestructura necesarias para responder a las necesidades de los profesionales y garantizar con un alto est\u00e1ndar de atenci\u00f3n\u201d, coment\u00f3 Rodrigo Esponda, director general del Fideicomiso de Turismo de Los Cabos.<br \/>\nDurante est\u00e1 edici\u00f3n, La delegaci\u00f3n de Los Cabos sostuvo m\u00e1s de 600 reuniones con organizadores de congresos, mismas que han derivado en propuestas de negocio para el destino. Adem\u00e1s, El Fideicomiso de Turismo de Los Cabos realiz\u00f3 14 presentaciones grupales y 32 reuniones individuales con cuentas clave de la industria de reuniones donde se destacaron las oportunidades y facilidades para la organizaci\u00f3n de eventos de clase internacional en el destino,<img decoding=\"async\" class=\"size-medium wp-image-406857 alignright\" src=\"https:\/\/dimensionturistica.com\/es\/wp-content\/uploads\/2022\/10\/462642-300x200.jpg\" alt=\"\" width=\"300\" height=\"200\" srcset=\"https:\/\/dimensionturistica.com\/es\/wp-content\/uploads\/2022\/10\/462642-300x200.jpg 300w, https:\/\/dimensionturistica.com\/es\/wp-content\/uploads\/2022\/10\/462642-1024x683.jpg 1024w, https:\/\/dimensionturistica.com\/es\/wp-content\/uploads\/2022\/10\/462642-768x512.jpg 768w, https:\/\/dimensionturistica.com\/es\/wp-content\/uploads\/2022\/10\/462642-750x500.jpg 750w, https:\/\/dimensionturistica.com\/es\/wp-content\/uploads\/2022\/10\/462642-1140x760.jpg 1140w, https:\/\/dimensionturistica.com\/es\/wp-content\/uploads\/2022\/10\/462642.jpg 1440w\" sizes=\"(max-width: 300px) 100vw, 300px\" \/> respaldado por un robusto portafolio de servicios y experiencias que responden a las tendencias de consumo de la industria. Adem\u00e1s, el destino en conjunto con el Meeting Professionals International (MPI), ofreci\u00f3 una comida para 200 planeadores de eventos en el Smart Monday de IMEX.<br \/>\nCabe destacar que en colaboraci\u00f3n con la Society for Incentive Travel Excellence (SITE), Los Cabos particip\u00f3 como patrocinador premium en el \u201cSITE NITE Foundation Event\u201d, evento dirigido a recaudar fondos para solventar las actividades de investigaci\u00f3n, educaci\u00f3n y realizaci\u00f3n de proyectos de incidencia en beneficio de la industria incentiva de viajes; as\u00ed como, encabezar una reuni\u00f3n con el Advisory Board de PCMA donde se comparti\u00f3 la actualidad del destino en materia de servicios, oferta tur\u00edstica e infraestructura, adem\u00e1s de las futuras estrategias del destino para el desarrollo de la Industria de Reuniones.<br \/>\nDurante el evento, se destac\u00f3 que el \u00e9xito e importancia de la indusria de Reuniones en Los Cabos se ve respaldado por la riqueza cultural, gastron\u00f3mica y tur\u00edstica, aunado a la conectividad a\u00e9rea con las principales ciudades del mundo, que en su conjunto ofrecen un robusto portafolio de servicios y experiencias de inter\u00e9s para el profesional dedicado a la organizaci\u00f3n de eventos, as\u00ed como, para el visitante que busca, adem\u00e1s de servicios que satisfagan sus necesidades, estancias c\u00f3modas, placenteras y \u00fanicas.<br \/>\nDesde su primera participaci\u00f3n en el evento, Los Cabos ha destacado como destino l\u00edder para la realizaci\u00f3n de reuniones de grupos, gracias a la amplia oferta en alojamientos, recintos y servicios de calidad internacional, que lo posicionan entre los profesionales como uno de los principales destinos en M\u00e9xico para su desarrollo.<\/p>\n","protected":false},"excerpt":{"rendered":"<p>Los Cabos culmina de manera exitosa su participaci\u00f3n en IMEX America 2022, evento celebrado del 11 al 13 de octubre en Las Vegas, Nevada, consolid\u00e1ndose y refrendando su posici\u00f3n como destino l\u00edder en la industria de Reuniones, gracias a su inter\u00e9s y participaci\u00f3n activa en el desarrollo de la Industria. La edici\u00f3n 2022 de IMEX [&hellip;]<\/p>\n","protected":false},"author":1,"featured_media":406858,"comment_status":"open","ping_status":"closed","sticky":false,"template":"","format":"standard","meta":{"om_disable_all_campaigns":false,"jnews-multi-image_gallery":[],"jnews_single_post":{"source_name":"","source_url":"","via_name":"","via_url":"","override_template":"0","override":[{"template":"1","single_blog_custom":"","parallax":"1","fullscreen":"1","layout":"right-sidebar","sidebar":"default-sidebar","second_sidebar":"default-sidebar","sticky_sidebar":"1","share_position":"top","share_float_style":"share-monocrhome","show_share_counter":"1","show_view_counter":"1","show_featured":"1","show_post_meta":"1","show_post_author":"1","show_post_author_image":"1","show_post_date":"1","post_date_format":"default","post_date_format_custom":"Y\/m\/d","show_post_category":"1","show_post_reading_time":"0","post_reading_time_wpm":"300","show_zoom_button":"0","zoom_button_out_step":"2","zoom_button_in_step":"3","show_post_tag":"1","show_prev_next_post":"1","show_popup_post":"1","number_popup_post":"1","show_author_box":"0","show_post_related":"0","show_inline_post_related":"0"}],"override_image_size":"0","image_override":[{"single_post_thumbnail_size":"crop-500","single_post_gallery_size":"crop-500"}],"trending_post":"0","trending_post_position":"meta","trending_post_label":"Trending","sponsored_post":"0","sponsored_post_label":"Sponsored by","sponsored_post_name":"","sponsored_post_url":"","sponsored_post_logo_enable":"0","sponsored_post_logo":"","sponsored_post_desc":"","disable_ad":"0"},"jnews_primary_category":{"id":"","hide":""},"jnews_social_meta":{"fb_title":"","fb_description":"","fb_image":"","twitter_title":"","twitter_description":"","twitter_image":""},"footnotes":""},"categories":[39],"tags":[],"class_list":["post-406847","post","type-post","status-publish","format-standard","has-post-thumbnail","hentry","category-viajes"],"_links":{"self":[{"href":"https:\/\/dimensionturistica.com\/es\/wp-json\/wp\/v2\/posts\/406847","targetHints":{"allow":["GET"]}}],"collection":[{"href":"https:\/\/dimensionturistica.com\/es\/wp-json\/wp\/v2\/posts"}],"about":[{"href":"https:\/\/dimensionturistica.com\/es\/wp-json\/wp\/v2\/types\/post"}],"author":[{"embeddable":true,"href":"https:\/\/dimensionturistica.com\/es\/wp-json\/wp\/v2\/users\/1"}],"replies":[{"embeddable":true,"href":"https:\/\/dimensionturistica.com\/es\/wp-json\/wp\/v2\/comments?post=406847"}],"version-history":[{"count":0,"href":"https:\/\/dimensionturistica.com\/es\/wp-json\/wp\/v2\/posts\/406847\/revisions"}],"wp:featuredmedia":[{"embeddable":true,"href":"https:\/\/dimensionturistica.com\/es\/wp-json\/wp\/v2\/media\/406858"}],"wp:attachment":[{"href":"https:\/\/dimensionturistica.com\/es\/wp-json\/wp\/v2\/media?parent=406847"}],"wp:term":[{"taxonomy":"category","embeddable":true,"href":"https:\/\/dimensionturistica.com\/es\/wp-json\/wp\/v2\/categories?post=406847"},{"taxonomy":"post_tag","embeddable":true,"href":"https:\/\/dimensionturistica.com\/es\/wp-json\/wp\/v2\/tags?post=406847"}],"curies":[{"name":"wp","href":"https:\/\/api.w.org\/{rel}","templated":true}]}}