{"id":406784,"date":"2022-10-17T16:43:24","date_gmt":"2022-10-17T16:43:24","guid":{"rendered":"https:\/\/dimensionturistica.com\/es\/?p=406784"},"modified":"2022-10-17T16:43:24","modified_gmt":"2022-10-17T16:43:24","slug":"unilever-y-save-the-children-firman-alianza-por-la-nutricion-en-mexico","status":"publish","type":"post","link":"https:\/\/dimensionturistica.com\/es\/unilever-y-save-the-children-firman-alianza-por-la-nutricion-en-mexico\/","title":{"rendered":"Unilever y Save the Children firman alianza por la nutrici\u00f3n en M\u00e9xico"},"content":{"rendered":"<p>La unidad de negocios Nutrition de Unilever, por medio de su marca con prop\u00f3sito Maizena, firm\u00f3 una alianza con Save the Children, con el objetivo de promover la importancia de los micronutrientes (vitaminas y minerales).<br \/>\nMediante videos din\u00e1micos y educativos dirigidos a docentes de educaci\u00f3n p\u00fablica de diferentes estados del pa\u00eds, Maizena reitera su compromiso por contribuir a un sistema alimentario m\u00e1s<img decoding=\"async\" class=\"size-medium wp-image-406789 alignright\" src=\"https:\/\/dimensionturistica.com\/es\/wp-content\/uploads\/2022\/10\/Alianza-Por-Una-Mejor-Nutricion-En-Me-300x173.jpg\" alt=\"\" width=\"300\" height=\"173\" srcset=\"https:\/\/dimensionturistica.com\/es\/wp-content\/uploads\/2022\/10\/Alianza-Por-Una-Mejor-Nutricion-En-Me-300x173.jpg 300w, https:\/\/dimensionturistica.com\/es\/wp-content\/uploads\/2022\/10\/Alianza-Por-Una-Mejor-Nutricion-En-Me.jpg 500w\" sizes=\"(max-width: 300px) 100vw, 300px\" \/> inclusivo, nutritivo y justo en M\u00e9xico, para promover -entre la sociedad educativa y los padres de familia- la importancia del consumo de alimentos ricos en vitaminas y minerales, los cuales contribuyen, mediante la fortificaci\u00f3n, a contrarrestar las problem\u00e1ticas de salud en M\u00e9xico.<br \/>\nAl respecto, Lourdes Casta\u00f1eda, directora general de Unilever M\u00e9xico y directora de Nutrition Latinoam\u00e9rica, se\u00f1al\u00f3: \u201cAgradecemos a Save the Children por este trabajo colaborativo, con el que buscamos unir fuerzas para tomar acci\u00f3n sobre la importancia de una alimentaci\u00f3n rica en nutrimentos a trav\u00e9s de materiales did\u00e1cticos impartidos a docentes, que tienen como objetivo transmitir esta informaci\u00f3n a ni\u00f1as, ni\u00f1os, padres y madres. Desde nuestra marca Maizena reafirmamos nuestro prop\u00f3sito de brindar a las familias mexicanas una nutrici\u00f3n accesible, con alimentos fortificados con vitaminas y minerales\u201d.<br \/>\nEn Nutriton Unilever queremos proveer herramientas para que ni\u00f1as, ni\u00f1os y j\u00f3venes conozcan la importancia de una alimentaci\u00f3n balanceada y rica en vitaminas y minerales, as\u00ed como lo vital que es adoptar h\u00e1bitos saludables.<br \/>\nY es que, las deficiencias en micronutrientes pueden impactar en la salud, desarrollando<img decoding=\"async\" class=\"size-medium wp-image-406785 alignright\" src=\"https:\/\/dimensionturistica.com\/es\/wp-content\/uploads\/2022\/10\/Alianza-Por-Una-Mejor-300x158.jpg\" alt=\"\" width=\"300\" height=\"158\" srcset=\"https:\/\/dimensionturistica.com\/es\/wp-content\/uploads\/2022\/10\/Alianza-Por-Una-Mejor-300x158.jpg 300w, https:\/\/dimensionturistica.com\/es\/wp-content\/uploads\/2022\/10\/Alianza-Por-Una-Mejor.jpg 500w\" sizes=\"(max-width: 300px) 100vw, 300px\" \/> trastornos de visi\u00f3n o de la piel, el deterioro del sistema inmunitario, anemia, disminuci\u00f3n del rendimiento acad\u00e9mico y deficiencias en el aprendizaje, y una mayor propensi\u00f3n a infecciones.<br \/>\nEn M\u00e9xico, de acuerdo con las \u00faltimas encuestas de salud, uno de cada tres ni\u00f1as o ni\u00f1os preescolares y uno de cada cuatro escolares, presentan al menos una deficiencia de micronutrimentos como hierro, zinc, vitamina A, vitamina B12 o vitamina D, las cuales son claves para el crecimiento, el desarrollo y la salud tanto de las y los ni\u00f1os menores de cinco a\u00f1os, como escolares y adolescentes.<br \/>\nLa llamada hambre oculta, que es la carencia de vitaminas y minerales, afecta el potencial f\u00edsico e intelectual de las personas y, cabe se\u00f1alar que esta situaci\u00f3n se acent\u00faa frente a las repercusiones de la reciente pandemia, fen\u00f3menos clim\u00e1ticos extremos, factores que tienen implicaciones en el acceso a dietas saludables con un adecuado aporte de nutrimentos.<br \/>\nPor su parte, Mar\u00eda Josefina Men\u00e9ndez, directora ejecutiva de Save the Children, comparti\u00f3: \u201cCon esta alianza, implementamos un programa educativo con 750 docentes para fortalecer conocimientos sobre alimentaci\u00f3n saludable y actividad f\u00edsica, as\u00ed como mejorar pr\u00e1cticas en el aula. De esta manera, impactamos positivamente m\u00e1s de 22,500 ni\u00f1os en contextos vulnerables, promoviendo estilos de vida saludables\u201d.<br \/>\nEsta alianza permitir\u00e1, desde el tema educativo, hacer conciencia de la importancia de una alimentaci\u00f3n adecuada y suficiente de los ni\u00f1os y adolescentes, ofreciendo informaci\u00f3n oportuna sobre la necesidad de consumir alimentos ricos en vitaminas y minerales.<br \/>\nDurante este evento, se firm\u00f3 de manera simb\u00f3lica la alianza entre Maizena y Save the Children que pretende mejorar el conocimiento y las pr\u00e1cticas de alimentaci\u00f3n de la comunidad educativa y la importancia del consumo de vitaminas y minerales.<\/p>\n<p>&nbsp;<\/p>\n","protected":false},"excerpt":{"rendered":"<p>La unidad de negocios Nutrition de Unilever, por medio de su marca con prop\u00f3sito Maizena, firm\u00f3 una alianza con Save the Children, con el objetivo de promover la importancia de los micronutrientes (vitaminas y minerales). Mediante videos din\u00e1micos y educativos dirigidos a docentes de educaci\u00f3n p\u00fablica de diferentes estados del pa\u00eds, Maizena reitera su compromiso [&hellip;]<\/p>\n","protected":false},"author":1,"featured_media":406790,"comment_status":"open","ping_status":"closed","sticky":false,"template":"","format":"standard","meta":{"om_disable_all_campaigns":false,"jnews-multi-image_gallery":[],"jnews_single_post":{"source_name":"","source_url":"","via_name":"","via_url":"","override_template":"0","override":[{"template":"1","single_blog_custom":"","parallax":"1","fullscreen":"1","layout":"right-sidebar","sidebar":"default-sidebar","second_sidebar":"default-sidebar","sticky_sidebar":"1","share_position":"top","share_float_style":"share-monocrhome","show_share_counter":"1","show_view_counter":"1","show_featured":"1","show_post_meta":"1","show_post_author":"1","show_post_author_image":"1","show_post_date":"1","post_date_format":"default","post_date_format_custom":"Y\/m\/d","show_post_category":"1","show_post_reading_time":"0","post_reading_time_wpm":"300","show_zoom_button":"0","zoom_button_out_step":"2","zoom_button_in_step":"3","show_post_tag":"1","show_prev_next_post":"1","show_popup_post":"1","number_popup_post":"1","show_author_box":"0","show_post_related":"0","show_inline_post_related":"0"}],"override_image_size":"0","image_override":[{"single_post_thumbnail_size":"crop-500","single_post_gallery_size":"crop-500"}],"trending_post":"0","trending_post_position":"meta","trending_post_label":"Trending","sponsored_post":"0","sponsored_post_label":"Sponsored by","sponsored_post_name":"","sponsored_post_url":"","sponsored_post_logo_enable":"0","sponsored_post_logo":"","sponsored_post_desc":"","disable_ad":"0"},"jnews_primary_category":{"id":"","hide":""},"jnews_social_meta":{"fb_title":"","fb_description":"","fb_image":"","twitter_title":"","twitter_description":"","twitter_image":""},"footnotes":""},"categories":[43],"tags":[],"class_list":["post-406784","post","type-post","status-publish","format-standard","has-post-thumbnail","hentry","category-gourmet"],"_links":{"self":[{"href":"https:\/\/dimensionturistica.com\/es\/wp-json\/wp\/v2\/posts\/406784","targetHints":{"allow":["GET"]}}],"collection":[{"href":"https:\/\/dimensionturistica.com\/es\/wp-json\/wp\/v2\/posts"}],"about":[{"href":"https:\/\/dimensionturistica.com\/es\/wp-json\/wp\/v2\/types\/post"}],"author":[{"embeddable":true,"href":"https:\/\/dimensionturistica.com\/es\/wp-json\/wp\/v2\/users\/1"}],"replies":[{"embeddable":true,"href":"https:\/\/dimensionturistica.com\/es\/wp-json\/wp\/v2\/comments?post=406784"}],"version-history":[{"count":0,"href":"https:\/\/dimensionturistica.com\/es\/wp-json\/wp\/v2\/posts\/406784\/revisions"}],"wp:featuredmedia":[{"embeddable":true,"href":"https:\/\/dimensionturistica.com\/es\/wp-json\/wp\/v2\/media\/406790"}],"wp:attachment":[{"href":"https:\/\/dimensionturistica.com\/es\/wp-json\/wp\/v2\/media?parent=406784"}],"wp:term":[{"taxonomy":"category","embeddable":true,"href":"https:\/\/dimensionturistica.com\/es\/wp-json\/wp\/v2\/categories?post=406784"},{"taxonomy":"post_tag","embeddable":true,"href":"https:\/\/dimensionturistica.com\/es\/wp-json\/wp\/v2\/tags?post=406784"}],"curies":[{"name":"wp","href":"https:\/\/api.w.org\/{rel}","templated":true}]}}