{"id":406621,"date":"2022-10-17T14:24:36","date_gmt":"2022-10-17T14:24:36","guid":{"rendered":"https:\/\/dimensionturistica.com\/es\/?p=406621"},"modified":"2022-10-17T14:24:36","modified_gmt":"2022-10-17T14:24:36","slug":"ninos-tienen-hasta-8-resfriados-al-ano-silanes-innova-con-farmaco-en-suspension-para-sintomas-de-ivr-en-infantes","status":"publish","type":"post","link":"https:\/\/dimensionturistica.com\/es\/ninos-tienen-hasta-8-resfriados-al-ano-silanes-innova-con-farmaco-en-suspension-para-sintomas-de-ivr-en-infantes\/","title":{"rendered":"Ni\u00f1os tienen hasta 8 resfriados al a\u00f1o; Silanes innova con f\u00e1rmaco en suspensi\u00f3n para s\u00edntomas de IVR en infantes"},"content":{"rendered":"<p>Debido a que la poblaci\u00f3n infantil llega a acumular alrededor de ocho resfriados al a\u00f1o[1], particularmente durante la temporada invernal, la farmac\u00e9utica mexicana Laboratorios Silanes<img decoding=\"async\" class=\"size-medium wp-image-406625 alignright\" src=\"https:\/\/dimensionturistica.com\/es\/wp-content\/uploads\/2022\/10\/RESPI2-300x181.jpg\" alt=\"\" width=\"300\" height=\"181\" srcset=\"https:\/\/dimensionturistica.com\/es\/wp-content\/uploads\/2022\/10\/RESPI2-300x181.jpg 300w, https:\/\/dimensionturistica.com\/es\/wp-content\/uploads\/2022\/10\/RESPI2.jpg 567w\" sizes=\"(max-width: 300px) 100vw, 300px\" \/> desarroll\u00f3 la primera combinaci\u00f3n en suspensi\u00f3n de ibuprofeno con paracetamol, de prescripci\u00f3n m\u00e9dica y en presentaci\u00f3n s\u00f3lido oral, \u00fanica en el mercado que, reduce dolor, fiebre e inflamaci\u00f3n, siendo estos los principales s\u00edntomas que caracterizan las Infecciones en V\u00edas Respiratorias (IVR).<br \/>\nLa innovaci\u00f3n de la terapia combinada de ibuprofeno \u2013 paracetamol destaca porque cient\u00edficos mexicanos lograron la presentaci\u00f3n l\u00edquida o en suspensi\u00f3n, indicada para la poblaci\u00f3n pedi\u00e1trica para una mayor adherencia al tratamiento, mientras que para adultos, dichas sales las concentraron en tabletas.<br \/>\n\u201cAnte la problem\u00e1tica de salud que representan distintas afecciones respiratorias y el compromiso que tenemos con la salud de la poblaci\u00f3n, nos sentimos orgullosos de decir que el enfoque de Investigaci\u00f3n y Desarrollo con el que operamos nos permite crear productos \u00fanicos para seguir haciendo salud bien hecha en M\u00e9xico. La innovaci\u00f3n es la ruta que decidimos tomar para trascender\u201d, detall\u00f3 Rafael Quintanilla, director farma y biol\u00f3gicos de Laboratorios Silanes.<br \/>\nPor su parte, la doctora Ruth Aldana, especialista en neumolog\u00eda pedi\u00e1trica y miembro de la Academia Mexicana de Pediatr\u00eda explic\u00f3 que \u201cen el 70% de los casos de infecciones en v\u00edas<img decoding=\"async\" class=\"size-medium wp-image-406626 alignright\" src=\"https:\/\/dimensionturistica.com\/es\/wp-content\/uploads\/2022\/10\/RESPI1-300x283.jpg\" alt=\"\" width=\"300\" height=\"283\" srcset=\"https:\/\/dimensionturistica.com\/es\/wp-content\/uploads\/2022\/10\/RESPI1-300x283.jpg 300w, https:\/\/dimensionturistica.com\/es\/wp-content\/uploads\/2022\/10\/RESPI1.jpg 567w\" sizes=\"(max-width: 300px) 100vw, 300px\" \/> respiratorias en infantes de dos a\u00f1os, los padres subestiman el cuadro sintom\u00e1tico de fiebre, dolor e inflamaci\u00f3n lo que ocasiona complicaciones que incluso pueden derivar en una neumon\u00eda\u201d.<br \/>\nCifras del Instituto Nacional de Estad\u00edstica y Geograf\u00eda (INEGI) reportaron que, en el 2021, la influenza y neumon\u00eda se ubicaron en la cuarta posici\u00f3n de las principales causas de muerte en personas menores de cinco a\u00f1os.[2]<br \/>\nEn cuanto a la poblaci\u00f3n que m\u00e1s se ve afectada por las complicaciones de las IVR, el doctor Alejandro Mac\u00edas, infect\u00f3logo y catedr\u00e1tico de la Universidad de Guanajuato hizo hincapi\u00e9 en que \u201clos ni\u00f1os peque\u00f1os, adultos mayores de 60 a\u00f1os, mujeres embarazadas, personas con problemas cr\u00f3nicos de salud (diabetes o problemas cardiovasculares), SIDA o bajas de defensas por alg\u00fan medicamento o con c\u00e1ncer y en quimioterapia, suelen complicarse m\u00e1s particularmente de coronavirus o influenza\u201d.<br \/>\nConforme se acerca la temporada invernal el cuadro de infecciones respiratorias toma fuerza, ya que son una de las principales causas de enfermedad y visitas m\u00e9dicas en M\u00e9xico (14 millones de casos al a\u00f1o).[3]<br \/>\nEn ese sentido, el doctor \u00c1ngelo Quiroz, gerente m\u00e9dico de Laboratorios Silanes coment\u00f3 que para finales de a\u00f1o e incluso parte del inicio del 2023 \u201cvemos una coexistencia de covid, influenza y otras enfermedades virales que cuentan con una sintomatolog\u00eda similar a la de covid e influenza\u201d.<br \/>\n\u201cAl revisar la semana 39 del Bolet\u00edn Epidemiol\u00f3gico Sistema Nacional de Vigilancia Epidemiol\u00f3gica Sistema \u00danico de Informaci\u00f3n, vemos que el acumulado de Infecciones Respiratorias Agudas del 2022 a nivel nacional es de 10,097,908 casos, de los cuales, 4,472,369 corresponden a hombres y 5,625, 539 mujeres.[4]<br \/>\n\u201cNo hay que subestimar que ya se acab\u00f3 la pandemia, tendremos una disminuci\u00f3n de los casos de covid y un aumento en los casos de influenza y coexistencia de ambos. Por ello, hay que prevalecer el lavado de manos, estornudo de etiqueta y acudir al m\u00e9dico ante cualquier cuadro de fiebre, dolor e inflamaci\u00f3n\u201d, concluy\u00f3 el doctor Quiroz.<\/p>\n<p>&nbsp;<\/p>\n","protected":false},"excerpt":{"rendered":"<p>Debido a que la poblaci\u00f3n infantil llega a acumular alrededor de ocho resfriados al a\u00f1o[1], particularmente durante la temporada invernal, la farmac\u00e9utica mexicana Laboratorios Silanes desarroll\u00f3 la primera combinaci\u00f3n en suspensi\u00f3n de ibuprofeno con paracetamol, de prescripci\u00f3n m\u00e9dica y en presentaci\u00f3n s\u00f3lido oral, \u00fanica en el mercado que, reduce dolor, fiebre e inflamaci\u00f3n, siendo estos [&hellip;]<\/p>\n","protected":false},"author":1,"featured_media":406627,"comment_status":"open","ping_status":"closed","sticky":false,"template":"","format":"standard","meta":{"om_disable_all_campaigns":false,"jnews-multi-image_gallery":[],"jnews_single_post":{"source_name":"","source_url":"","via_name":"","via_url":"","override_template":"0","override":[{"template":"1","single_blog_custom":"","parallax":"1","fullscreen":"1","layout":"right-sidebar","sidebar":"default-sidebar","second_sidebar":"default-sidebar","sticky_sidebar":"1","share_position":"top","share_float_style":"share-monocrhome","show_share_counter":"1","show_view_counter":"1","show_featured":"1","show_post_meta":"1","show_post_author":"1","show_post_author_image":"1","show_post_date":"1","post_date_format":"default","post_date_format_custom":"Y\/m\/d","show_post_category":"1","show_post_reading_time":"0","post_reading_time_wpm":"300","show_zoom_button":"0","zoom_button_out_step":"2","zoom_button_in_step":"3","show_post_tag":"1","show_prev_next_post":"1","show_popup_post":"1","number_popup_post":"1","show_author_box":"0","show_post_related":"0","show_inline_post_related":"0"}],"override_image_size":"0","image_override":[{"single_post_thumbnail_size":"crop-500","single_post_gallery_size":"crop-500"}],"trending_post":"0","trending_post_position":"meta","trending_post_label":"Trending","sponsored_post":"0","sponsored_post_label":"Sponsored by","sponsored_post_name":"","sponsored_post_url":"","sponsored_post_logo_enable":"0","sponsored_post_logo":"","sponsored_post_desc":"","disable_ad":"0"},"jnews_primary_category":{"id":"","hide":""},"jnews_social_meta":{"fb_title":"","fb_description":"","fb_image":"","twitter_title":"","twitter_description":"","twitter_image":""},"footnotes":""},"categories":[40],"tags":[],"class_list":["post-406621","post","type-post","status-publish","format-standard","has-post-thumbnail","hentry","category-industria"],"_links":{"self":[{"href":"https:\/\/dimensionturistica.com\/es\/wp-json\/wp\/v2\/posts\/406621","targetHints":{"allow":["GET"]}}],"collection":[{"href":"https:\/\/dimensionturistica.com\/es\/wp-json\/wp\/v2\/posts"}],"about":[{"href":"https:\/\/dimensionturistica.com\/es\/wp-json\/wp\/v2\/types\/post"}],"author":[{"embeddable":true,"href":"https:\/\/dimensionturistica.com\/es\/wp-json\/wp\/v2\/users\/1"}],"replies":[{"embeddable":true,"href":"https:\/\/dimensionturistica.com\/es\/wp-json\/wp\/v2\/comments?post=406621"}],"version-history":[{"count":0,"href":"https:\/\/dimensionturistica.com\/es\/wp-json\/wp\/v2\/posts\/406621\/revisions"}],"wp:featuredmedia":[{"embeddable":true,"href":"https:\/\/dimensionturistica.com\/es\/wp-json\/wp\/v2\/media\/406627"}],"wp:attachment":[{"href":"https:\/\/dimensionturistica.com\/es\/wp-json\/wp\/v2\/media?parent=406621"}],"wp:term":[{"taxonomy":"category","embeddable":true,"href":"https:\/\/dimensionturistica.com\/es\/wp-json\/wp\/v2\/categories?post=406621"},{"taxonomy":"post_tag","embeddable":true,"href":"https:\/\/dimensionturistica.com\/es\/wp-json\/wp\/v2\/tags?post=406621"}],"curies":[{"name":"wp","href":"https:\/\/api.w.org\/{rel}","templated":true}]}}